{"id":2618,"date":"2020-07-09T11:07:13","date_gmt":"2020-07-09T09:07:13","guid":{"rendered":"https:\/\/betarq.com\/betarq-ha-sido-seleccionada-para-los-premios-catalunya-construccion\/"},"modified":"2023-11-23T09:46:43","modified_gmt":"2023-11-23T08:46:43","slug":"catalonia-construction-awards-2020","status":"publish","type":"post","link":"https:\/\/betarq.com\/en\/catalonia-construction-awards-2020\/","title":{"rendered":"Catalonia Construction Awards 2020"},"content":{"rendered":"<p><img loading=\"lazy\" decoding=\"async\" class=\"aligncenter wp-image-2607 size-full\" src=\"https:\/\/betarq.com\/wp-content\/uploads\/2020\/07\/premis-20-16-9.png\" alt=\"\" width=\"399\" height=\"224\" srcset=\"https:\/\/betarq.com\/wp-content\/uploads\/2020\/07\/premis-20-16-9.png 399w, https:\/\/betarq.com\/wp-content\/uploads\/2020\/07\/premis-20-16-9-300x168.png 300w\" sizes=\"auto, (max-width: 399px) 100vw, 399px\" \/><\/p>\n<h2>Betarq has been selected for the Catalonia Construction Awards.<\/h2>\n<div class=\"date\">\n<p>The Jury of the Catalonia Construction Awards has decided the selected candidacies from which the finalists in each category will emerge. Betarq with the\u00a0<a href=\"https:\/\/betarq.com\/en\/proyecto\/equipamiento-sociocultural-alella\/\">Alella sociocultural centre<\/a>\u00a0is one of the candidates selected in the category of construction management.\u00a0<a href=\"https:\/\/www.apabcn.cat\/ca_es\/serveicolegiat\/actesiactivitats\/premis\/Pagines\/edicio-2020.aspx\">Here<\/a>\u00a0you can see the rest of the selected candidacies.<\/p>\n<p>In the last edition Betarq was already a finalist in the same category with the\u00a0<a href=\"https:\/\/betarq.com\/en\/proyecto\/instituto-investigacion-trias-y-pujol\/\">Center for Comparative Medicine Trias i Pujol<\/a>.<\/p>\n<p><strong>Socio-cultural equipment Alella<\/strong><\/p>\n<p>Designer: Pol Femenies Ure\u00f1a from FEM Arquitectura<\/p>\n<p>Description of the geometry of the building: The architecture of the equipment is based on the geometry of a module of 4.20m x 4.20m that rationalizes the structure and forms the roof, which is formed by prefabricated skylights of square plan. This module configures the structure of all the spaces of the lower floors: it is supported by the large-edged girders of the multipurpose room and fixes the position of the main girders of the house. From this modulation they establish the lights of the multipurpose room (14m) and the center (9.5m) and the width of the main atrium is formed. The beginning of the redesign is proposed in Santa Madrona Street, being the one with the straightest layout, leaving the fa\u00e7ade to this much more aligned to the road than the fa\u00e7ade in Santa Teresa Street, more set back as a result of the various expropriations of the land that was annexed to the house. This is how the geometry of the plant on the north front of the equipment is no longer so rigid, and responds not so much to the structural modulation as the gestures that imply the adaptation with the most immediate urban environment.<\/p>\n<p>Description of the volume: The project consists of PB 2PP, except in the points set by the planning of PB 1PP in the front on Santa Teresa Street, and the height of the floors is limited by the maximum regulating height (9.70m), and which is taken from the center of the main fa\u00e7ade of the building (north fa\u00e7ade). Above this we only find the facilities spaces and skylights. Being a building with two facades to two different streets, it is considered, the main front of the plot that of Santa Teresa and Can Patatina streets. It takes precisely the level of the Plaza de Can Patatines as the main level of access on the ground floor, being at the same level of the atrium of the multipurpose room and at the level of the cafeteria of the house, enabling a small outdoor terrace space for the summer months. The floors are 3.50m between finishes, leaving double height spaces in the multipurpose room and the house, apart from the atrium that has all the free height.<br \/>\nTo better integrate the large volume of the scenic box with Santa Madrona Street, it is removed at the second floor level to be the crowning of the fa\u00e7ade at the height of the easels of the neighboring multi-family homes. For the north fa\u00e7ade, the height helps to finish the party walls of these houses, which until now were naked and visible as a fa\u00e7ade of the public space, and when it reaches land a canopy builds an intermediate access space, standing at the height of the construction of Can Patatina, which remains.<\/p>\n<p>We show you some photographs taken during various phases of construction:<\/p>\n<\/div>\n<p>&nbsp;<\/p>\n<p><a href=\"http:\/\/betarq.com\/wp-content\/uploads\/2020\/07\/20170920_095639.jpg\"><img loading=\"lazy\" decoding=\"async\" class=\"aligncenter size-full wp-image-2613\" src=\"https:\/\/betarq.com\/wp-content\/uploads\/2020\/07\/15_06_800x584_Aerea-1.jpg\" alt=\"\" width=\"800\" height=\"584\" srcset=\"https:\/\/betarq.com\/wp-content\/uploads\/2020\/07\/15_06_800x584_Aerea-1.jpg 800w, https:\/\/betarq.com\/wp-content\/uploads\/2020\/07\/15_06_800x584_Aerea-1-300x219.jpg 300w, https:\/\/betarq.com\/wp-content\/uploads\/2020\/07\/15_06_800x584_Aerea-1-768x561.jpg 768w, https:\/\/betarq.com\/wp-content\/uploads\/2020\/07\/15_06_800x584_Aerea-1-500x365.jpg 500w\" sizes=\"auto, (max-width: 800px) 100vw, 800px\" \/><img loading=\"lazy\" decoding=\"async\" class=\"aligncenter size-full wp-image-2610\" src=\"https:\/\/betarq.com\/wp-content\/uploads\/2020\/07\/F011.jpg\" alt=\"\" width=\"800\" height=\"400\" srcset=\"https:\/\/betarq.com\/wp-content\/uploads\/2020\/07\/F011.jpg 800w, https:\/\/betarq.com\/wp-content\/uploads\/2020\/07\/F011-300x150.jpg 300w, https:\/\/betarq.com\/wp-content\/uploads\/2020\/07\/F011-768x384.jpg 768w, https:\/\/betarq.com\/wp-content\/uploads\/2020\/07\/F011-500x250.jpg 500w\" sizes=\"auto, (max-width: 800px) 100vw, 800px\" \/>\u00a0<\/a><\/p>\n<p><a href=\"http:\/\/betarq.com\/proyecto\/equipamiento-sociocultural-alella\/\">Aqu\u00ed<\/a> pod\u00e9is ver las fotograf\u00edas del edificio terminado.<\/p>\n","protected":false},"excerpt":{"rendered":"<p>El Jurado de los premios Catalunya Construcci\u00f3n ha decidido las candidaturas seleccionadas de las que saldr\u00e1n las finalistas en cada categor\u00eda. Betarq con el centro sociocultural de Alella es una de la candidaturas seleccionadas en la categor\u00eda de direcci\u00f3n de obra.<\/p>\n","protected":false},"author":1,"featured_media":2608,"comment_status":"closed","ping_status":"open","sticky":false,"template":"","format":"standard","meta":{"_acf_changed":false,"inline_featured_image":false,"_monsterinsights_skip_tracking":false,"_monsterinsights_sitenote_active":false,"_monsterinsights_sitenote_note":"","_monsterinsights_sitenote_category":0,"footnotes":""},"categories":[68],"tags":[],"class_list":["post-2618","post","type-post","status-publish","format-standard","has-post-thumbnail","hentry","category-noticias-en","category-68","description-off"],"acf":[],"yoast_head":"<!-- This site is optimized with the Yoast SEO plugin v27.5 - https:\/\/yoast.com\/product\/yoast-seo-wordpress\/ -->\n<title>Catalonia Construction Awards 2020 - Betarq<\/title>\n<meta name=\"robots\" content=\"index, follow, max-snippet:-1, max-image-preview:large, max-video-preview:-1\" \/>\n<link rel=\"canonical\" href=\"https:\/\/betarq.com\/en\/catalonia-construction-awards-2020\/\" \/>\n<meta property=\"og:locale\" content=\"en_US\" \/>\n<meta property=\"og:type\" content=\"article\" \/>\n<meta property=\"og:title\" content=\"Catalonia Construction Awards 2020 - Betarq\" \/>\n<meta property=\"og:description\" content=\"El Jurado de los premios Catalunya Construcci\u00f3n ha decidido las candidaturas seleccionadas de las que saldr\u00e1n las finalistas en cada categor\u00eda. Betarq con el centro sociocultural de Alella es una de la candidaturas seleccionadas en la categor\u00eda de direcci\u00f3n de obra.\" \/>\n<meta property=\"og:url\" content=\"https:\/\/betarq.com\/en\/catalonia-construction-awards-2020\/\" \/>\n<meta property=\"og:site_name\" content=\"Betarq\" \/>\n<meta property=\"article:published_time\" content=\"2020-07-09T09:07:13+00:00\" \/>\n<meta property=\"article:modified_time\" content=\"2023-11-23T08:46:43+00:00\" \/>\n<meta property=\"og:image\" content=\"https:\/\/betarq.com\/wp-content\/uploads\/2020\/07\/premis-20-16-9.png\" \/>\n\t<meta property=\"og:image:width\" content=\"399\" \/>\n\t<meta property=\"og:image:height\" content=\"224\" \/>\n\t<meta property=\"og:image:type\" content=\"image\/png\" \/>\n<meta name=\"author\" content=\"raulbofill\" \/>\n<meta name=\"twitter:card\" content=\"summary_large_image\" \/>\n<meta name=\"twitter:label1\" content=\"Written by\" \/>\n\t<meta name=\"twitter:data1\" content=\"raulbofill\" \/>\n\t<meta name=\"twitter:label2\" content=\"Est. reading time\" \/>\n\t<meta name=\"twitter:data2\" content=\"4 minutes\" \/>\n<script type=\"application\/ld+json\" class=\"yoast-schema-graph\">{\"@context\":\"https:\\\/\\\/schema.org\",\"@graph\":[{\"@type\":\"Article\",\"@id\":\"https:\\\/\\\/betarq.com\\\/en\\\/catalonia-construction-awards-2020\\\/#article\",\"isPartOf\":{\"@id\":\"https:\\\/\\\/betarq.com\\\/en\\\/catalonia-construction-awards-2020\\\/\"},\"author\":{\"name\":\"raulbofill\",\"@id\":\"https:\\\/\\\/betarq.com\\\/en\\\/#\\\/schema\\\/person\\\/ae0cb99ef3ff06ae78db31e143831d17\"},\"headline\":\"Catalonia Construction Awards 2020\",\"datePublished\":\"2020-07-09T09:07:13+00:00\",\"dateModified\":\"2023-11-23T08:46:43+00:00\",\"mainEntityOfPage\":{\"@id\":\"https:\\\/\\\/betarq.com\\\/en\\\/catalonia-construction-awards-2020\\\/\"},\"wordCount\":589,\"publisher\":{\"@id\":\"https:\\\/\\\/betarq.com\\\/en\\\/#organization\"},\"image\":{\"@id\":\"https:\\\/\\\/betarq.com\\\/en\\\/catalonia-construction-awards-2020\\\/#primaryimage\"},\"thumbnailUrl\":\"https:\\\/\\\/betarq.com\\\/wp-content\\\/uploads\\\/2020\\\/07\\\/premis-20-16-9.png\",\"articleSection\":[\"Noticias\"],\"inLanguage\":\"en-US\"},{\"@type\":\"WebPage\",\"@id\":\"https:\\\/\\\/betarq.com\\\/en\\\/catalonia-construction-awards-2020\\\/\",\"url\":\"https:\\\/\\\/betarq.com\\\/en\\\/catalonia-construction-awards-2020\\\/\",\"name\":\"Catalonia Construction Awards 2020 - Betarq\",\"isPartOf\":{\"@id\":\"https:\\\/\\\/betarq.com\\\/en\\\/#website\"},\"primaryImageOfPage\":{\"@id\":\"https:\\\/\\\/betarq.com\\\/en\\\/catalonia-construction-awards-2020\\\/#primaryimage\"},\"image\":{\"@id\":\"https:\\\/\\\/betarq.com\\\/en\\\/catalonia-construction-awards-2020\\\/#primaryimage\"},\"thumbnailUrl\":\"https:\\\/\\\/betarq.com\\\/wp-content\\\/uploads\\\/2020\\\/07\\\/premis-20-16-9.png\",\"datePublished\":\"2020-07-09T09:07:13+00:00\",\"dateModified\":\"2023-11-23T08:46:43+00:00\",\"breadcrumb\":{\"@id\":\"https:\\\/\\\/betarq.com\\\/en\\\/catalonia-construction-awards-2020\\\/#breadcrumb\"},\"inLanguage\":\"en-US\",\"potentialAction\":[{\"@type\":\"ReadAction\",\"target\":[\"https:\\\/\\\/betarq.com\\\/en\\\/catalonia-construction-awards-2020\\\/\"]}]},{\"@type\":\"ImageObject\",\"inLanguage\":\"en-US\",\"@id\":\"https:\\\/\\\/betarq.com\\\/en\\\/catalonia-construction-awards-2020\\\/#primaryimage\",\"url\":\"https:\\\/\\\/betarq.com\\\/wp-content\\\/uploads\\\/2020\\\/07\\\/premis-20-16-9.png\",\"contentUrl\":\"https:\\\/\\\/betarq.com\\\/wp-content\\\/uploads\\\/2020\\\/07\\\/premis-20-16-9.png\",\"width\":399,\"height\":224},{\"@type\":\"BreadcrumbList\",\"@id\":\"https:\\\/\\\/betarq.com\\\/en\\\/catalonia-construction-awards-2020\\\/#breadcrumb\",\"itemListElement\":[{\"@type\":\"ListItem\",\"position\":1,\"name\":\"Portada\",\"item\":\"https:\\\/\\\/betarq.com\\\/en\\\/\"},{\"@type\":\"ListItem\",\"position\":2,\"name\":\"Catalonia Construction Awards 2020\"}]},{\"@type\":\"WebSite\",\"@id\":\"https:\\\/\\\/betarq.com\\\/en\\\/#website\",\"url\":\"https:\\\/\\\/betarq.com\\\/en\\\/\",\"name\":\"Betarq\",\"description\":\"\",\"publisher\":{\"@id\":\"https:\\\/\\\/betarq.com\\\/en\\\/#organization\"},\"potentialAction\":[{\"@type\":\"SearchAction\",\"target\":{\"@type\":\"EntryPoint\",\"urlTemplate\":\"https:\\\/\\\/betarq.com\\\/en\\\/?s={search_term_string}\"},\"query-input\":{\"@type\":\"PropertyValueSpecification\",\"valueRequired\":true,\"valueName\":\"search_term_string\"}}],\"inLanguage\":\"en-US\"},{\"@type\":\"Organization\",\"@id\":\"https:\\\/\\\/betarq.com\\\/en\\\/#organization\",\"name\":\"Betarq\",\"url\":\"https:\\\/\\\/betarq.com\\\/en\\\/\",\"logo\":{\"@type\":\"ImageObject\",\"inLanguage\":\"en-US\",\"@id\":\"https:\\\/\\\/betarq.com\\\/en\\\/#\\\/schema\\\/logo\\\/image\\\/\",\"url\":\"https:\\\/\\\/betarq.com\\\/wp-content\\\/uploads\\\/2023\\\/09\\\/logo-betarq.png\",\"contentUrl\":\"https:\\\/\\\/betarq.com\\\/wp-content\\\/uploads\\\/2023\\\/09\\\/logo-betarq.png\",\"width\":100,\"height\":75,\"caption\":\"Betarq\"},\"image\":{\"@id\":\"https:\\\/\\\/betarq.com\\\/en\\\/#\\\/schema\\\/logo\\\/image\\\/\"}},{\"@type\":\"Person\",\"@id\":\"https:\\\/\\\/betarq.com\\\/en\\\/#\\\/schema\\\/person\\\/ae0cb99ef3ff06ae78db31e143831d17\",\"name\":\"raulbofill\",\"image\":{\"@type\":\"ImageObject\",\"inLanguage\":\"en-US\",\"@id\":\"https:\\\/\\\/secure.gravatar.com\\\/avatar\\\/2a171335aeb2708e14406d8a4f57eacc3b5fd77b9b85af05e61305622ee33824?s=96&d=mm&r=g\",\"url\":\"https:\\\/\\\/secure.gravatar.com\\\/avatar\\\/2a171335aeb2708e14406d8a4f57eacc3b5fd77b9b85af05e61305622ee33824?s=96&d=mm&r=g\",\"contentUrl\":\"https:\\\/\\\/secure.gravatar.com\\\/avatar\\\/2a171335aeb2708e14406d8a4f57eacc3b5fd77b9b85af05e61305622ee33824?s=96&d=mm&r=g\",\"caption\":\"raulbofill\"},\"sameAs\":[\"https:\\\/\\\/betarq.com\"],\"url\":\"https:\\\/\\\/betarq.com\\\/en\\\/author\\\/raulbofill\\\/\"}]}<\/script>\n<!-- \/ Yoast SEO plugin. -->","yoast_head_json":{"title":"Catalonia Construction Awards 2020 - Betarq","robots":{"index":"index","follow":"follow","max-snippet":"max-snippet:-1","max-image-preview":"max-image-preview:large","max-video-preview":"max-video-preview:-1"},"canonical":"https:\/\/betarq.com\/en\/catalonia-construction-awards-2020\/","og_locale":"en_US","og_type":"article","og_title":"Catalonia Construction Awards 2020 - Betarq","og_description":"El Jurado de los premios Catalunya Construcci\u00f3n ha decidido las candidaturas seleccionadas de las que saldr\u00e1n las finalistas en cada categor\u00eda. Betarq con el centro sociocultural de Alella es una de la candidaturas seleccionadas en la categor\u00eda de direcci\u00f3n de obra.","og_url":"https:\/\/betarq.com\/en\/catalonia-construction-awards-2020\/","og_site_name":"Betarq","article_published_time":"2020-07-09T09:07:13+00:00","article_modified_time":"2023-11-23T08:46:43+00:00","og_image":[{"width":399,"height":224,"url":"https:\/\/betarq.com\/wp-content\/uploads\/2020\/07\/premis-20-16-9.png","type":"image\/png"}],"author":"raulbofill","twitter_card":"summary_large_image","twitter_misc":{"Written by":"raulbofill","Est. reading time":"4 minutes"},"schema":{"@context":"https:\/\/schema.org","@graph":[{"@type":"Article","@id":"https:\/\/betarq.com\/en\/catalonia-construction-awards-2020\/#article","isPartOf":{"@id":"https:\/\/betarq.com\/en\/catalonia-construction-awards-2020\/"},"author":{"name":"raulbofill","@id":"https:\/\/betarq.com\/en\/#\/schema\/person\/ae0cb99ef3ff06ae78db31e143831d17"},"headline":"Catalonia Construction Awards 2020","datePublished":"2020-07-09T09:07:13+00:00","dateModified":"2023-11-23T08:46:43+00:00","mainEntityOfPage":{"@id":"https:\/\/betarq.com\/en\/catalonia-construction-awards-2020\/"},"wordCount":589,"publisher":{"@id":"https:\/\/betarq.com\/en\/#organization"},"image":{"@id":"https:\/\/betarq.com\/en\/catalonia-construction-awards-2020\/#primaryimage"},"thumbnailUrl":"https:\/\/betarq.com\/wp-content\/uploads\/2020\/07\/premis-20-16-9.png","articleSection":["Noticias"],"inLanguage":"en-US"},{"@type":"WebPage","@id":"https:\/\/betarq.com\/en\/catalonia-construction-awards-2020\/","url":"https:\/\/betarq.com\/en\/catalonia-construction-awards-2020\/","name":"Catalonia Construction Awards 2020 - Betarq","isPartOf":{"@id":"https:\/\/betarq.com\/en\/#website"},"primaryImageOfPage":{"@id":"https:\/\/betarq.com\/en\/catalonia-construction-awards-2020\/#primaryimage"},"image":{"@id":"https:\/\/betarq.com\/en\/catalonia-construction-awards-2020\/#primaryimage"},"thumbnailUrl":"https:\/\/betarq.com\/wp-content\/uploads\/2020\/07\/premis-20-16-9.png","datePublished":"2020-07-09T09:07:13+00:00","dateModified":"2023-11-23T08:46:43+00:00","breadcrumb":{"@id":"https:\/\/betarq.com\/en\/catalonia-construction-awards-2020\/#breadcrumb"},"inLanguage":"en-US","potentialAction":[{"@type":"ReadAction","target":["https:\/\/betarq.com\/en\/catalonia-construction-awards-2020\/"]}]},{"@type":"ImageObject","inLanguage":"en-US","@id":"https:\/\/betarq.com\/en\/catalonia-construction-awards-2020\/#primaryimage","url":"https:\/\/betarq.com\/wp-content\/uploads\/2020\/07\/premis-20-16-9.png","contentUrl":"https:\/\/betarq.com\/wp-content\/uploads\/2020\/07\/premis-20-16-9.png","width":399,"height":224},{"@type":"BreadcrumbList","@id":"https:\/\/betarq.com\/en\/catalonia-construction-awards-2020\/#breadcrumb","itemListElement":[{"@type":"ListItem","position":1,"name":"Portada","item":"https:\/\/betarq.com\/en\/"},{"@type":"ListItem","position":2,"name":"Catalonia Construction Awards 2020"}]},{"@type":"WebSite","@id":"https:\/\/betarq.com\/en\/#website","url":"https:\/\/betarq.com\/en\/","name":"Betarq","description":"","publisher":{"@id":"https:\/\/betarq.com\/en\/#organization"},"potentialAction":[{"@type":"SearchAction","target":{"@type":"EntryPoint","urlTemplate":"https:\/\/betarq.com\/en\/?s={search_term_string}"},"query-input":{"@type":"PropertyValueSpecification","valueRequired":true,"valueName":"search_term_string"}}],"inLanguage":"en-US"},{"@type":"Organization","@id":"https:\/\/betarq.com\/en\/#organization","name":"Betarq","url":"https:\/\/betarq.com\/en\/","logo":{"@type":"ImageObject","inLanguage":"en-US","@id":"https:\/\/betarq.com\/en\/#\/schema\/logo\/image\/","url":"https:\/\/betarq.com\/wp-content\/uploads\/2023\/09\/logo-betarq.png","contentUrl":"https:\/\/betarq.com\/wp-content\/uploads\/2023\/09\/logo-betarq.png","width":100,"height":75,"caption":"Betarq"},"image":{"@id":"https:\/\/betarq.com\/en\/#\/schema\/logo\/image\/"}},{"@type":"Person","@id":"https:\/\/betarq.com\/en\/#\/schema\/person\/ae0cb99ef3ff06ae78db31e143831d17","name":"raulbofill","image":{"@type":"ImageObject","inLanguage":"en-US","@id":"https:\/\/secure.gravatar.com\/avatar\/2a171335aeb2708e14406d8a4f57eacc3b5fd77b9b85af05e61305622ee33824?s=96&d=mm&r=g","url":"https:\/\/secure.gravatar.com\/avatar\/2a171335aeb2708e14406d8a4f57eacc3b5fd77b9b85af05e61305622ee33824?s=96&d=mm&r=g","contentUrl":"https:\/\/secure.gravatar.com\/avatar\/2a171335aeb2708e14406d8a4f57eacc3b5fd77b9b85af05e61305622ee33824?s=96&d=mm&r=g","caption":"raulbofill"},"sameAs":["https:\/\/betarq.com"],"url":"https:\/\/betarq.com\/en\/author\/raulbofill\/"}]}},"_links":{"self":[{"href":"https:\/\/betarq.com\/en\/wp-json\/wp\/v2\/posts\/2618","targetHints":{"allow":["GET"]}}],"collection":[{"href":"https:\/\/betarq.com\/en\/wp-json\/wp\/v2\/posts"}],"about":[{"href":"https:\/\/betarq.com\/en\/wp-json\/wp\/v2\/types\/post"}],"author":[{"embeddable":true,"href":"https:\/\/betarq.com\/en\/wp-json\/wp\/v2\/users\/1"}],"replies":[{"embeddable":true,"href":"https:\/\/betarq.com\/en\/wp-json\/wp\/v2\/comments?post=2618"}],"version-history":[{"count":0,"href":"https:\/\/betarq.com\/en\/wp-json\/wp\/v2\/posts\/2618\/revisions"}],"wp:featuredmedia":[{"embeddable":true,"href":"https:\/\/betarq.com\/en\/wp-json\/wp\/v2\/media\/2608"}],"wp:attachment":[{"href":"https:\/\/betarq.com\/en\/wp-json\/wp\/v2\/media?parent=2618"}],"wp:term":[{"taxonomy":"category","embeddable":true,"href":"https:\/\/betarq.com\/en\/wp-json\/wp\/v2\/categories?post=2618"},{"taxonomy":"post_tag","embeddable":true,"href":"https:\/\/betarq.com\/en\/wp-json\/wp\/v2\/tags?post=2618"}],"curies":[{"name":"wp","href":"https:\/\/api.w.org\/{rel}","templated":true}]}}