{"id":2508,"date":"2019-12-17T16:14:15","date_gmt":"2019-12-17T15:14:15","guid":{"rendered":"https:\/\/betarq.com\/final-de-una-etapa-fairmont-rey-juan-carlos\/"},"modified":"2023-12-08T10:36:36","modified_gmt":"2023-12-08T09:36:36","slug":"finaliza-la-reforma-del-hotel-fairmont-rey-juan-carlos-i","status":"publish","type":"post","link":"https:\/\/betarq.com\/es\/finaliza-la-reforma-del-hotel-fairmont-rey-juan-carlos-i\/","title":{"rendered":"Finaliza la reforma del Hotel Fairmont Rey Juan Carlos I"},"content":{"rendered":"<p style=\"text-align: justify;\"><img loading=\"lazy\" decoding=\"async\" class=\"aligncenter size-full wp-image-2503\" src=\"https:\/\/betarq.com\/wp-content\/uploads\/2019\/12\/LOBBY_FAIRMONT.jpg\" alt=\"\" width=\"1599\" height=\"900\" srcset=\"https:\/\/betarq.com\/wp-content\/uploads\/2019\/12\/LOBBY_FAIRMONT.jpg 1599w, https:\/\/betarq.com\/wp-content\/uploads\/2019\/12\/LOBBY_FAIRMONT-300x169.jpg 300w, https:\/\/betarq.com\/wp-content\/uploads\/2019\/12\/LOBBY_FAIRMONT-1024x576.jpg 1024w, https:\/\/betarq.com\/wp-content\/uploads\/2019\/12\/LOBBY_FAIRMONT-768x432.jpg 768w, https:\/\/betarq.com\/wp-content\/uploads\/2019\/12\/LOBBY_FAIRMONT-1536x865.jpg 1536w, https:\/\/betarq.com\/wp-content\/uploads\/2019\/12\/LOBBY_FAIRMONT-500x281.jpg 500w\" sizes=\"auto, (max-width: 1599px) 100vw, 1599px\" \/>Hoy Betarq pone punto y final a la \u00faltima fase de la reforma del hotel Fairmont Rey Juan Carlos I. Han sido m\u00e1s de 5 a\u00f1os donde han pasado diversos agentes y el equipo de Betarq siempre se ha mantenido como la direcci\u00f3n facultativa en todas las diversas fases del proyecto.<\/p>\n<p style=\"text-align: justify;\">Por el volumen de la intervenci\u00f3n y por la dimensi\u00f3n del edificio, se planificaron las obras y, por tanto, los proyectos en 3 Fases (FASE I, FASE II y FASE III).<\/p>\n<p style=\"text-align: justify;\"><strong>&#8211; Fase I<\/strong><\/p>\n<p style=\"text-align: justify;\">Para agilizar el cumplimiento de las medidas correctoras para la Adecuaci\u00f3n Ambiental se tramit\u00f3 una 1\u00aa Fase que afectaba a las zonas de S\u00f3tanos -3, -2, -1, planta baja y planta Mezzanine que son las zonas donde el mayor n\u00famero de deficiencias se detectaron.<\/p>\n<p style=\"text-align: justify;\"><strong>&#8211; Fase II<\/strong><\/p>\n<p style=\"text-align: justify;\">B\u00e1sicamente las obras de esta segunda fase fueron las correspondientes a la reforma interior de las habitaciones para adecuaci\u00f3n a los est\u00e1ndares del nuevo gestor, Fairmont, en la que se cambia el mobiliario interior, se hacen un trasdosados respecto los cierres existentes para incrementar la aislamiento ac\u00fastico, se cambia la puerta de acceso, se hace un nuevo\u00a0falso techo en vest\u00edbulo y ba\u00f1o, se cambian todas las instalaciones, las moquetas y revestimientos de paredes. Dado a estas obras, se abord\u00f3\u00a0tambi\u00e9n el cumplimiento de las medidas correctoras para la Adecuaci\u00f3n Ambiental que afectaban a las plantas de habitaciones y que consistieron en el cambio de puertas RF y sellado de sectores contra incendios en zonas de servicios que en estas plantas eran las zonas de escaleras y offices de servicios.<\/p>\n<p style=\"text-align: justify;\"><strong>&#8211; Fase III<\/strong><\/p>\n<p style=\"text-align: justify;\">Espacios p\u00fablicos: Se hizo la reforma del Lobby de la Planta Baja. Sin cambiar respecto de su uso como espacio p\u00fablico se hizo una remodelaci\u00f3n del mobiliario, se reubic\u00f3 el bar, se quit\u00f3 las 2 tiendas existentes del lado del restaurante Polo que de esta manera favorec\u00eda los recorridos de evacuaci\u00f3n y se col \u2219 colocar las tiendas en el lado de las oficinas, donde hasta entonces hab\u00eda salas de reuniones de alquiler. Se vafer tambi\u00e9n una remodelaci\u00f3n de los mostradores de recepci\u00f3n y se elimin\u00f3 las terrazas de madera en el centro del Lobby. Tambi\u00e9n se cambi\u00f3 la moqueta existente, se col \u2219 locar una fuente ornamental de agua y se cambi\u00f3 el pavimento de la zona de acceso para otro tipo m\u00e1rmol \u00abCalacatta\u00bb, el resto del pavimento se mantuvo con una nueva moqueta.<\/p>\n<p style=\"text-align: justify;\">Espacios comunes:\u00a0Se actu\u00f3 en algunos de los espacios de servicio, offices, escaleras de evacuaci\u00f3n, etc de las zonas vinculadas al Lobby de la planta baja y de la planta Mezzanine.<\/p>\n<p style=\"text-align: justify;\">Puedes ver m\u00e1s fotograf\u00edas <a href=\"http:\/\/betarq.com\/proyecto\/reforma-hotel-fairmont-juan-carlos\/\">aqu\u00ed<\/a><\/p>\n","protected":false},"excerpt":{"rendered":"<p>Hoy Betarq pone punto y final a la \u00faltima fase de la reforma del hotel Fairmont Rey Juan Carlos I. Han sido m\u00e1s de 5 a\u00f1os donde han pasado diversos agentes y el equipo de Betarq siempre se ha mantenido como la direcci\u00f3n facultativa en todas las diversas fases del proyecto. Por el volumen de&hellip;<\/p>\n","protected":false},"author":1,"featured_media":2505,"comment_status":"closed","ping_status":"open","sticky":false,"template":"","format":"standard","meta":{"_acf_changed":false,"inline_featured_image":false,"_monsterinsights_skip_tracking":false,"_monsterinsights_sitenote_active":false,"_monsterinsights_sitenote_note":"","_monsterinsights_sitenote_category":0,"footnotes":""},"categories":[69],"tags":[],"class_list":["post-2508","post","type-post","status-publish","format-standard","has-post-thumbnail","hentry","category-noticias-es","category-69","description-off"],"acf":[],"yoast_head":"<!-- This site is optimized with the Yoast SEO plugin v27.1.1 - https:\/\/yoast.com\/product\/yoast-seo-wordpress\/ -->\n<title>Finaliza la reforma del Hotel Fairmont Rey Juan Carlos I - Betarq<\/title>\n<meta name=\"robots\" content=\"index, follow, max-snippet:-1, max-image-preview:large, max-video-preview:-1\" \/>\n<link rel=\"canonical\" href=\"https:\/\/betarq.com\/es\/finaliza-la-reforma-del-hotel-fairmont-rey-juan-carlos-i\/\" \/>\n<meta property=\"og:locale\" content=\"es_ES\" \/>\n<meta property=\"og:type\" content=\"article\" \/>\n<meta property=\"og:title\" content=\"Finaliza la reforma del Hotel Fairmont Rey Juan Carlos I - Betarq\" \/>\n<meta property=\"og:description\" content=\"Hoy Betarq pone punto y final a la \u00faltima fase de la reforma del hotel Fairmont Rey Juan Carlos I. Han sido m\u00e1s de 5 a\u00f1os donde han pasado diversos agentes y el equipo de Betarq siempre se ha mantenido como la direcci\u00f3n facultativa en todas las diversas fases del proyecto. Por el volumen de&hellip;\" \/>\n<meta property=\"og:url\" content=\"https:\/\/betarq.com\/es\/finaliza-la-reforma-del-hotel-fairmont-rey-juan-carlos-i\/\" \/>\n<meta property=\"og:site_name\" content=\"Betarq\" \/>\n<meta property=\"article:published_time\" content=\"2019-12-17T15:14:15+00:00\" \/>\n<meta property=\"article:modified_time\" content=\"2023-12-08T09:36:36+00:00\" \/>\n<meta property=\"og:image\" content=\"https:\/\/betarq.com\/wp-content\/uploads\/2019\/12\/LOBBY_FAIRMONT.jpg\" \/>\n\t<meta property=\"og:image:width\" content=\"1599\" \/>\n\t<meta property=\"og:image:height\" content=\"900\" \/>\n\t<meta property=\"og:image:type\" content=\"image\/jpeg\" \/>\n<meta name=\"author\" content=\"raulbofill\" \/>\n<meta name=\"twitter:card\" content=\"summary_large_image\" \/>\n<meta name=\"twitter:label1\" content=\"Escrito por\" \/>\n\t<meta name=\"twitter:data1\" content=\"raulbofill\" \/>\n\t<meta name=\"twitter:label2\" content=\"Tiempo de lectura\" \/>\n\t<meta name=\"twitter:data2\" content=\"3 minutos\" \/>\n<script type=\"application\/ld+json\" class=\"yoast-schema-graph\">{\"@context\":\"https:\/\/schema.org\",\"@graph\":[{\"@type\":\"Article\",\"@id\":\"https:\/\/betarq.com\/es\/finaliza-la-reforma-del-hotel-fairmont-rey-juan-carlos-i\/#article\",\"isPartOf\":{\"@id\":\"https:\/\/betarq.com\/es\/finaliza-la-reforma-del-hotel-fairmont-rey-juan-carlos-i\/\"},\"author\":{\"name\":\"raulbofill\",\"@id\":\"https:\/\/betarq.com\/es\/#\/schema\/person\/ae0cb99ef3ff06ae78db31e143831d17\"},\"headline\":\"Finaliza la reforma del Hotel Fairmont Rey Juan Carlos I\",\"datePublished\":\"2019-12-17T15:14:15+00:00\",\"dateModified\":\"2023-12-08T09:36:36+00:00\",\"mainEntityOfPage\":{\"@id\":\"https:\/\/betarq.com\/es\/finaliza-la-reforma-del-hotel-fairmont-rey-juan-carlos-i\/\"},\"wordCount\":470,\"publisher\":{\"@id\":\"https:\/\/betarq.com\/es\/#organization\"},\"image\":{\"@id\":\"https:\/\/betarq.com\/es\/finaliza-la-reforma-del-hotel-fairmont-rey-juan-carlos-i\/#primaryimage\"},\"thumbnailUrl\":\"https:\/\/betarq.com\/wp-content\/uploads\/2019\/12\/LOBBY_FAIRMONT.jpg\",\"articleSection\":[\"Noticias\"],\"inLanguage\":\"es\"},{\"@type\":\"WebPage\",\"@id\":\"https:\/\/betarq.com\/es\/finaliza-la-reforma-del-hotel-fairmont-rey-juan-carlos-i\/\",\"url\":\"https:\/\/betarq.com\/es\/finaliza-la-reforma-del-hotel-fairmont-rey-juan-carlos-i\/\",\"name\":\"Finaliza la reforma del Hotel Fairmont Rey Juan Carlos I - Betarq\",\"isPartOf\":{\"@id\":\"https:\/\/betarq.com\/es\/#website\"},\"primaryImageOfPage\":{\"@id\":\"https:\/\/betarq.com\/es\/finaliza-la-reforma-del-hotel-fairmont-rey-juan-carlos-i\/#primaryimage\"},\"image\":{\"@id\":\"https:\/\/betarq.com\/es\/finaliza-la-reforma-del-hotel-fairmont-rey-juan-carlos-i\/#primaryimage\"},\"thumbnailUrl\":\"https:\/\/betarq.com\/wp-content\/uploads\/2019\/12\/LOBBY_FAIRMONT.jpg\",\"datePublished\":\"2019-12-17T15:14:15+00:00\",\"dateModified\":\"2023-12-08T09:36:36+00:00\",\"breadcrumb\":{\"@id\":\"https:\/\/betarq.com\/es\/finaliza-la-reforma-del-hotel-fairmont-rey-juan-carlos-i\/#breadcrumb\"},\"inLanguage\":\"es\",\"potentialAction\":[{\"@type\":\"ReadAction\",\"target\":[\"https:\/\/betarq.com\/es\/finaliza-la-reforma-del-hotel-fairmont-rey-juan-carlos-i\/\"]}]},{\"@type\":\"ImageObject\",\"inLanguage\":\"es\",\"@id\":\"https:\/\/betarq.com\/es\/finaliza-la-reforma-del-hotel-fairmont-rey-juan-carlos-i\/#primaryimage\",\"url\":\"https:\/\/betarq.com\/wp-content\/uploads\/2019\/12\/LOBBY_FAIRMONT.jpg\",\"contentUrl\":\"https:\/\/betarq.com\/wp-content\/uploads\/2019\/12\/LOBBY_FAIRMONT.jpg\",\"width\":1599,\"height\":900},{\"@type\":\"BreadcrumbList\",\"@id\":\"https:\/\/betarq.com\/es\/finaliza-la-reforma-del-hotel-fairmont-rey-juan-carlos-i\/#breadcrumb\",\"itemListElement\":[{\"@type\":\"ListItem\",\"position\":1,\"name\":\"Portada\",\"item\":\"https:\/\/betarq.com\/es\/\"},{\"@type\":\"ListItem\",\"position\":2,\"name\":\"Finaliza la reforma del Hotel Fairmont Rey Juan Carlos I\"}]},{\"@type\":\"WebSite\",\"@id\":\"https:\/\/betarq.com\/es\/#website\",\"url\":\"https:\/\/betarq.com\/es\/\",\"name\":\"Betarq\",\"description\":\"\",\"publisher\":{\"@id\":\"https:\/\/betarq.com\/es\/#organization\"},\"potentialAction\":[{\"@type\":\"SearchAction\",\"target\":{\"@type\":\"EntryPoint\",\"urlTemplate\":\"https:\/\/betarq.com\/es\/?s={search_term_string}\"},\"query-input\":{\"@type\":\"PropertyValueSpecification\",\"valueRequired\":true,\"valueName\":\"search_term_string\"}}],\"inLanguage\":\"es\"},{\"@type\":\"Organization\",\"@id\":\"https:\/\/betarq.com\/es\/#organization\",\"name\":\"Betarq\",\"url\":\"https:\/\/betarq.com\/es\/\",\"logo\":{\"@type\":\"ImageObject\",\"inLanguage\":\"es\",\"@id\":\"https:\/\/betarq.com\/es\/#\/schema\/logo\/image\/\",\"url\":\"https:\/\/betarq.com\/wp-content\/uploads\/2023\/09\/logo-betarq.png\",\"contentUrl\":\"https:\/\/betarq.com\/wp-content\/uploads\/2023\/09\/logo-betarq.png\",\"width\":100,\"height\":75,\"caption\":\"Betarq\"},\"image\":{\"@id\":\"https:\/\/betarq.com\/es\/#\/schema\/logo\/image\/\"}},{\"@type\":\"Person\",\"@id\":\"https:\/\/betarq.com\/es\/#\/schema\/person\/ae0cb99ef3ff06ae78db31e143831d17\",\"name\":\"raulbofill\",\"image\":{\"@type\":\"ImageObject\",\"inLanguage\":\"es\",\"@id\":\"https:\/\/betarq.com\/es\/#\/schema\/person\/image\/\",\"url\":\"https:\/\/secure.gravatar.com\/avatar\/2a171335aeb2708e14406d8a4f57eacc3b5fd77b9b85af05e61305622ee33824?s=96&d=mm&r=g\",\"contentUrl\":\"https:\/\/secure.gravatar.com\/avatar\/2a171335aeb2708e14406d8a4f57eacc3b5fd77b9b85af05e61305622ee33824?s=96&d=mm&r=g\",\"caption\":\"raulbofill\"},\"sameAs\":[\"https:\/\/betarq.com\"],\"url\":\"https:\/\/betarq.com\/es\/author\/raulbofill\/\"}]}<\/script>\n<!-- \/ Yoast SEO plugin. -->","yoast_head_json":{"title":"Finaliza la reforma del Hotel Fairmont Rey Juan Carlos I - Betarq","robots":{"index":"index","follow":"follow","max-snippet":"max-snippet:-1","max-image-preview":"max-image-preview:large","max-video-preview":"max-video-preview:-1"},"canonical":"https:\/\/betarq.com\/es\/finaliza-la-reforma-del-hotel-fairmont-rey-juan-carlos-i\/","og_locale":"es_ES","og_type":"article","og_title":"Finaliza la reforma del Hotel Fairmont Rey Juan Carlos I - Betarq","og_description":"Hoy Betarq pone punto y final a la \u00faltima fase de la reforma del hotel Fairmont Rey Juan Carlos I. Han sido m\u00e1s de 5 a\u00f1os donde han pasado diversos agentes y el equipo de Betarq siempre se ha mantenido como la direcci\u00f3n facultativa en todas las diversas fases del proyecto. Por el volumen de&hellip;","og_url":"https:\/\/betarq.com\/es\/finaliza-la-reforma-del-hotel-fairmont-rey-juan-carlos-i\/","og_site_name":"Betarq","article_published_time":"2019-12-17T15:14:15+00:00","article_modified_time":"2023-12-08T09:36:36+00:00","og_image":[{"width":1599,"height":900,"url":"https:\/\/betarq.com\/wp-content\/uploads\/2019\/12\/LOBBY_FAIRMONT.jpg","type":"image\/jpeg"}],"author":"raulbofill","twitter_card":"summary_large_image","twitter_misc":{"Escrito por":"raulbofill","Tiempo de lectura":"3 minutos"},"schema":{"@context":"https:\/\/schema.org","@graph":[{"@type":"Article","@id":"https:\/\/betarq.com\/es\/finaliza-la-reforma-del-hotel-fairmont-rey-juan-carlos-i\/#article","isPartOf":{"@id":"https:\/\/betarq.com\/es\/finaliza-la-reforma-del-hotel-fairmont-rey-juan-carlos-i\/"},"author":{"name":"raulbofill","@id":"https:\/\/betarq.com\/es\/#\/schema\/person\/ae0cb99ef3ff06ae78db31e143831d17"},"headline":"Finaliza la reforma del Hotel Fairmont Rey Juan Carlos I","datePublished":"2019-12-17T15:14:15+00:00","dateModified":"2023-12-08T09:36:36+00:00","mainEntityOfPage":{"@id":"https:\/\/betarq.com\/es\/finaliza-la-reforma-del-hotel-fairmont-rey-juan-carlos-i\/"},"wordCount":470,"publisher":{"@id":"https:\/\/betarq.com\/es\/#organization"},"image":{"@id":"https:\/\/betarq.com\/es\/finaliza-la-reforma-del-hotel-fairmont-rey-juan-carlos-i\/#primaryimage"},"thumbnailUrl":"https:\/\/betarq.com\/wp-content\/uploads\/2019\/12\/LOBBY_FAIRMONT.jpg","articleSection":["Noticias"],"inLanguage":"es"},{"@type":"WebPage","@id":"https:\/\/betarq.com\/es\/finaliza-la-reforma-del-hotel-fairmont-rey-juan-carlos-i\/","url":"https:\/\/betarq.com\/es\/finaliza-la-reforma-del-hotel-fairmont-rey-juan-carlos-i\/","name":"Finaliza la reforma del Hotel Fairmont Rey Juan Carlos I - Betarq","isPartOf":{"@id":"https:\/\/betarq.com\/es\/#website"},"primaryImageOfPage":{"@id":"https:\/\/betarq.com\/es\/finaliza-la-reforma-del-hotel-fairmont-rey-juan-carlos-i\/#primaryimage"},"image":{"@id":"https:\/\/betarq.com\/es\/finaliza-la-reforma-del-hotel-fairmont-rey-juan-carlos-i\/#primaryimage"},"thumbnailUrl":"https:\/\/betarq.com\/wp-content\/uploads\/2019\/12\/LOBBY_FAIRMONT.jpg","datePublished":"2019-12-17T15:14:15+00:00","dateModified":"2023-12-08T09:36:36+00:00","breadcrumb":{"@id":"https:\/\/betarq.com\/es\/finaliza-la-reforma-del-hotel-fairmont-rey-juan-carlos-i\/#breadcrumb"},"inLanguage":"es","potentialAction":[{"@type":"ReadAction","target":["https:\/\/betarq.com\/es\/finaliza-la-reforma-del-hotel-fairmont-rey-juan-carlos-i\/"]}]},{"@type":"ImageObject","inLanguage":"es","@id":"https:\/\/betarq.com\/es\/finaliza-la-reforma-del-hotel-fairmont-rey-juan-carlos-i\/#primaryimage","url":"https:\/\/betarq.com\/wp-content\/uploads\/2019\/12\/LOBBY_FAIRMONT.jpg","contentUrl":"https:\/\/betarq.com\/wp-content\/uploads\/2019\/12\/LOBBY_FAIRMONT.jpg","width":1599,"height":900},{"@type":"BreadcrumbList","@id":"https:\/\/betarq.com\/es\/finaliza-la-reforma-del-hotel-fairmont-rey-juan-carlos-i\/#breadcrumb","itemListElement":[{"@type":"ListItem","position":1,"name":"Portada","item":"https:\/\/betarq.com\/es\/"},{"@type":"ListItem","position":2,"name":"Finaliza la reforma del Hotel Fairmont Rey Juan Carlos I"}]},{"@type":"WebSite","@id":"https:\/\/betarq.com\/es\/#website","url":"https:\/\/betarq.com\/es\/","name":"Betarq","description":"","publisher":{"@id":"https:\/\/betarq.com\/es\/#organization"},"potentialAction":[{"@type":"SearchAction","target":{"@type":"EntryPoint","urlTemplate":"https:\/\/betarq.com\/es\/?s={search_term_string}"},"query-input":{"@type":"PropertyValueSpecification","valueRequired":true,"valueName":"search_term_string"}}],"inLanguage":"es"},{"@type":"Organization","@id":"https:\/\/betarq.com\/es\/#organization","name":"Betarq","url":"https:\/\/betarq.com\/es\/","logo":{"@type":"ImageObject","inLanguage":"es","@id":"https:\/\/betarq.com\/es\/#\/schema\/logo\/image\/","url":"https:\/\/betarq.com\/wp-content\/uploads\/2023\/09\/logo-betarq.png","contentUrl":"https:\/\/betarq.com\/wp-content\/uploads\/2023\/09\/logo-betarq.png","width":100,"height":75,"caption":"Betarq"},"image":{"@id":"https:\/\/betarq.com\/es\/#\/schema\/logo\/image\/"}},{"@type":"Person","@id":"https:\/\/betarq.com\/es\/#\/schema\/person\/ae0cb99ef3ff06ae78db31e143831d17","name":"raulbofill","image":{"@type":"ImageObject","inLanguage":"es","@id":"https:\/\/betarq.com\/es\/#\/schema\/person\/image\/","url":"https:\/\/secure.gravatar.com\/avatar\/2a171335aeb2708e14406d8a4f57eacc3b5fd77b9b85af05e61305622ee33824?s=96&d=mm&r=g","contentUrl":"https:\/\/secure.gravatar.com\/avatar\/2a171335aeb2708e14406d8a4f57eacc3b5fd77b9b85af05e61305622ee33824?s=96&d=mm&r=g","caption":"raulbofill"},"sameAs":["https:\/\/betarq.com"],"url":"https:\/\/betarq.com\/es\/author\/raulbofill\/"}]}},"_links":{"self":[{"href":"https:\/\/betarq.com\/es\/wp-json\/wp\/v2\/posts\/2508","targetHints":{"allow":["GET"]}}],"collection":[{"href":"https:\/\/betarq.com\/es\/wp-json\/wp\/v2\/posts"}],"about":[{"href":"https:\/\/betarq.com\/es\/wp-json\/wp\/v2\/types\/post"}],"author":[{"embeddable":true,"href":"https:\/\/betarq.com\/es\/wp-json\/wp\/v2\/users\/1"}],"replies":[{"embeddable":true,"href":"https:\/\/betarq.com\/es\/wp-json\/wp\/v2\/comments?post=2508"}],"version-history":[{"count":1,"href":"https:\/\/betarq.com\/es\/wp-json\/wp\/v2\/posts\/2508\/revisions"}],"predecessor-version":[{"id":3650,"href":"https:\/\/betarq.com\/es\/wp-json\/wp\/v2\/posts\/2508\/revisions\/3650"}],"wp:featuredmedia":[{"embeddable":true,"href":"https:\/\/betarq.com\/es\/wp-json\/wp\/v2\/media\/2505"}],"wp:attachment":[{"href":"https:\/\/betarq.com\/es\/wp-json\/wp\/v2\/media?parent=2508"}],"wp:term":[{"taxonomy":"category","embeddable":true,"href":"https:\/\/betarq.com\/es\/wp-json\/wp\/v2\/categories?post=2508"},{"taxonomy":"post_tag","embeddable":true,"href":"https:\/\/betarq.com\/es\/wp-json\/wp\/v2\/tags?post=2508"}],"curies":[{"name":"wp","href":"https:\/\/api.w.org\/{rel}","templated":true}]}}