{"id":2522,"date":"2019-10-21T16:24:21","date_gmt":"2019-10-21T14:24:21","guid":{"rendered":"https:\/\/betarq.com\/48h-openhouse-la-lira\/"},"modified":"2023-12-08T10:36:41","modified_gmt":"2023-12-08T09:36:41","slug":"48-open-house-barcelona-2019-la-lira","status":"publish","type":"post","link":"https:\/\/betarq.com\/es\/48-open-house-barcelona-2019-la-lira\/","title":{"rendered":"48 Open House Barcelona 2019- La Lira"},"content":{"rendered":"<p style=\"text-align: justify;\"><img loading=\"lazy\" decoding=\"async\" class=\"aligncenter size-full wp-image-2498\" src=\"https:\/\/betarq.com\/wp-content\/uploads\/2019\/10\/09-web-la-lira-48h-scaled.jpg\" alt=\"\" width=\"2560\" height=\"1440\" srcset=\"https:\/\/betarq.com\/wp-content\/uploads\/2019\/10\/09-web-la-lira-48h-scaled.jpg 2560w, https:\/\/betarq.com\/wp-content\/uploads\/2019\/10\/09-web-la-lira-48h-300x169.jpg 300w, https:\/\/betarq.com\/wp-content\/uploads\/2019\/10\/09-web-la-lira-48h-1024x576.jpg 1024w, https:\/\/betarq.com\/wp-content\/uploads\/2019\/10\/09-web-la-lira-48h-768x432.jpg 768w, https:\/\/betarq.com\/wp-content\/uploads\/2019\/10\/09-web-la-lira-48h-1536x864.jpg 1536w, https:\/\/betarq.com\/wp-content\/uploads\/2019\/10\/09-web-la-lira-48h-2048x1152.jpg 2048w, https:\/\/betarq.com\/wp-content\/uploads\/2019\/10\/09-web-la-lira-48h-500x281.jpg 500w\" sizes=\"auto, (max-width: 2560px) 100vw, 2560px\" \/><\/p>\n<p>El pr\u00f3ximo s\u00e1bado 26\/10 de 11h00 &#8216;a 14h00&#8217; el edificio de La Lira se abrir\u00e1 al p\u00fablico dentro del Open House 2019.<\/p>\n<p>Y como ya hicimos el a\u00f1o pasado, estaremos para explicar el edificio y la rehabilitaci\u00f3n integral que realizamos en 2014.<\/p>\n<p style=\"text-align: justify;\">\n","protected":false},"excerpt":{"rendered":"<p>El pr\u00f3ximo s\u00e1bado 26\/10 de 11h00 &#8216;a 14h00&#8217; el edificio de La Lira se abrir\u00e1 al p\u00fablico dentro del Open House 2019. Y como ya hicimos el a\u00f1o pasado, estaremos para explicar el edificio y la rehabilitaci\u00f3n integral que realizamos en 2014.<\/p>\n","protected":false},"author":1,"featured_media":2500,"comment_status":"closed","ping_status":"open","sticky":false,"template":"","format":"standard","meta":{"_acf_changed":false,"inline_featured_image":false,"_monsterinsights_skip_tracking":false,"_monsterinsights_sitenote_active":false,"_monsterinsights_sitenote_note":"","_monsterinsights_sitenote_category":0,"footnotes":""},"categories":[69],"tags":[],"class_list":["post-2522","post","type-post","status-publish","format-standard","has-post-thumbnail","hentry","category-noticias-es","category-69","description-off"],"acf":[],"yoast_head":"<!-- This site is optimized with the Yoast SEO plugin v27.1.1 - https:\/\/yoast.com\/product\/yoast-seo-wordpress\/ -->\n<title>48 Open House Barcelona 2019- La Lira - Betarq<\/title>\n<meta name=\"robots\" content=\"index, follow, max-snippet:-1, max-image-preview:large, max-video-preview:-1\" \/>\n<link rel=\"canonical\" href=\"https:\/\/betarq.com\/es\/48-open-house-barcelona-2019-la-lira\/\" \/>\n<meta property=\"og:locale\" content=\"es_ES\" \/>\n<meta property=\"og:type\" content=\"article\" \/>\n<meta property=\"og:title\" content=\"48 Open House Barcelona 2019- La Lira - Betarq\" \/>\n<meta property=\"og:description\" content=\"El pr\u00f3ximo s\u00e1bado 26\/10 de 11h00 &#8216;a 14h00&#8217; el edificio de La Lira se abrir\u00e1 al p\u00fablico dentro del Open House 2019. Y como ya hicimos el a\u00f1o pasado, estaremos para explicar el edificio y la rehabilitaci\u00f3n integral que realizamos en 2014.\" \/>\n<meta property=\"og:url\" content=\"https:\/\/betarq.com\/es\/48-open-house-barcelona-2019-la-lira\/\" \/>\n<meta property=\"og:site_name\" content=\"Betarq\" \/>\n<meta property=\"article:published_time\" content=\"2019-10-21T14:24:21+00:00\" \/>\n<meta property=\"article:modified_time\" content=\"2023-12-08T09:36:41+00:00\" \/>\n<meta property=\"og:image\" content=\"https:\/\/betarq.com\/wp-content\/uploads\/2019\/10\/09-web-la-lira-48h-scaled.jpg\" \/>\n\t<meta property=\"og:image:width\" content=\"2560\" \/>\n\t<meta property=\"og:image:height\" content=\"1440\" \/>\n\t<meta property=\"og:image:type\" content=\"image\/jpeg\" \/>\n<meta name=\"author\" content=\"raulbofill\" \/>\n<meta name=\"twitter:card\" content=\"summary_large_image\" \/>\n<meta name=\"twitter:label1\" content=\"Escrito por\" \/>\n\t<meta name=\"twitter:data1\" content=\"raulbofill\" \/>\n\t<meta name=\"twitter:label2\" content=\"Tiempo de lectura\" \/>\n\t<meta name=\"twitter:data2\" content=\"1 minuto\" \/>\n<script type=\"application\/ld+json\" class=\"yoast-schema-graph\">{\"@context\":\"https:\/\/schema.org\",\"@graph\":[{\"@type\":\"Article\",\"@id\":\"https:\/\/betarq.com\/es\/48-open-house-barcelona-2019-la-lira\/#article\",\"isPartOf\":{\"@id\":\"https:\/\/betarq.com\/es\/48-open-house-barcelona-2019-la-lira\/\"},\"author\":{\"name\":\"raulbofill\",\"@id\":\"https:\/\/betarq.com\/es\/#\/schema\/person\/ae0cb99ef3ff06ae78db31e143831d17\"},\"headline\":\"48 Open House Barcelona 2019- La Lira\",\"datePublished\":\"2019-10-21T14:24:21+00:00\",\"dateModified\":\"2023-12-08T09:36:41+00:00\",\"mainEntityOfPage\":{\"@id\":\"https:\/\/betarq.com\/es\/48-open-house-barcelona-2019-la-lira\/\"},\"wordCount\":50,\"publisher\":{\"@id\":\"https:\/\/betarq.com\/es\/#organization\"},\"image\":{\"@id\":\"https:\/\/betarq.com\/es\/48-open-house-barcelona-2019-la-lira\/#primaryimage\"},\"thumbnailUrl\":\"https:\/\/betarq.com\/wp-content\/uploads\/2019\/10\/09-web-la-lira-48h-scaled.jpg\",\"articleSection\":[\"Noticias\"],\"inLanguage\":\"es\"},{\"@type\":\"WebPage\",\"@id\":\"https:\/\/betarq.com\/es\/48-open-house-barcelona-2019-la-lira\/\",\"url\":\"https:\/\/betarq.com\/es\/48-open-house-barcelona-2019-la-lira\/\",\"name\":\"48 Open House Barcelona 2019- La Lira - Betarq\",\"isPartOf\":{\"@id\":\"https:\/\/betarq.com\/es\/#website\"},\"primaryImageOfPage\":{\"@id\":\"https:\/\/betarq.com\/es\/48-open-house-barcelona-2019-la-lira\/#primaryimage\"},\"image\":{\"@id\":\"https:\/\/betarq.com\/es\/48-open-house-barcelona-2019-la-lira\/#primaryimage\"},\"thumbnailUrl\":\"https:\/\/betarq.com\/wp-content\/uploads\/2019\/10\/09-web-la-lira-48h-scaled.jpg\",\"datePublished\":\"2019-10-21T14:24:21+00:00\",\"dateModified\":\"2023-12-08T09:36:41+00:00\",\"breadcrumb\":{\"@id\":\"https:\/\/betarq.com\/es\/48-open-house-barcelona-2019-la-lira\/#breadcrumb\"},\"inLanguage\":\"es\",\"potentialAction\":[{\"@type\":\"ReadAction\",\"target\":[\"https:\/\/betarq.com\/es\/48-open-house-barcelona-2019-la-lira\/\"]}]},{\"@type\":\"ImageObject\",\"inLanguage\":\"es\",\"@id\":\"https:\/\/betarq.com\/es\/48-open-house-barcelona-2019-la-lira\/#primaryimage\",\"url\":\"https:\/\/betarq.com\/wp-content\/uploads\/2019\/10\/09-web-la-lira-48h-scaled.jpg\",\"contentUrl\":\"https:\/\/betarq.com\/wp-content\/uploads\/2019\/10\/09-web-la-lira-48h-scaled.jpg\",\"width\":2560,\"height\":1440},{\"@type\":\"BreadcrumbList\",\"@id\":\"https:\/\/betarq.com\/es\/48-open-house-barcelona-2019-la-lira\/#breadcrumb\",\"itemListElement\":[{\"@type\":\"ListItem\",\"position\":1,\"name\":\"Portada\",\"item\":\"https:\/\/betarq.com\/es\/\"},{\"@type\":\"ListItem\",\"position\":2,\"name\":\"48 Open House Barcelona 2019- La Lira\"}]},{\"@type\":\"WebSite\",\"@id\":\"https:\/\/betarq.com\/es\/#website\",\"url\":\"https:\/\/betarq.com\/es\/\",\"name\":\"Betarq\",\"description\":\"\",\"publisher\":{\"@id\":\"https:\/\/betarq.com\/es\/#organization\"},\"potentialAction\":[{\"@type\":\"SearchAction\",\"target\":{\"@type\":\"EntryPoint\",\"urlTemplate\":\"https:\/\/betarq.com\/es\/?s={search_term_string}\"},\"query-input\":{\"@type\":\"PropertyValueSpecification\",\"valueRequired\":true,\"valueName\":\"search_term_string\"}}],\"inLanguage\":\"es\"},{\"@type\":\"Organization\",\"@id\":\"https:\/\/betarq.com\/es\/#organization\",\"name\":\"Betarq\",\"url\":\"https:\/\/betarq.com\/es\/\",\"logo\":{\"@type\":\"ImageObject\",\"inLanguage\":\"es\",\"@id\":\"https:\/\/betarq.com\/es\/#\/schema\/logo\/image\/\",\"url\":\"https:\/\/betarq.com\/wp-content\/uploads\/2023\/09\/logo-betarq.png\",\"contentUrl\":\"https:\/\/betarq.com\/wp-content\/uploads\/2023\/09\/logo-betarq.png\",\"width\":100,\"height\":75,\"caption\":\"Betarq\"},\"image\":{\"@id\":\"https:\/\/betarq.com\/es\/#\/schema\/logo\/image\/\"}},{\"@type\":\"Person\",\"@id\":\"https:\/\/betarq.com\/es\/#\/schema\/person\/ae0cb99ef3ff06ae78db31e143831d17\",\"name\":\"raulbofill\",\"image\":{\"@type\":\"ImageObject\",\"inLanguage\":\"es\",\"@id\":\"https:\/\/betarq.com\/es\/#\/schema\/person\/image\/\",\"url\":\"https:\/\/secure.gravatar.com\/avatar\/2a171335aeb2708e14406d8a4f57eacc3b5fd77b9b85af05e61305622ee33824?s=96&d=mm&r=g\",\"contentUrl\":\"https:\/\/secure.gravatar.com\/avatar\/2a171335aeb2708e14406d8a4f57eacc3b5fd77b9b85af05e61305622ee33824?s=96&d=mm&r=g\",\"caption\":\"raulbofill\"},\"sameAs\":[\"https:\/\/betarq.com\"],\"url\":\"https:\/\/betarq.com\/es\/author\/raulbofill\/\"}]}<\/script>\n<!-- \/ Yoast SEO plugin. -->","yoast_head_json":{"title":"48 Open House Barcelona 2019- La Lira - Betarq","robots":{"index":"index","follow":"follow","max-snippet":"max-snippet:-1","max-image-preview":"max-image-preview:large","max-video-preview":"max-video-preview:-1"},"canonical":"https:\/\/betarq.com\/es\/48-open-house-barcelona-2019-la-lira\/","og_locale":"es_ES","og_type":"article","og_title":"48 Open House Barcelona 2019- La Lira - Betarq","og_description":"El pr\u00f3ximo s\u00e1bado 26\/10 de 11h00 &#8216;a 14h00&#8217; el edificio de La Lira se abrir\u00e1 al p\u00fablico dentro del Open House 2019. Y como ya hicimos el a\u00f1o pasado, estaremos para explicar el edificio y la rehabilitaci\u00f3n integral que realizamos en 2014.","og_url":"https:\/\/betarq.com\/es\/48-open-house-barcelona-2019-la-lira\/","og_site_name":"Betarq","article_published_time":"2019-10-21T14:24:21+00:00","article_modified_time":"2023-12-08T09:36:41+00:00","og_image":[{"width":2560,"height":1440,"url":"https:\/\/betarq.com\/wp-content\/uploads\/2019\/10\/09-web-la-lira-48h-scaled.jpg","type":"image\/jpeg"}],"author":"raulbofill","twitter_card":"summary_large_image","twitter_misc":{"Escrito por":"raulbofill","Tiempo de lectura":"1 minuto"},"schema":{"@context":"https:\/\/schema.org","@graph":[{"@type":"Article","@id":"https:\/\/betarq.com\/es\/48-open-house-barcelona-2019-la-lira\/#article","isPartOf":{"@id":"https:\/\/betarq.com\/es\/48-open-house-barcelona-2019-la-lira\/"},"author":{"name":"raulbofill","@id":"https:\/\/betarq.com\/es\/#\/schema\/person\/ae0cb99ef3ff06ae78db31e143831d17"},"headline":"48 Open House Barcelona 2019- La Lira","datePublished":"2019-10-21T14:24:21+00:00","dateModified":"2023-12-08T09:36:41+00:00","mainEntityOfPage":{"@id":"https:\/\/betarq.com\/es\/48-open-house-barcelona-2019-la-lira\/"},"wordCount":50,"publisher":{"@id":"https:\/\/betarq.com\/es\/#organization"},"image":{"@id":"https:\/\/betarq.com\/es\/48-open-house-barcelona-2019-la-lira\/#primaryimage"},"thumbnailUrl":"https:\/\/betarq.com\/wp-content\/uploads\/2019\/10\/09-web-la-lira-48h-scaled.jpg","articleSection":["Noticias"],"inLanguage":"es"},{"@type":"WebPage","@id":"https:\/\/betarq.com\/es\/48-open-house-barcelona-2019-la-lira\/","url":"https:\/\/betarq.com\/es\/48-open-house-barcelona-2019-la-lira\/","name":"48 Open House Barcelona 2019- La Lira - Betarq","isPartOf":{"@id":"https:\/\/betarq.com\/es\/#website"},"primaryImageOfPage":{"@id":"https:\/\/betarq.com\/es\/48-open-house-barcelona-2019-la-lira\/#primaryimage"},"image":{"@id":"https:\/\/betarq.com\/es\/48-open-house-barcelona-2019-la-lira\/#primaryimage"},"thumbnailUrl":"https:\/\/betarq.com\/wp-content\/uploads\/2019\/10\/09-web-la-lira-48h-scaled.jpg","datePublished":"2019-10-21T14:24:21+00:00","dateModified":"2023-12-08T09:36:41+00:00","breadcrumb":{"@id":"https:\/\/betarq.com\/es\/48-open-house-barcelona-2019-la-lira\/#breadcrumb"},"inLanguage":"es","potentialAction":[{"@type":"ReadAction","target":["https:\/\/betarq.com\/es\/48-open-house-barcelona-2019-la-lira\/"]}]},{"@type":"ImageObject","inLanguage":"es","@id":"https:\/\/betarq.com\/es\/48-open-house-barcelona-2019-la-lira\/#primaryimage","url":"https:\/\/betarq.com\/wp-content\/uploads\/2019\/10\/09-web-la-lira-48h-scaled.jpg","contentUrl":"https:\/\/betarq.com\/wp-content\/uploads\/2019\/10\/09-web-la-lira-48h-scaled.jpg","width":2560,"height":1440},{"@type":"BreadcrumbList","@id":"https:\/\/betarq.com\/es\/48-open-house-barcelona-2019-la-lira\/#breadcrumb","itemListElement":[{"@type":"ListItem","position":1,"name":"Portada","item":"https:\/\/betarq.com\/es\/"},{"@type":"ListItem","position":2,"name":"48 Open House Barcelona 2019- La Lira"}]},{"@type":"WebSite","@id":"https:\/\/betarq.com\/es\/#website","url":"https:\/\/betarq.com\/es\/","name":"Betarq","description":"","publisher":{"@id":"https:\/\/betarq.com\/es\/#organization"},"potentialAction":[{"@type":"SearchAction","target":{"@type":"EntryPoint","urlTemplate":"https:\/\/betarq.com\/es\/?s={search_term_string}"},"query-input":{"@type":"PropertyValueSpecification","valueRequired":true,"valueName":"search_term_string"}}],"inLanguage":"es"},{"@type":"Organization","@id":"https:\/\/betarq.com\/es\/#organization","name":"Betarq","url":"https:\/\/betarq.com\/es\/","logo":{"@type":"ImageObject","inLanguage":"es","@id":"https:\/\/betarq.com\/es\/#\/schema\/logo\/image\/","url":"https:\/\/betarq.com\/wp-content\/uploads\/2023\/09\/logo-betarq.png","contentUrl":"https:\/\/betarq.com\/wp-content\/uploads\/2023\/09\/logo-betarq.png","width":100,"height":75,"caption":"Betarq"},"image":{"@id":"https:\/\/betarq.com\/es\/#\/schema\/logo\/image\/"}},{"@type":"Person","@id":"https:\/\/betarq.com\/es\/#\/schema\/person\/ae0cb99ef3ff06ae78db31e143831d17","name":"raulbofill","image":{"@type":"ImageObject","inLanguage":"es","@id":"https:\/\/betarq.com\/es\/#\/schema\/person\/image\/","url":"https:\/\/secure.gravatar.com\/avatar\/2a171335aeb2708e14406d8a4f57eacc3b5fd77b9b85af05e61305622ee33824?s=96&d=mm&r=g","contentUrl":"https:\/\/secure.gravatar.com\/avatar\/2a171335aeb2708e14406d8a4f57eacc3b5fd77b9b85af05e61305622ee33824?s=96&d=mm&r=g","caption":"raulbofill"},"sameAs":["https:\/\/betarq.com"],"url":"https:\/\/betarq.com\/es\/author\/raulbofill\/"}]}},"_links":{"self":[{"href":"https:\/\/betarq.com\/es\/wp-json\/wp\/v2\/posts\/2522","targetHints":{"allow":["GET"]}}],"collection":[{"href":"https:\/\/betarq.com\/es\/wp-json\/wp\/v2\/posts"}],"about":[{"href":"https:\/\/betarq.com\/es\/wp-json\/wp\/v2\/types\/post"}],"author":[{"embeddable":true,"href":"https:\/\/betarq.com\/es\/wp-json\/wp\/v2\/users\/1"}],"replies":[{"embeddable":true,"href":"https:\/\/betarq.com\/es\/wp-json\/wp\/v2\/comments?post=2522"}],"version-history":[{"count":1,"href":"https:\/\/betarq.com\/es\/wp-json\/wp\/v2\/posts\/2522\/revisions"}],"predecessor-version":[{"id":3651,"href":"https:\/\/betarq.com\/es\/wp-json\/wp\/v2\/posts\/2522\/revisions\/3651"}],"wp:featuredmedia":[{"embeddable":true,"href":"https:\/\/betarq.com\/es\/wp-json\/wp\/v2\/media\/2500"}],"wp:attachment":[{"href":"https:\/\/betarq.com\/es\/wp-json\/wp\/v2\/media?parent=2522"}],"wp:term":[{"taxonomy":"category","embeddable":true,"href":"https:\/\/betarq.com\/es\/wp-json\/wp\/v2\/categories?post=2522"},{"taxonomy":"post_tag","embeddable":true,"href":"https:\/\/betarq.com\/es\/wp-json\/wp\/v2\/tags?post=2522"}],"curies":[{"name":"wp","href":"https:\/\/api.w.org\/{rel}","templated":true}]}}