{"id":2524,"date":"2019-07-05T12:57:26","date_gmt":"2019-07-05T10:57:26","guid":{"rendered":"https:\/\/betarq.com\/betarq-realizara-los-trabajos-de-project-management-del-primer-edificio-hecho-de-madera-en-espana\/"},"modified":"2023-12-08T10:37:41","modified_gmt":"2023-12-08T09:37:41","slug":"primer-edificio-de-oficinas-de-madera","status":"publish","type":"post","link":"https:\/\/betarq.com\/es\/primer-edificio-de-oficinas-de-madera\/","title":{"rendered":"Primer Edificio de oficinas de madera"},"content":{"rendered":"<p style=\"text-align: justify;\"><img loading=\"lazy\" decoding=\"async\" class=\"aligncenter size-full wp-image-2459\" src=\"https:\/\/betarq.com\/wp-content\/uploads\/2019\/07\/22-fusta-v.jpg\" alt=\"\" width=\"1164\" height=\"655\" srcset=\"https:\/\/betarq.com\/wp-content\/uploads\/2019\/07\/22-fusta-v.jpg 1164w, https:\/\/betarq.com\/wp-content\/uploads\/2019\/07\/22-fusta-v-300x169.jpg 300w, https:\/\/betarq.com\/wp-content\/uploads\/2019\/07\/22-fusta-v-1024x576.jpg 1024w, https:\/\/betarq.com\/wp-content\/uploads\/2019\/07\/22-fusta-v-768x432.jpg 768w, https:\/\/betarq.com\/wp-content\/uploads\/2019\/07\/22-fusta-v-500x281.jpg 500w\" sizes=\"auto, (max-width: 1164px) 100vw, 1164px\" \/>El proyecto WittyWood es el primero en Espa\u00f1a en realizar un bloque entero de oficinas de madera. El edificio estar\u00e1 situado en el barrio de Barcelona famoso por el creciente numero de edificios de oficinas, el 22@.<\/p>\n<p style=\"text-align: justify;\">El edificio tiene la firma del despacho de arquitectura Ballar\u00edn &amp; Griny\u00f3. Betarq participar\u00e1 en el proyecto en calidad de Project Manager.<\/p>\n<p style=\"text-align: justify;\">Os dejamos algunas noticias relacionadas con el proyecto:<\/p>\n<p style=\"text-align: justify;\"><a href=\"https:\/\/emprenem.ara.cat\/edifici-oficines-Barcelona-fet-fusta_0_2257574233.html\">https:\/\/emprenem.ara.cat\/edifici-oficines-Barcelona-fet-fusta_0_2257574233.html<\/a><\/p>\n<p style=\"text-align: justify;\"><a href=\"https:\/\/www.expansion.com\/catalunya\/2019\/06\/29\/5d167176468aebe06b8b46cb.html\">https:\/\/www.expansion.com\/catalunya\/2019\/06\/29\/5d167176468aebe06b8b46cb.html<\/a><\/p>\n<p style=\"text-align: justify;\"><a href=\"https:\/\/www.idealista.com\/news\/inmobiliario\/oficinas\/2019\/07\/01\/776489-wework-se-vuelve-eco-y-sella-el-alquiler-del-primer-edificio-de-madera-en-barcelona\">https:\/\/www.idealista.com\/news\/inmobiliario\/oficinas\/2019\/07\/01\/776489-wework-se-vuelve-eco-y-sella-el-alquiler-del-primer-edificio-de-madera-en-barcelona<\/a><\/p>\n<p style=\"text-align: justify;\">Edici\u00f3n impresa de la noticia completa de Expansi\u00f3n:<\/p>\n<p><img loading=\"lazy\" decoding=\"async\" class=\"aligncenter size-full wp-image-2463\" src=\"https:\/\/betarq.com\/wp-content\/uploads\/2019\/07\/acb065c1-a250-4065-9666-49d3b6586bdb.jpg\" alt=\"\" width=\"768\" height=\"1024\" srcset=\"https:\/\/betarq.com\/wp-content\/uploads\/2019\/07\/acb065c1-a250-4065-9666-49d3b6586bdb.jpg 768w, https:\/\/betarq.com\/wp-content\/uploads\/2019\/07\/acb065c1-a250-4065-9666-49d3b6586bdb-225x300.jpg 225w, https:\/\/betarq.com\/wp-content\/uploads\/2019\/07\/acb065c1-a250-4065-9666-49d3b6586bdb-500x667.jpg 500w\" sizes=\"auto, (max-width: 768px) 100vw, 768px\" \/><\/p>\n","protected":false},"excerpt":{"rendered":"<p>El proyecto WittyWood es el primero en Espa\u00f1a en realizar un bloque entero de oficinas de madera. El edificio estar\u00e1 situado en el barrio de Barcelona famoso por el creciente numero de edificios de oficinas, el 22@. El edificio tiene la firma del despacho de arquitectura Ballar\u00edn &amp; Griny\u00f3. Betarq participar\u00e1 en el proyecto en&hellip;<\/p>\n","protected":false},"author":1,"featured_media":2461,"comment_status":"closed","ping_status":"open","sticky":false,"template":"","format":"standard","meta":{"_acf_changed":false,"inline_featured_image":false,"_monsterinsights_skip_tracking":false,"_monsterinsights_sitenote_active":false,"_monsterinsights_sitenote_note":"","_monsterinsights_sitenote_category":0,"footnotes":""},"categories":[69],"tags":[],"class_list":["post-2524","post","type-post","status-publish","format-standard","has-post-thumbnail","hentry","category-noticias-es","category-69","description-off"],"acf":[],"yoast_head":"<!-- This site is optimized with the Yoast SEO plugin v27.1.1 - https:\/\/yoast.com\/product\/yoast-seo-wordpress\/ -->\n<title>Primer Edificio de oficinas de madera - Betarq<\/title>\n<meta name=\"robots\" content=\"index, follow, max-snippet:-1, max-image-preview:large, max-video-preview:-1\" \/>\n<link rel=\"canonical\" href=\"https:\/\/betarq.com\/es\/primer-edificio-de-oficinas-de-madera\/\" \/>\n<meta property=\"og:locale\" content=\"es_ES\" \/>\n<meta property=\"og:type\" content=\"article\" \/>\n<meta property=\"og:title\" content=\"Primer Edificio de oficinas de madera - Betarq\" \/>\n<meta property=\"og:description\" content=\"El proyecto WittyWood es el primero en Espa\u00f1a en realizar un bloque entero de oficinas de madera. El edificio estar\u00e1 situado en el barrio de Barcelona famoso por el creciente numero de edificios de oficinas, el 22@. El edificio tiene la firma del despacho de arquitectura Ballar\u00edn &amp; Griny\u00f3. Betarq participar\u00e1 en el proyecto en&hellip;\" \/>\n<meta property=\"og:url\" content=\"https:\/\/betarq.com\/es\/primer-edificio-de-oficinas-de-madera\/\" \/>\n<meta property=\"og:site_name\" content=\"Betarq\" \/>\n<meta property=\"article:published_time\" content=\"2019-07-05T10:57:26+00:00\" \/>\n<meta property=\"article:modified_time\" content=\"2023-12-08T09:37:41+00:00\" \/>\n<meta property=\"og:image\" content=\"https:\/\/betarq.com\/wp-content\/uploads\/2019\/07\/22-fusta-v.jpg\" \/>\n\t<meta property=\"og:image:width\" content=\"1164\" \/>\n\t<meta property=\"og:image:height\" content=\"655\" \/>\n\t<meta property=\"og:image:type\" content=\"image\/jpeg\" \/>\n<meta name=\"author\" content=\"raulbofill\" \/>\n<meta name=\"twitter:card\" content=\"summary_large_image\" \/>\n<meta name=\"twitter:label1\" content=\"Escrito por\" \/>\n\t<meta name=\"twitter:data1\" content=\"raulbofill\" \/>\n\t<meta name=\"twitter:label2\" content=\"Tiempo de lectura\" \/>\n\t<meta name=\"twitter:data2\" content=\"1 minuto\" \/>\n<script type=\"application\/ld+json\" class=\"yoast-schema-graph\">{\"@context\":\"https:\/\/schema.org\",\"@graph\":[{\"@type\":\"Article\",\"@id\":\"https:\/\/betarq.com\/es\/primer-edificio-de-oficinas-de-madera\/#article\",\"isPartOf\":{\"@id\":\"https:\/\/betarq.com\/es\/primer-edificio-de-oficinas-de-madera\/\"},\"author\":{\"name\":\"raulbofill\",\"@id\":\"https:\/\/betarq.com\/es\/#\/schema\/person\/ae0cb99ef3ff06ae78db31e143831d17\"},\"headline\":\"Primer Edificio de oficinas de madera\",\"datePublished\":\"2019-07-05T10:57:26+00:00\",\"dateModified\":\"2023-12-08T09:37:41+00:00\",\"mainEntityOfPage\":{\"@id\":\"https:\/\/betarq.com\/es\/primer-edificio-de-oficinas-de-madera\/\"},\"wordCount\":109,\"publisher\":{\"@id\":\"https:\/\/betarq.com\/es\/#organization\"},\"image\":{\"@id\":\"https:\/\/betarq.com\/es\/primer-edificio-de-oficinas-de-madera\/#primaryimage\"},\"thumbnailUrl\":\"https:\/\/betarq.com\/wp-content\/uploads\/2019\/07\/22-fusta-v.jpg\",\"articleSection\":[\"Noticias\"],\"inLanguage\":\"es\"},{\"@type\":\"WebPage\",\"@id\":\"https:\/\/betarq.com\/es\/primer-edificio-de-oficinas-de-madera\/\",\"url\":\"https:\/\/betarq.com\/es\/primer-edificio-de-oficinas-de-madera\/\",\"name\":\"Primer Edificio de oficinas de madera - Betarq\",\"isPartOf\":{\"@id\":\"https:\/\/betarq.com\/es\/#website\"},\"primaryImageOfPage\":{\"@id\":\"https:\/\/betarq.com\/es\/primer-edificio-de-oficinas-de-madera\/#primaryimage\"},\"image\":{\"@id\":\"https:\/\/betarq.com\/es\/primer-edificio-de-oficinas-de-madera\/#primaryimage\"},\"thumbnailUrl\":\"https:\/\/betarq.com\/wp-content\/uploads\/2019\/07\/22-fusta-v.jpg\",\"datePublished\":\"2019-07-05T10:57:26+00:00\",\"dateModified\":\"2023-12-08T09:37:41+00:00\",\"breadcrumb\":{\"@id\":\"https:\/\/betarq.com\/es\/primer-edificio-de-oficinas-de-madera\/#breadcrumb\"},\"inLanguage\":\"es\",\"potentialAction\":[{\"@type\":\"ReadAction\",\"target\":[\"https:\/\/betarq.com\/es\/primer-edificio-de-oficinas-de-madera\/\"]}]},{\"@type\":\"ImageObject\",\"inLanguage\":\"es\",\"@id\":\"https:\/\/betarq.com\/es\/primer-edificio-de-oficinas-de-madera\/#primaryimage\",\"url\":\"https:\/\/betarq.com\/wp-content\/uploads\/2019\/07\/22-fusta-v.jpg\",\"contentUrl\":\"https:\/\/betarq.com\/wp-content\/uploads\/2019\/07\/22-fusta-v.jpg\",\"width\":1164,\"height\":655},{\"@type\":\"BreadcrumbList\",\"@id\":\"https:\/\/betarq.com\/es\/primer-edificio-de-oficinas-de-madera\/#breadcrumb\",\"itemListElement\":[{\"@type\":\"ListItem\",\"position\":1,\"name\":\"Portada\",\"item\":\"https:\/\/betarq.com\/es\/\"},{\"@type\":\"ListItem\",\"position\":2,\"name\":\"Primer Edificio de oficinas de madera\"}]},{\"@type\":\"WebSite\",\"@id\":\"https:\/\/betarq.com\/es\/#website\",\"url\":\"https:\/\/betarq.com\/es\/\",\"name\":\"Betarq\",\"description\":\"\",\"publisher\":{\"@id\":\"https:\/\/betarq.com\/es\/#organization\"},\"potentialAction\":[{\"@type\":\"SearchAction\",\"target\":{\"@type\":\"EntryPoint\",\"urlTemplate\":\"https:\/\/betarq.com\/es\/?s={search_term_string}\"},\"query-input\":{\"@type\":\"PropertyValueSpecification\",\"valueRequired\":true,\"valueName\":\"search_term_string\"}}],\"inLanguage\":\"es\"},{\"@type\":\"Organization\",\"@id\":\"https:\/\/betarq.com\/es\/#organization\",\"name\":\"Betarq\",\"url\":\"https:\/\/betarq.com\/es\/\",\"logo\":{\"@type\":\"ImageObject\",\"inLanguage\":\"es\",\"@id\":\"https:\/\/betarq.com\/es\/#\/schema\/logo\/image\/\",\"url\":\"https:\/\/betarq.com\/wp-content\/uploads\/2023\/09\/logo-betarq.png\",\"contentUrl\":\"https:\/\/betarq.com\/wp-content\/uploads\/2023\/09\/logo-betarq.png\",\"width\":100,\"height\":75,\"caption\":\"Betarq\"},\"image\":{\"@id\":\"https:\/\/betarq.com\/es\/#\/schema\/logo\/image\/\"}},{\"@type\":\"Person\",\"@id\":\"https:\/\/betarq.com\/es\/#\/schema\/person\/ae0cb99ef3ff06ae78db31e143831d17\",\"name\":\"raulbofill\",\"image\":{\"@type\":\"ImageObject\",\"inLanguage\":\"es\",\"@id\":\"https:\/\/betarq.com\/es\/#\/schema\/person\/image\/\",\"url\":\"https:\/\/secure.gravatar.com\/avatar\/2a171335aeb2708e14406d8a4f57eacc3b5fd77b9b85af05e61305622ee33824?s=96&d=mm&r=g\",\"contentUrl\":\"https:\/\/secure.gravatar.com\/avatar\/2a171335aeb2708e14406d8a4f57eacc3b5fd77b9b85af05e61305622ee33824?s=96&d=mm&r=g\",\"caption\":\"raulbofill\"},\"sameAs\":[\"https:\/\/betarq.com\"],\"url\":\"https:\/\/betarq.com\/es\/author\/raulbofill\/\"}]}<\/script>\n<!-- \/ Yoast SEO plugin. -->","yoast_head_json":{"title":"Primer Edificio de oficinas de madera - Betarq","robots":{"index":"index","follow":"follow","max-snippet":"max-snippet:-1","max-image-preview":"max-image-preview:large","max-video-preview":"max-video-preview:-1"},"canonical":"https:\/\/betarq.com\/es\/primer-edificio-de-oficinas-de-madera\/","og_locale":"es_ES","og_type":"article","og_title":"Primer Edificio de oficinas de madera - Betarq","og_description":"El proyecto WittyWood es el primero en Espa\u00f1a en realizar un bloque entero de oficinas de madera. El edificio estar\u00e1 situado en el barrio de Barcelona famoso por el creciente numero de edificios de oficinas, el 22@. El edificio tiene la firma del despacho de arquitectura Ballar\u00edn &amp; Griny\u00f3. Betarq participar\u00e1 en el proyecto en&hellip;","og_url":"https:\/\/betarq.com\/es\/primer-edificio-de-oficinas-de-madera\/","og_site_name":"Betarq","article_published_time":"2019-07-05T10:57:26+00:00","article_modified_time":"2023-12-08T09:37:41+00:00","og_image":[{"width":1164,"height":655,"url":"https:\/\/betarq.com\/wp-content\/uploads\/2019\/07\/22-fusta-v.jpg","type":"image\/jpeg"}],"author":"raulbofill","twitter_card":"summary_large_image","twitter_misc":{"Escrito por":"raulbofill","Tiempo de lectura":"1 minuto"},"schema":{"@context":"https:\/\/schema.org","@graph":[{"@type":"Article","@id":"https:\/\/betarq.com\/es\/primer-edificio-de-oficinas-de-madera\/#article","isPartOf":{"@id":"https:\/\/betarq.com\/es\/primer-edificio-de-oficinas-de-madera\/"},"author":{"name":"raulbofill","@id":"https:\/\/betarq.com\/es\/#\/schema\/person\/ae0cb99ef3ff06ae78db31e143831d17"},"headline":"Primer Edificio de oficinas de madera","datePublished":"2019-07-05T10:57:26+00:00","dateModified":"2023-12-08T09:37:41+00:00","mainEntityOfPage":{"@id":"https:\/\/betarq.com\/es\/primer-edificio-de-oficinas-de-madera\/"},"wordCount":109,"publisher":{"@id":"https:\/\/betarq.com\/es\/#organization"},"image":{"@id":"https:\/\/betarq.com\/es\/primer-edificio-de-oficinas-de-madera\/#primaryimage"},"thumbnailUrl":"https:\/\/betarq.com\/wp-content\/uploads\/2019\/07\/22-fusta-v.jpg","articleSection":["Noticias"],"inLanguage":"es"},{"@type":"WebPage","@id":"https:\/\/betarq.com\/es\/primer-edificio-de-oficinas-de-madera\/","url":"https:\/\/betarq.com\/es\/primer-edificio-de-oficinas-de-madera\/","name":"Primer Edificio de oficinas de madera - Betarq","isPartOf":{"@id":"https:\/\/betarq.com\/es\/#website"},"primaryImageOfPage":{"@id":"https:\/\/betarq.com\/es\/primer-edificio-de-oficinas-de-madera\/#primaryimage"},"image":{"@id":"https:\/\/betarq.com\/es\/primer-edificio-de-oficinas-de-madera\/#primaryimage"},"thumbnailUrl":"https:\/\/betarq.com\/wp-content\/uploads\/2019\/07\/22-fusta-v.jpg","datePublished":"2019-07-05T10:57:26+00:00","dateModified":"2023-12-08T09:37:41+00:00","breadcrumb":{"@id":"https:\/\/betarq.com\/es\/primer-edificio-de-oficinas-de-madera\/#breadcrumb"},"inLanguage":"es","potentialAction":[{"@type":"ReadAction","target":["https:\/\/betarq.com\/es\/primer-edificio-de-oficinas-de-madera\/"]}]},{"@type":"ImageObject","inLanguage":"es","@id":"https:\/\/betarq.com\/es\/primer-edificio-de-oficinas-de-madera\/#primaryimage","url":"https:\/\/betarq.com\/wp-content\/uploads\/2019\/07\/22-fusta-v.jpg","contentUrl":"https:\/\/betarq.com\/wp-content\/uploads\/2019\/07\/22-fusta-v.jpg","width":1164,"height":655},{"@type":"BreadcrumbList","@id":"https:\/\/betarq.com\/es\/primer-edificio-de-oficinas-de-madera\/#breadcrumb","itemListElement":[{"@type":"ListItem","position":1,"name":"Portada","item":"https:\/\/betarq.com\/es\/"},{"@type":"ListItem","position":2,"name":"Primer Edificio de oficinas de madera"}]},{"@type":"WebSite","@id":"https:\/\/betarq.com\/es\/#website","url":"https:\/\/betarq.com\/es\/","name":"Betarq","description":"","publisher":{"@id":"https:\/\/betarq.com\/es\/#organization"},"potentialAction":[{"@type":"SearchAction","target":{"@type":"EntryPoint","urlTemplate":"https:\/\/betarq.com\/es\/?s={search_term_string}"},"query-input":{"@type":"PropertyValueSpecification","valueRequired":true,"valueName":"search_term_string"}}],"inLanguage":"es"},{"@type":"Organization","@id":"https:\/\/betarq.com\/es\/#organization","name":"Betarq","url":"https:\/\/betarq.com\/es\/","logo":{"@type":"ImageObject","inLanguage":"es","@id":"https:\/\/betarq.com\/es\/#\/schema\/logo\/image\/","url":"https:\/\/betarq.com\/wp-content\/uploads\/2023\/09\/logo-betarq.png","contentUrl":"https:\/\/betarq.com\/wp-content\/uploads\/2023\/09\/logo-betarq.png","width":100,"height":75,"caption":"Betarq"},"image":{"@id":"https:\/\/betarq.com\/es\/#\/schema\/logo\/image\/"}},{"@type":"Person","@id":"https:\/\/betarq.com\/es\/#\/schema\/person\/ae0cb99ef3ff06ae78db31e143831d17","name":"raulbofill","image":{"@type":"ImageObject","inLanguage":"es","@id":"https:\/\/betarq.com\/es\/#\/schema\/person\/image\/","url":"https:\/\/secure.gravatar.com\/avatar\/2a171335aeb2708e14406d8a4f57eacc3b5fd77b9b85af05e61305622ee33824?s=96&d=mm&r=g","contentUrl":"https:\/\/secure.gravatar.com\/avatar\/2a171335aeb2708e14406d8a4f57eacc3b5fd77b9b85af05e61305622ee33824?s=96&d=mm&r=g","caption":"raulbofill"},"sameAs":["https:\/\/betarq.com"],"url":"https:\/\/betarq.com\/es\/author\/raulbofill\/"}]}},"_links":{"self":[{"href":"https:\/\/betarq.com\/es\/wp-json\/wp\/v2\/posts\/2524","targetHints":{"allow":["GET"]}}],"collection":[{"href":"https:\/\/betarq.com\/es\/wp-json\/wp\/v2\/posts"}],"about":[{"href":"https:\/\/betarq.com\/es\/wp-json\/wp\/v2\/types\/post"}],"author":[{"embeddable":true,"href":"https:\/\/betarq.com\/es\/wp-json\/wp\/v2\/users\/1"}],"replies":[{"embeddable":true,"href":"https:\/\/betarq.com\/es\/wp-json\/wp\/v2\/comments?post=2524"}],"version-history":[{"count":1,"href":"https:\/\/betarq.com\/es\/wp-json\/wp\/v2\/posts\/2524\/revisions"}],"predecessor-version":[{"id":3655,"href":"https:\/\/betarq.com\/es\/wp-json\/wp\/v2\/posts\/2524\/revisions\/3655"}],"wp:featuredmedia":[{"embeddable":true,"href":"https:\/\/betarq.com\/es\/wp-json\/wp\/v2\/media\/2461"}],"wp:attachment":[{"href":"https:\/\/betarq.com\/es\/wp-json\/wp\/v2\/media?parent=2524"}],"wp:term":[{"taxonomy":"category","embeddable":true,"href":"https:\/\/betarq.com\/es\/wp-json\/wp\/v2\/categories?post=2524"},{"taxonomy":"post_tag","embeddable":true,"href":"https:\/\/betarq.com\/es\/wp-json\/wp\/v2\/tags?post=2524"}],"curies":[{"name":"wp","href":"https:\/\/api.w.org\/{rel}","templated":true}]}}