{"id":2538,"date":"2020-02-27T11:13:22","date_gmt":"2020-02-27T10:13:22","guid":{"rendered":"https:\/\/betarq.com\/institut-catala-doncologia-coordinadores-de-seguridad-salud\/"},"modified":"2023-12-08T10:35:59","modified_gmt":"2023-12-08T09:35:59","slug":"el-hospital-duran-i-reynals-del-instituto-catalan-de-oncologia","status":"publish","type":"post","link":"https:\/\/betarq.com\/es\/el-hospital-duran-i-reynals-del-instituto-catalan-de-oncologia\/","title":{"rendered":"El Hospital Duran i Reynals del Instituto Catal\u00e1n de Oncolog\u00eda"},"content":{"rendered":"<p><img loading=\"lazy\" decoding=\"async\" class=\"aligncenter size-full wp-image-2533\" src=\"https:\/\/betarq.com\/wp-content\/uploads\/2020\/02\/ICO-SS-blog-scaled.jpg\" alt=\"\" width=\"2560\" height=\"1440\" srcset=\"https:\/\/betarq.com\/wp-content\/uploads\/2020\/02\/ICO-SS-blog-scaled.jpg 2560w, https:\/\/betarq.com\/wp-content\/uploads\/2020\/02\/ICO-SS-blog-300x169.jpg 300w, https:\/\/betarq.com\/wp-content\/uploads\/2020\/02\/ICO-SS-blog-1024x576.jpg 1024w, https:\/\/betarq.com\/wp-content\/uploads\/2020\/02\/ICO-SS-blog-768x432.jpg 768w, https:\/\/betarq.com\/wp-content\/uploads\/2020\/02\/ICO-SS-blog-1536x864.jpg 1536w, https:\/\/betarq.com\/wp-content\/uploads\/2020\/02\/ICO-SS-blog-2048x1152.jpg 2048w, https:\/\/betarq.com\/wp-content\/uploads\/2020\/02\/ICO-SS-blog-500x281.jpg 500w\" sizes=\"auto, (max-width: 2560px) 100vw, 2560px\" \/>En Betarq\u00a0hemos sido adjudicados como coordinadores de seguridad y salud de los trabajos que se realizar\u00e1n durante el primer y segundo trimestre de este a\u00f1o en el Hospital Duran i Reynals del Institut Catal\u00e0 d&#8217;Oncolog\u00eda. Estos trabajos consisten en tres proyectos independientes:<\/p>\n<p>&#8211; Instalaci\u00f3n del sistema de producci\u00f3n de agua fr\u00eda y modificaci\u00f3n de la distribuci\u00f3n de agua en las unidades de climatizaci\u00f3n (n\u00facleo 1).<\/p>\n<p>&#8211; Reforma de la zona SEM. Cambios de distribuci\u00f3n interior, renovaci\u00f3n de las instalaciones, de carpinter\u00edas exteriores e interiores y de revestimientos.<\/p>\n<p>&#8211; Sustituci\u00f3n de carpinter\u00eda exterior.<\/p>\n<p>Las diversas obras se ejecutar\u00e1n en el hospital con una actividad hospitalaria en pleno rendimiento donde en ning\u00fan caso la actividad de \u00e9ste no parar\u00e1 por la ejecuci\u00f3n de las obras.<\/p>\n","protected":false},"excerpt":{"rendered":"<p>En Betarq\u00a0hemos sido adjudicados como coordinadores de seguridad y salud de los trabajos que se realizar\u00e1n durante el primer y segundo trimestre de este a\u00f1o en el Hospital Duran i Reynals del Institut Catal\u00e0 d&#8217;Oncolog\u00eda. Estos trabajos consisten en tres proyectos independientes: &#8211; Instalaci\u00f3n del sistema de producci\u00f3n de agua fr\u00eda y modificaci\u00f3n de la&hellip;<\/p>\n","protected":false},"author":1,"featured_media":2535,"comment_status":"closed","ping_status":"open","sticky":false,"template":"","format":"standard","meta":{"_acf_changed":false,"inline_featured_image":false,"_monsterinsights_skip_tracking":false,"_monsterinsights_sitenote_active":false,"_monsterinsights_sitenote_note":"","_monsterinsights_sitenote_category":0,"footnotes":""},"categories":[69],"tags":[],"class_list":["post-2538","post","type-post","status-publish","format-standard","has-post-thumbnail","hentry","category-noticias-es","category-69","description-off"],"acf":[],"yoast_head":"<!-- This site is optimized with the Yoast SEO plugin v27.1.1 - https:\/\/yoast.com\/product\/yoast-seo-wordpress\/ -->\n<title>El Hospital Duran i Reynals del Instituto Catal\u00e1n de Oncolog\u00eda - Betarq<\/title>\n<meta name=\"robots\" content=\"index, follow, max-snippet:-1, max-image-preview:large, max-video-preview:-1\" \/>\n<link rel=\"canonical\" href=\"https:\/\/betarq.com\/es\/el-hospital-duran-i-reynals-del-instituto-catalan-de-oncologia\/\" \/>\n<meta property=\"og:locale\" content=\"es_ES\" \/>\n<meta property=\"og:type\" content=\"article\" \/>\n<meta property=\"og:title\" content=\"El Hospital Duran i Reynals del Instituto Catal\u00e1n de Oncolog\u00eda - Betarq\" \/>\n<meta property=\"og:description\" content=\"En Betarq\u00a0hemos sido adjudicados como coordinadores de seguridad y salud de los trabajos que se realizar\u00e1n durante el primer y segundo trimestre de este a\u00f1o en el Hospital Duran i Reynals del Institut Catal\u00e0 d&#8217;Oncolog\u00eda. Estos trabajos consisten en tres proyectos independientes: &#8211; Instalaci\u00f3n del sistema de producci\u00f3n de agua fr\u00eda y modificaci\u00f3n de la&hellip;\" \/>\n<meta property=\"og:url\" content=\"https:\/\/betarq.com\/es\/el-hospital-duran-i-reynals-del-instituto-catalan-de-oncologia\/\" \/>\n<meta property=\"og:site_name\" content=\"Betarq\" \/>\n<meta property=\"article:published_time\" content=\"2020-02-27T10:13:22+00:00\" \/>\n<meta property=\"article:modified_time\" content=\"2023-12-08T09:35:59+00:00\" \/>\n<meta property=\"og:image\" content=\"https:\/\/betarq.com\/wp-content\/uploads\/2020\/02\/ICO-SS-blog-scaled.jpg\" \/>\n\t<meta property=\"og:image:width\" content=\"2560\" \/>\n\t<meta property=\"og:image:height\" content=\"1440\" \/>\n\t<meta property=\"og:image:type\" content=\"image\/jpeg\" \/>\n<meta name=\"author\" content=\"raulbofill\" \/>\n<meta name=\"twitter:card\" content=\"summary_large_image\" \/>\n<meta name=\"twitter:label1\" content=\"Escrito por\" \/>\n\t<meta name=\"twitter:data1\" content=\"raulbofill\" \/>\n\t<meta name=\"twitter:label2\" content=\"Tiempo de lectura\" \/>\n\t<meta name=\"twitter:data2\" content=\"1 minuto\" \/>\n<script type=\"application\/ld+json\" class=\"yoast-schema-graph\">{\"@context\":\"https:\/\/schema.org\",\"@graph\":[{\"@type\":\"Article\",\"@id\":\"https:\/\/betarq.com\/es\/el-hospital-duran-i-reynals-del-instituto-catalan-de-oncologia\/#article\",\"isPartOf\":{\"@id\":\"https:\/\/betarq.com\/es\/el-hospital-duran-i-reynals-del-instituto-catalan-de-oncologia\/\"},\"author\":{\"name\":\"raulbofill\",\"@id\":\"https:\/\/betarq.com\/es\/#\/schema\/person\/ae0cb99ef3ff06ae78db31e143831d17\"},\"headline\":\"El Hospital Duran i Reynals del Instituto Catal\u00e1n de Oncolog\u00eda\",\"datePublished\":\"2020-02-27T10:13:22+00:00\",\"dateModified\":\"2023-12-08T09:35:59+00:00\",\"mainEntityOfPage\":{\"@id\":\"https:\/\/betarq.com\/es\/el-hospital-duran-i-reynals-del-instituto-catalan-de-oncologia\/\"},\"wordCount\":154,\"publisher\":{\"@id\":\"https:\/\/betarq.com\/es\/#organization\"},\"image\":{\"@id\":\"https:\/\/betarq.com\/es\/el-hospital-duran-i-reynals-del-instituto-catalan-de-oncologia\/#primaryimage\"},\"thumbnailUrl\":\"https:\/\/betarq.com\/wp-content\/uploads\/2020\/02\/ICO-SS-blog-scaled.jpg\",\"articleSection\":[\"Noticias\"],\"inLanguage\":\"es\"},{\"@type\":\"WebPage\",\"@id\":\"https:\/\/betarq.com\/es\/el-hospital-duran-i-reynals-del-instituto-catalan-de-oncologia\/\",\"url\":\"https:\/\/betarq.com\/es\/el-hospital-duran-i-reynals-del-instituto-catalan-de-oncologia\/\",\"name\":\"El Hospital Duran i Reynals del Instituto Catal\u00e1n de Oncolog\u00eda - Betarq\",\"isPartOf\":{\"@id\":\"https:\/\/betarq.com\/es\/#website\"},\"primaryImageOfPage\":{\"@id\":\"https:\/\/betarq.com\/es\/el-hospital-duran-i-reynals-del-instituto-catalan-de-oncologia\/#primaryimage\"},\"image\":{\"@id\":\"https:\/\/betarq.com\/es\/el-hospital-duran-i-reynals-del-instituto-catalan-de-oncologia\/#primaryimage\"},\"thumbnailUrl\":\"https:\/\/betarq.com\/wp-content\/uploads\/2020\/02\/ICO-SS-blog-scaled.jpg\",\"datePublished\":\"2020-02-27T10:13:22+00:00\",\"dateModified\":\"2023-12-08T09:35:59+00:00\",\"breadcrumb\":{\"@id\":\"https:\/\/betarq.com\/es\/el-hospital-duran-i-reynals-del-instituto-catalan-de-oncologia\/#breadcrumb\"},\"inLanguage\":\"es\",\"potentialAction\":[{\"@type\":\"ReadAction\",\"target\":[\"https:\/\/betarq.com\/es\/el-hospital-duran-i-reynals-del-instituto-catalan-de-oncologia\/\"]}]},{\"@type\":\"ImageObject\",\"inLanguage\":\"es\",\"@id\":\"https:\/\/betarq.com\/es\/el-hospital-duran-i-reynals-del-instituto-catalan-de-oncologia\/#primaryimage\",\"url\":\"https:\/\/betarq.com\/wp-content\/uploads\/2020\/02\/ICO-SS-blog-scaled.jpg\",\"contentUrl\":\"https:\/\/betarq.com\/wp-content\/uploads\/2020\/02\/ICO-SS-blog-scaled.jpg\",\"width\":2560,\"height\":1440},{\"@type\":\"BreadcrumbList\",\"@id\":\"https:\/\/betarq.com\/es\/el-hospital-duran-i-reynals-del-instituto-catalan-de-oncologia\/#breadcrumb\",\"itemListElement\":[{\"@type\":\"ListItem\",\"position\":1,\"name\":\"Portada\",\"item\":\"https:\/\/betarq.com\/es\/\"},{\"@type\":\"ListItem\",\"position\":2,\"name\":\"El Hospital Duran i Reynals del Instituto Catal\u00e1n de Oncolog\u00eda\"}]},{\"@type\":\"WebSite\",\"@id\":\"https:\/\/betarq.com\/es\/#website\",\"url\":\"https:\/\/betarq.com\/es\/\",\"name\":\"Betarq\",\"description\":\"\",\"publisher\":{\"@id\":\"https:\/\/betarq.com\/es\/#organization\"},\"potentialAction\":[{\"@type\":\"SearchAction\",\"target\":{\"@type\":\"EntryPoint\",\"urlTemplate\":\"https:\/\/betarq.com\/es\/?s={search_term_string}\"},\"query-input\":{\"@type\":\"PropertyValueSpecification\",\"valueRequired\":true,\"valueName\":\"search_term_string\"}}],\"inLanguage\":\"es\"},{\"@type\":\"Organization\",\"@id\":\"https:\/\/betarq.com\/es\/#organization\",\"name\":\"Betarq\",\"url\":\"https:\/\/betarq.com\/es\/\",\"logo\":{\"@type\":\"ImageObject\",\"inLanguage\":\"es\",\"@id\":\"https:\/\/betarq.com\/es\/#\/schema\/logo\/image\/\",\"url\":\"https:\/\/betarq.com\/wp-content\/uploads\/2023\/09\/logo-betarq.png\",\"contentUrl\":\"https:\/\/betarq.com\/wp-content\/uploads\/2023\/09\/logo-betarq.png\",\"width\":100,\"height\":75,\"caption\":\"Betarq\"},\"image\":{\"@id\":\"https:\/\/betarq.com\/es\/#\/schema\/logo\/image\/\"}},{\"@type\":\"Person\",\"@id\":\"https:\/\/betarq.com\/es\/#\/schema\/person\/ae0cb99ef3ff06ae78db31e143831d17\",\"name\":\"raulbofill\",\"image\":{\"@type\":\"ImageObject\",\"inLanguage\":\"es\",\"@id\":\"https:\/\/betarq.com\/es\/#\/schema\/person\/image\/\",\"url\":\"https:\/\/secure.gravatar.com\/avatar\/2a171335aeb2708e14406d8a4f57eacc3b5fd77b9b85af05e61305622ee33824?s=96&d=mm&r=g\",\"contentUrl\":\"https:\/\/secure.gravatar.com\/avatar\/2a171335aeb2708e14406d8a4f57eacc3b5fd77b9b85af05e61305622ee33824?s=96&d=mm&r=g\",\"caption\":\"raulbofill\"},\"sameAs\":[\"https:\/\/betarq.com\"],\"url\":\"https:\/\/betarq.com\/es\/author\/raulbofill\/\"}]}<\/script>\n<!-- \/ Yoast SEO plugin. -->","yoast_head_json":{"title":"El Hospital Duran i Reynals del Instituto Catal\u00e1n de Oncolog\u00eda - Betarq","robots":{"index":"index","follow":"follow","max-snippet":"max-snippet:-1","max-image-preview":"max-image-preview:large","max-video-preview":"max-video-preview:-1"},"canonical":"https:\/\/betarq.com\/es\/el-hospital-duran-i-reynals-del-instituto-catalan-de-oncologia\/","og_locale":"es_ES","og_type":"article","og_title":"El Hospital Duran i Reynals del Instituto Catal\u00e1n de Oncolog\u00eda - Betarq","og_description":"En Betarq\u00a0hemos sido adjudicados como coordinadores de seguridad y salud de los trabajos que se realizar\u00e1n durante el primer y segundo trimestre de este a\u00f1o en el Hospital Duran i Reynals del Institut Catal\u00e0 d&#8217;Oncolog\u00eda. Estos trabajos consisten en tres proyectos independientes: &#8211; Instalaci\u00f3n del sistema de producci\u00f3n de agua fr\u00eda y modificaci\u00f3n de la&hellip;","og_url":"https:\/\/betarq.com\/es\/el-hospital-duran-i-reynals-del-instituto-catalan-de-oncologia\/","og_site_name":"Betarq","article_published_time":"2020-02-27T10:13:22+00:00","article_modified_time":"2023-12-08T09:35:59+00:00","og_image":[{"width":2560,"height":1440,"url":"https:\/\/betarq.com\/wp-content\/uploads\/2020\/02\/ICO-SS-blog-scaled.jpg","type":"image\/jpeg"}],"author":"raulbofill","twitter_card":"summary_large_image","twitter_misc":{"Escrito por":"raulbofill","Tiempo de lectura":"1 minuto"},"schema":{"@context":"https:\/\/schema.org","@graph":[{"@type":"Article","@id":"https:\/\/betarq.com\/es\/el-hospital-duran-i-reynals-del-instituto-catalan-de-oncologia\/#article","isPartOf":{"@id":"https:\/\/betarq.com\/es\/el-hospital-duran-i-reynals-del-instituto-catalan-de-oncologia\/"},"author":{"name":"raulbofill","@id":"https:\/\/betarq.com\/es\/#\/schema\/person\/ae0cb99ef3ff06ae78db31e143831d17"},"headline":"El Hospital Duran i Reynals del Instituto Catal\u00e1n de Oncolog\u00eda","datePublished":"2020-02-27T10:13:22+00:00","dateModified":"2023-12-08T09:35:59+00:00","mainEntityOfPage":{"@id":"https:\/\/betarq.com\/es\/el-hospital-duran-i-reynals-del-instituto-catalan-de-oncologia\/"},"wordCount":154,"publisher":{"@id":"https:\/\/betarq.com\/es\/#organization"},"image":{"@id":"https:\/\/betarq.com\/es\/el-hospital-duran-i-reynals-del-instituto-catalan-de-oncologia\/#primaryimage"},"thumbnailUrl":"https:\/\/betarq.com\/wp-content\/uploads\/2020\/02\/ICO-SS-blog-scaled.jpg","articleSection":["Noticias"],"inLanguage":"es"},{"@type":"WebPage","@id":"https:\/\/betarq.com\/es\/el-hospital-duran-i-reynals-del-instituto-catalan-de-oncologia\/","url":"https:\/\/betarq.com\/es\/el-hospital-duran-i-reynals-del-instituto-catalan-de-oncologia\/","name":"El Hospital Duran i Reynals del Instituto Catal\u00e1n de Oncolog\u00eda - Betarq","isPartOf":{"@id":"https:\/\/betarq.com\/es\/#website"},"primaryImageOfPage":{"@id":"https:\/\/betarq.com\/es\/el-hospital-duran-i-reynals-del-instituto-catalan-de-oncologia\/#primaryimage"},"image":{"@id":"https:\/\/betarq.com\/es\/el-hospital-duran-i-reynals-del-instituto-catalan-de-oncologia\/#primaryimage"},"thumbnailUrl":"https:\/\/betarq.com\/wp-content\/uploads\/2020\/02\/ICO-SS-blog-scaled.jpg","datePublished":"2020-02-27T10:13:22+00:00","dateModified":"2023-12-08T09:35:59+00:00","breadcrumb":{"@id":"https:\/\/betarq.com\/es\/el-hospital-duran-i-reynals-del-instituto-catalan-de-oncologia\/#breadcrumb"},"inLanguage":"es","potentialAction":[{"@type":"ReadAction","target":["https:\/\/betarq.com\/es\/el-hospital-duran-i-reynals-del-instituto-catalan-de-oncologia\/"]}]},{"@type":"ImageObject","inLanguage":"es","@id":"https:\/\/betarq.com\/es\/el-hospital-duran-i-reynals-del-instituto-catalan-de-oncologia\/#primaryimage","url":"https:\/\/betarq.com\/wp-content\/uploads\/2020\/02\/ICO-SS-blog-scaled.jpg","contentUrl":"https:\/\/betarq.com\/wp-content\/uploads\/2020\/02\/ICO-SS-blog-scaled.jpg","width":2560,"height":1440},{"@type":"BreadcrumbList","@id":"https:\/\/betarq.com\/es\/el-hospital-duran-i-reynals-del-instituto-catalan-de-oncologia\/#breadcrumb","itemListElement":[{"@type":"ListItem","position":1,"name":"Portada","item":"https:\/\/betarq.com\/es\/"},{"@type":"ListItem","position":2,"name":"El Hospital Duran i Reynals del Instituto Catal\u00e1n de Oncolog\u00eda"}]},{"@type":"WebSite","@id":"https:\/\/betarq.com\/es\/#website","url":"https:\/\/betarq.com\/es\/","name":"Betarq","description":"","publisher":{"@id":"https:\/\/betarq.com\/es\/#organization"},"potentialAction":[{"@type":"SearchAction","target":{"@type":"EntryPoint","urlTemplate":"https:\/\/betarq.com\/es\/?s={search_term_string}"},"query-input":{"@type":"PropertyValueSpecification","valueRequired":true,"valueName":"search_term_string"}}],"inLanguage":"es"},{"@type":"Organization","@id":"https:\/\/betarq.com\/es\/#organization","name":"Betarq","url":"https:\/\/betarq.com\/es\/","logo":{"@type":"ImageObject","inLanguage":"es","@id":"https:\/\/betarq.com\/es\/#\/schema\/logo\/image\/","url":"https:\/\/betarq.com\/wp-content\/uploads\/2023\/09\/logo-betarq.png","contentUrl":"https:\/\/betarq.com\/wp-content\/uploads\/2023\/09\/logo-betarq.png","width":100,"height":75,"caption":"Betarq"},"image":{"@id":"https:\/\/betarq.com\/es\/#\/schema\/logo\/image\/"}},{"@type":"Person","@id":"https:\/\/betarq.com\/es\/#\/schema\/person\/ae0cb99ef3ff06ae78db31e143831d17","name":"raulbofill","image":{"@type":"ImageObject","inLanguage":"es","@id":"https:\/\/betarq.com\/es\/#\/schema\/person\/image\/","url":"https:\/\/secure.gravatar.com\/avatar\/2a171335aeb2708e14406d8a4f57eacc3b5fd77b9b85af05e61305622ee33824?s=96&d=mm&r=g","contentUrl":"https:\/\/secure.gravatar.com\/avatar\/2a171335aeb2708e14406d8a4f57eacc3b5fd77b9b85af05e61305622ee33824?s=96&d=mm&r=g","caption":"raulbofill"},"sameAs":["https:\/\/betarq.com"],"url":"https:\/\/betarq.com\/es\/author\/raulbofill\/"}]}},"_links":{"self":[{"href":"https:\/\/betarq.com\/es\/wp-json\/wp\/v2\/posts\/2538","targetHints":{"allow":["GET"]}}],"collection":[{"href":"https:\/\/betarq.com\/es\/wp-json\/wp\/v2\/posts"}],"about":[{"href":"https:\/\/betarq.com\/es\/wp-json\/wp\/v2\/types\/post"}],"author":[{"embeddable":true,"href":"https:\/\/betarq.com\/es\/wp-json\/wp\/v2\/users\/1"}],"replies":[{"embeddable":true,"href":"https:\/\/betarq.com\/es\/wp-json\/wp\/v2\/comments?post=2538"}],"version-history":[{"count":1,"href":"https:\/\/betarq.com\/es\/wp-json\/wp\/v2\/posts\/2538\/revisions"}],"predecessor-version":[{"id":3648,"href":"https:\/\/betarq.com\/es\/wp-json\/wp\/v2\/posts\/2538\/revisions\/3648"}],"wp:featuredmedia":[{"embeddable":true,"href":"https:\/\/betarq.com\/es\/wp-json\/wp\/v2\/media\/2535"}],"wp:attachment":[{"href":"https:\/\/betarq.com\/es\/wp-json\/wp\/v2\/media?parent=2538"}],"wp:term":[{"taxonomy":"category","embeddable":true,"href":"https:\/\/betarq.com\/es\/wp-json\/wp\/v2\/categories?post=2538"},{"taxonomy":"post_tag","embeddable":true,"href":"https:\/\/betarq.com\/es\/wp-json\/wp\/v2\/tags?post=2538"}],"curies":[{"name":"wp","href":"https:\/\/api.w.org\/{rel}","templated":true}]}}