{"id":2563,"date":"2020-02-27T16:54:51","date_gmt":"2020-02-27T15:54:51","guid":{"rendered":"https:\/\/betarq.com\/acta-final-de-obra-residencial-cubelles-mediterrania\/"},"modified":"2023-12-08T10:35:53","modified_gmt":"2023-12-08T09:35:53","slug":"se-han-finalizado-las-obras-del-edificio-plurifamiliar-de-89-viviendas-en-cubelles","status":"publish","type":"post","link":"https:\/\/betarq.com\/es\/se-han-finalizado-las-obras-del-edificio-plurifamiliar-de-89-viviendas-en-cubelles\/","title":{"rendered":"Se han finalizado las obras del edificio plurifamiliar de 89 viviendas en Cubelles"},"content":{"rendered":"<p><img loading=\"lazy\" decoding=\"async\" class=\"aligncenter size-full wp-image-2539\" src=\"https:\/\/betarq.com\/wp-content\/uploads\/2020\/02\/Foto-general-01-16-9-scaled.jpg\" alt=\"\" width=\"2560\" height=\"1440\" srcset=\"https:\/\/betarq.com\/wp-content\/uploads\/2020\/02\/Foto-general-01-16-9-scaled.jpg 2560w, https:\/\/betarq.com\/wp-content\/uploads\/2020\/02\/Foto-general-01-16-9-300x169.jpg 300w, https:\/\/betarq.com\/wp-content\/uploads\/2020\/02\/Foto-general-01-16-9-1024x576.jpg 1024w, https:\/\/betarq.com\/wp-content\/uploads\/2020\/02\/Foto-general-01-16-9-768x432.jpg 768w, https:\/\/betarq.com\/wp-content\/uploads\/2020\/02\/Foto-general-01-16-9-1536x864.jpg 1536w, https:\/\/betarq.com\/wp-content\/uploads\/2020\/02\/Foto-general-01-16-9-2048x1152.jpg 2048w, https:\/\/betarq.com\/wp-content\/uploads\/2020\/02\/Foto-general-01-16-9-500x281.jpg 500w\" sizes=\"auto, (max-width: 2560px) 100vw, 2560px\" \/><\/p>\n<p>Se han finalizado las obras del edificio plurifamiliar de 89 viviendas en Cubelles.<\/p>\n<p>Promotor ALTAMIRA SANTANDER INMOBILIARIA, S.A.<\/p>\n<p>Proyecto y gesti\u00f3n de la construcci\u00f3n, Pacual-Ausi\u00f3 Arquitectes S.L.P y Marc Mogas.<\/p>\n<p>Direcci\u00f3n de ejecuci\u00f3n, Marc Mart\u00ednez y Betarq Group.<\/p>\n<p>&nbsp;<\/p>\n<p><img loading=\"lazy\" decoding=\"async\" class=\"aligncenter size-full wp-image-2542\" src=\"https:\/\/betarq.com\/wp-content\/uploads\/2020\/02\/Foto-general-02-1024x682-1.jpg\" alt=\"\" width=\"1024\" height=\"682\" srcset=\"https:\/\/betarq.com\/wp-content\/uploads\/2020\/02\/Foto-general-02-1024x682-1.jpg 1024w, https:\/\/betarq.com\/wp-content\/uploads\/2020\/02\/Foto-general-02-1024x682-1-300x200.jpg 300w, https:\/\/betarq.com\/wp-content\/uploads\/2020\/02\/Foto-general-02-1024x682-1-768x512.jpg 768w, https:\/\/betarq.com\/wp-content\/uploads\/2020\/02\/Foto-general-02-1024x682-1-500x333.jpg 500w\" sizes=\"auto, (max-width: 1024px) 100vw, 1024px\" \/><\/p>\n<p><img loading=\"lazy\" decoding=\"async\" class=\"aligncenter size-full wp-image-2545\" src=\"https:\/\/betarq.com\/wp-content\/uploads\/2020\/02\/Foto-general-03-baixa-1024x682-1.jpg\" alt=\"\" width=\"1024\" height=\"682\" srcset=\"https:\/\/betarq.com\/wp-content\/uploads\/2020\/02\/Foto-general-03-baixa-1024x682-1.jpg 1024w, https:\/\/betarq.com\/wp-content\/uploads\/2020\/02\/Foto-general-03-baixa-1024x682-1-300x200.jpg 300w, https:\/\/betarq.com\/wp-content\/uploads\/2020\/02\/Foto-general-03-baixa-1024x682-1-768x512.jpg 768w, https:\/\/betarq.com\/wp-content\/uploads\/2020\/02\/Foto-general-03-baixa-1024x682-1-500x333.jpg 500w\" sizes=\"auto, (max-width: 1024px) 100vw, 1024px\" \/><\/p>\n","protected":false},"excerpt":{"rendered":"<p>Se han finalizado las obras del edificio plurifamiliar de 89 viviendas en Cubelles. Promotor ALTAMIRA SANTANDER INMOBILIARIA, S.A. Proyecto y gesti\u00f3n de la construcci\u00f3n, Pacual-Ausi\u00f3 Arquitectes S.L.P y Marc Mogas. Direcci\u00f3n de ejecuci\u00f3n, Marc Mart\u00ednez y Betarq Group. &nbsp;<\/p>\n","protected":false},"author":1,"featured_media":2541,"comment_status":"closed","ping_status":"open","sticky":false,"template":"","format":"standard","meta":{"_acf_changed":false,"inline_featured_image":false,"_monsterinsights_skip_tracking":false,"_monsterinsights_sitenote_active":false,"_monsterinsights_sitenote_note":"","_monsterinsights_sitenote_category":0,"footnotes":""},"categories":[69],"tags":[],"class_list":["post-2563","post","type-post","status-publish","format-standard","has-post-thumbnail","hentry","category-noticias-es","category-69","description-off"],"acf":[],"yoast_head":"<!-- This site is optimized with the Yoast SEO plugin v27.1.1 - https:\/\/yoast.com\/product\/yoast-seo-wordpress\/ -->\n<title>Se han finalizado las obras del edificio plurifamiliar de 89 viviendas en Cubelles - Betarq<\/title>\n<meta name=\"robots\" content=\"index, follow, max-snippet:-1, max-image-preview:large, max-video-preview:-1\" \/>\n<link rel=\"canonical\" href=\"https:\/\/betarq.com\/es\/se-han-finalizado-las-obras-del-edificio-plurifamiliar-de-89-viviendas-en-cubelles\/\" \/>\n<meta property=\"og:locale\" content=\"es_ES\" \/>\n<meta property=\"og:type\" content=\"article\" \/>\n<meta property=\"og:title\" content=\"Se han finalizado las obras del edificio plurifamiliar de 89 viviendas en Cubelles - Betarq\" \/>\n<meta property=\"og:description\" content=\"Se han finalizado las obras del edificio plurifamiliar de 89 viviendas en Cubelles. Promotor ALTAMIRA SANTANDER INMOBILIARIA, S.A. Proyecto y gesti\u00f3n de la construcci\u00f3n, Pacual-Ausi\u00f3 Arquitectes S.L.P y Marc Mogas. Direcci\u00f3n de ejecuci\u00f3n, Marc Mart\u00ednez y Betarq Group. &nbsp;\" \/>\n<meta property=\"og:url\" content=\"https:\/\/betarq.com\/es\/se-han-finalizado-las-obras-del-edificio-plurifamiliar-de-89-viviendas-en-cubelles\/\" \/>\n<meta property=\"og:site_name\" content=\"Betarq\" \/>\n<meta property=\"article:published_time\" content=\"2020-02-27T15:54:51+00:00\" \/>\n<meta property=\"article:modified_time\" content=\"2023-12-08T09:35:53+00:00\" \/>\n<meta property=\"og:image\" content=\"https:\/\/betarq.com\/wp-content\/uploads\/2020\/02\/Foto-general-01-16-9-scaled.jpg\" \/>\n\t<meta property=\"og:image:width\" content=\"2560\" \/>\n\t<meta property=\"og:image:height\" content=\"1440\" \/>\n\t<meta property=\"og:image:type\" content=\"image\/jpeg\" \/>\n<meta name=\"author\" content=\"raulbofill\" \/>\n<meta name=\"twitter:card\" content=\"summary_large_image\" \/>\n<meta name=\"twitter:label1\" content=\"Escrito por\" \/>\n\t<meta name=\"twitter:data1\" content=\"raulbofill\" \/>\n\t<meta name=\"twitter:label2\" content=\"Tiempo de lectura\" \/>\n\t<meta name=\"twitter:data2\" content=\"1 minuto\" \/>\n<script type=\"application\/ld+json\" class=\"yoast-schema-graph\">{\"@context\":\"https:\/\/schema.org\",\"@graph\":[{\"@type\":\"Article\",\"@id\":\"https:\/\/betarq.com\/es\/se-han-finalizado-las-obras-del-edificio-plurifamiliar-de-89-viviendas-en-cubelles\/#article\",\"isPartOf\":{\"@id\":\"https:\/\/betarq.com\/es\/se-han-finalizado-las-obras-del-edificio-plurifamiliar-de-89-viviendas-en-cubelles\/\"},\"author\":{\"name\":\"raulbofill\",\"@id\":\"https:\/\/betarq.com\/es\/#\/schema\/person\/ae0cb99ef3ff06ae78db31e143831d17\"},\"headline\":\"Se han finalizado las obras del edificio plurifamiliar de 89 viviendas en Cubelles\",\"datePublished\":\"2020-02-27T15:54:51+00:00\",\"dateModified\":\"2023-12-08T09:35:53+00:00\",\"mainEntityOfPage\":{\"@id\":\"https:\/\/betarq.com\/es\/se-han-finalizado-las-obras-del-edificio-plurifamiliar-de-89-viviendas-en-cubelles\/\"},\"wordCount\":58,\"publisher\":{\"@id\":\"https:\/\/betarq.com\/es\/#organization\"},\"image\":{\"@id\":\"https:\/\/betarq.com\/es\/se-han-finalizado-las-obras-del-edificio-plurifamiliar-de-89-viviendas-en-cubelles\/#primaryimage\"},\"thumbnailUrl\":\"https:\/\/betarq.com\/wp-content\/uploads\/2020\/02\/Foto-general-01-16-9-scaled.jpg\",\"articleSection\":[\"Noticias\"],\"inLanguage\":\"es\"},{\"@type\":\"WebPage\",\"@id\":\"https:\/\/betarq.com\/es\/se-han-finalizado-las-obras-del-edificio-plurifamiliar-de-89-viviendas-en-cubelles\/\",\"url\":\"https:\/\/betarq.com\/es\/se-han-finalizado-las-obras-del-edificio-plurifamiliar-de-89-viviendas-en-cubelles\/\",\"name\":\"Se han finalizado las obras del edificio plurifamiliar de 89 viviendas en Cubelles - Betarq\",\"isPartOf\":{\"@id\":\"https:\/\/betarq.com\/es\/#website\"},\"primaryImageOfPage\":{\"@id\":\"https:\/\/betarq.com\/es\/se-han-finalizado-las-obras-del-edificio-plurifamiliar-de-89-viviendas-en-cubelles\/#primaryimage\"},\"image\":{\"@id\":\"https:\/\/betarq.com\/es\/se-han-finalizado-las-obras-del-edificio-plurifamiliar-de-89-viviendas-en-cubelles\/#primaryimage\"},\"thumbnailUrl\":\"https:\/\/betarq.com\/wp-content\/uploads\/2020\/02\/Foto-general-01-16-9-scaled.jpg\",\"datePublished\":\"2020-02-27T15:54:51+00:00\",\"dateModified\":\"2023-12-08T09:35:53+00:00\",\"breadcrumb\":{\"@id\":\"https:\/\/betarq.com\/es\/se-han-finalizado-las-obras-del-edificio-plurifamiliar-de-89-viviendas-en-cubelles\/#breadcrumb\"},\"inLanguage\":\"es\",\"potentialAction\":[{\"@type\":\"ReadAction\",\"target\":[\"https:\/\/betarq.com\/es\/se-han-finalizado-las-obras-del-edificio-plurifamiliar-de-89-viviendas-en-cubelles\/\"]}]},{\"@type\":\"ImageObject\",\"inLanguage\":\"es\",\"@id\":\"https:\/\/betarq.com\/es\/se-han-finalizado-las-obras-del-edificio-plurifamiliar-de-89-viviendas-en-cubelles\/#primaryimage\",\"url\":\"https:\/\/betarq.com\/wp-content\/uploads\/2020\/02\/Foto-general-01-16-9-scaled.jpg\",\"contentUrl\":\"https:\/\/betarq.com\/wp-content\/uploads\/2020\/02\/Foto-general-01-16-9-scaled.jpg\",\"width\":2560,\"height\":1440},{\"@type\":\"BreadcrumbList\",\"@id\":\"https:\/\/betarq.com\/es\/se-han-finalizado-las-obras-del-edificio-plurifamiliar-de-89-viviendas-en-cubelles\/#breadcrumb\",\"itemListElement\":[{\"@type\":\"ListItem\",\"position\":1,\"name\":\"Portada\",\"item\":\"https:\/\/betarq.com\/es\/\"},{\"@type\":\"ListItem\",\"position\":2,\"name\":\"Se han finalizado las obras del edificio plurifamiliar de 89 viviendas en Cubelles\"}]},{\"@type\":\"WebSite\",\"@id\":\"https:\/\/betarq.com\/es\/#website\",\"url\":\"https:\/\/betarq.com\/es\/\",\"name\":\"Betarq\",\"description\":\"\",\"publisher\":{\"@id\":\"https:\/\/betarq.com\/es\/#organization\"},\"potentialAction\":[{\"@type\":\"SearchAction\",\"target\":{\"@type\":\"EntryPoint\",\"urlTemplate\":\"https:\/\/betarq.com\/es\/?s={search_term_string}\"},\"query-input\":{\"@type\":\"PropertyValueSpecification\",\"valueRequired\":true,\"valueName\":\"search_term_string\"}}],\"inLanguage\":\"es\"},{\"@type\":\"Organization\",\"@id\":\"https:\/\/betarq.com\/es\/#organization\",\"name\":\"Betarq\",\"url\":\"https:\/\/betarq.com\/es\/\",\"logo\":{\"@type\":\"ImageObject\",\"inLanguage\":\"es\",\"@id\":\"https:\/\/betarq.com\/es\/#\/schema\/logo\/image\/\",\"url\":\"https:\/\/betarq.com\/wp-content\/uploads\/2023\/09\/logo-betarq.png\",\"contentUrl\":\"https:\/\/betarq.com\/wp-content\/uploads\/2023\/09\/logo-betarq.png\",\"width\":100,\"height\":75,\"caption\":\"Betarq\"},\"image\":{\"@id\":\"https:\/\/betarq.com\/es\/#\/schema\/logo\/image\/\"}},{\"@type\":\"Person\",\"@id\":\"https:\/\/betarq.com\/es\/#\/schema\/person\/ae0cb99ef3ff06ae78db31e143831d17\",\"name\":\"raulbofill\",\"image\":{\"@type\":\"ImageObject\",\"inLanguage\":\"es\",\"@id\":\"https:\/\/betarq.com\/es\/#\/schema\/person\/image\/\",\"url\":\"https:\/\/secure.gravatar.com\/avatar\/2a171335aeb2708e14406d8a4f57eacc3b5fd77b9b85af05e61305622ee33824?s=96&d=mm&r=g\",\"contentUrl\":\"https:\/\/secure.gravatar.com\/avatar\/2a171335aeb2708e14406d8a4f57eacc3b5fd77b9b85af05e61305622ee33824?s=96&d=mm&r=g\",\"caption\":\"raulbofill\"},\"sameAs\":[\"https:\/\/betarq.com\"],\"url\":\"https:\/\/betarq.com\/es\/author\/raulbofill\/\"}]}<\/script>\n<!-- \/ Yoast SEO plugin. -->","yoast_head_json":{"title":"Se han finalizado las obras del edificio plurifamiliar de 89 viviendas en Cubelles - Betarq","robots":{"index":"index","follow":"follow","max-snippet":"max-snippet:-1","max-image-preview":"max-image-preview:large","max-video-preview":"max-video-preview:-1"},"canonical":"https:\/\/betarq.com\/es\/se-han-finalizado-las-obras-del-edificio-plurifamiliar-de-89-viviendas-en-cubelles\/","og_locale":"es_ES","og_type":"article","og_title":"Se han finalizado las obras del edificio plurifamiliar de 89 viviendas en Cubelles - Betarq","og_description":"Se han finalizado las obras del edificio plurifamiliar de 89 viviendas en Cubelles. Promotor ALTAMIRA SANTANDER INMOBILIARIA, S.A. Proyecto y gesti\u00f3n de la construcci\u00f3n, Pacual-Ausi\u00f3 Arquitectes S.L.P y Marc Mogas. Direcci\u00f3n de ejecuci\u00f3n, Marc Mart\u00ednez y Betarq Group. &nbsp;","og_url":"https:\/\/betarq.com\/es\/se-han-finalizado-las-obras-del-edificio-plurifamiliar-de-89-viviendas-en-cubelles\/","og_site_name":"Betarq","article_published_time":"2020-02-27T15:54:51+00:00","article_modified_time":"2023-12-08T09:35:53+00:00","og_image":[{"width":2560,"height":1440,"url":"https:\/\/betarq.com\/wp-content\/uploads\/2020\/02\/Foto-general-01-16-9-scaled.jpg","type":"image\/jpeg"}],"author":"raulbofill","twitter_card":"summary_large_image","twitter_misc":{"Escrito por":"raulbofill","Tiempo de lectura":"1 minuto"},"schema":{"@context":"https:\/\/schema.org","@graph":[{"@type":"Article","@id":"https:\/\/betarq.com\/es\/se-han-finalizado-las-obras-del-edificio-plurifamiliar-de-89-viviendas-en-cubelles\/#article","isPartOf":{"@id":"https:\/\/betarq.com\/es\/se-han-finalizado-las-obras-del-edificio-plurifamiliar-de-89-viviendas-en-cubelles\/"},"author":{"name":"raulbofill","@id":"https:\/\/betarq.com\/es\/#\/schema\/person\/ae0cb99ef3ff06ae78db31e143831d17"},"headline":"Se han finalizado las obras del edificio plurifamiliar de 89 viviendas en Cubelles","datePublished":"2020-02-27T15:54:51+00:00","dateModified":"2023-12-08T09:35:53+00:00","mainEntityOfPage":{"@id":"https:\/\/betarq.com\/es\/se-han-finalizado-las-obras-del-edificio-plurifamiliar-de-89-viviendas-en-cubelles\/"},"wordCount":58,"publisher":{"@id":"https:\/\/betarq.com\/es\/#organization"},"image":{"@id":"https:\/\/betarq.com\/es\/se-han-finalizado-las-obras-del-edificio-plurifamiliar-de-89-viviendas-en-cubelles\/#primaryimage"},"thumbnailUrl":"https:\/\/betarq.com\/wp-content\/uploads\/2020\/02\/Foto-general-01-16-9-scaled.jpg","articleSection":["Noticias"],"inLanguage":"es"},{"@type":"WebPage","@id":"https:\/\/betarq.com\/es\/se-han-finalizado-las-obras-del-edificio-plurifamiliar-de-89-viviendas-en-cubelles\/","url":"https:\/\/betarq.com\/es\/se-han-finalizado-las-obras-del-edificio-plurifamiliar-de-89-viviendas-en-cubelles\/","name":"Se han finalizado las obras del edificio plurifamiliar de 89 viviendas en Cubelles - Betarq","isPartOf":{"@id":"https:\/\/betarq.com\/es\/#website"},"primaryImageOfPage":{"@id":"https:\/\/betarq.com\/es\/se-han-finalizado-las-obras-del-edificio-plurifamiliar-de-89-viviendas-en-cubelles\/#primaryimage"},"image":{"@id":"https:\/\/betarq.com\/es\/se-han-finalizado-las-obras-del-edificio-plurifamiliar-de-89-viviendas-en-cubelles\/#primaryimage"},"thumbnailUrl":"https:\/\/betarq.com\/wp-content\/uploads\/2020\/02\/Foto-general-01-16-9-scaled.jpg","datePublished":"2020-02-27T15:54:51+00:00","dateModified":"2023-12-08T09:35:53+00:00","breadcrumb":{"@id":"https:\/\/betarq.com\/es\/se-han-finalizado-las-obras-del-edificio-plurifamiliar-de-89-viviendas-en-cubelles\/#breadcrumb"},"inLanguage":"es","potentialAction":[{"@type":"ReadAction","target":["https:\/\/betarq.com\/es\/se-han-finalizado-las-obras-del-edificio-plurifamiliar-de-89-viviendas-en-cubelles\/"]}]},{"@type":"ImageObject","inLanguage":"es","@id":"https:\/\/betarq.com\/es\/se-han-finalizado-las-obras-del-edificio-plurifamiliar-de-89-viviendas-en-cubelles\/#primaryimage","url":"https:\/\/betarq.com\/wp-content\/uploads\/2020\/02\/Foto-general-01-16-9-scaled.jpg","contentUrl":"https:\/\/betarq.com\/wp-content\/uploads\/2020\/02\/Foto-general-01-16-9-scaled.jpg","width":2560,"height":1440},{"@type":"BreadcrumbList","@id":"https:\/\/betarq.com\/es\/se-han-finalizado-las-obras-del-edificio-plurifamiliar-de-89-viviendas-en-cubelles\/#breadcrumb","itemListElement":[{"@type":"ListItem","position":1,"name":"Portada","item":"https:\/\/betarq.com\/es\/"},{"@type":"ListItem","position":2,"name":"Se han finalizado las obras del edificio plurifamiliar de 89 viviendas en Cubelles"}]},{"@type":"WebSite","@id":"https:\/\/betarq.com\/es\/#website","url":"https:\/\/betarq.com\/es\/","name":"Betarq","description":"","publisher":{"@id":"https:\/\/betarq.com\/es\/#organization"},"potentialAction":[{"@type":"SearchAction","target":{"@type":"EntryPoint","urlTemplate":"https:\/\/betarq.com\/es\/?s={search_term_string}"},"query-input":{"@type":"PropertyValueSpecification","valueRequired":true,"valueName":"search_term_string"}}],"inLanguage":"es"},{"@type":"Organization","@id":"https:\/\/betarq.com\/es\/#organization","name":"Betarq","url":"https:\/\/betarq.com\/es\/","logo":{"@type":"ImageObject","inLanguage":"es","@id":"https:\/\/betarq.com\/es\/#\/schema\/logo\/image\/","url":"https:\/\/betarq.com\/wp-content\/uploads\/2023\/09\/logo-betarq.png","contentUrl":"https:\/\/betarq.com\/wp-content\/uploads\/2023\/09\/logo-betarq.png","width":100,"height":75,"caption":"Betarq"},"image":{"@id":"https:\/\/betarq.com\/es\/#\/schema\/logo\/image\/"}},{"@type":"Person","@id":"https:\/\/betarq.com\/es\/#\/schema\/person\/ae0cb99ef3ff06ae78db31e143831d17","name":"raulbofill","image":{"@type":"ImageObject","inLanguage":"es","@id":"https:\/\/betarq.com\/es\/#\/schema\/person\/image\/","url":"https:\/\/secure.gravatar.com\/avatar\/2a171335aeb2708e14406d8a4f57eacc3b5fd77b9b85af05e61305622ee33824?s=96&d=mm&r=g","contentUrl":"https:\/\/secure.gravatar.com\/avatar\/2a171335aeb2708e14406d8a4f57eacc3b5fd77b9b85af05e61305622ee33824?s=96&d=mm&r=g","caption":"raulbofill"},"sameAs":["https:\/\/betarq.com"],"url":"https:\/\/betarq.com\/es\/author\/raulbofill\/"}]}},"_links":{"self":[{"href":"https:\/\/betarq.com\/es\/wp-json\/wp\/v2\/posts\/2563","targetHints":{"allow":["GET"]}}],"collection":[{"href":"https:\/\/betarq.com\/es\/wp-json\/wp\/v2\/posts"}],"about":[{"href":"https:\/\/betarq.com\/es\/wp-json\/wp\/v2\/types\/post"}],"author":[{"embeddable":true,"href":"https:\/\/betarq.com\/es\/wp-json\/wp\/v2\/users\/1"}],"replies":[{"embeddable":true,"href":"https:\/\/betarq.com\/es\/wp-json\/wp\/v2\/comments?post=2563"}],"version-history":[{"count":1,"href":"https:\/\/betarq.com\/es\/wp-json\/wp\/v2\/posts\/2563\/revisions"}],"predecessor-version":[{"id":3647,"href":"https:\/\/betarq.com\/es\/wp-json\/wp\/v2\/posts\/2563\/revisions\/3647"}],"wp:featuredmedia":[{"embeddable":true,"href":"https:\/\/betarq.com\/es\/wp-json\/wp\/v2\/media\/2541"}],"wp:attachment":[{"href":"https:\/\/betarq.com\/es\/wp-json\/wp\/v2\/media?parent=2563"}],"wp:term":[{"taxonomy":"category","embeddable":true,"href":"https:\/\/betarq.com\/es\/wp-json\/wp\/v2\/categories?post=2563"},{"taxonomy":"post_tag","embeddable":true,"href":"https:\/\/betarq.com\/es\/wp-json\/wp\/v2\/tags?post=2563"}],"curies":[{"name":"wp","href":"https:\/\/api.w.org\/{rel}","templated":true}]}}