{"id":2619,"date":"2020-07-09T11:07:13","date_gmt":"2020-07-09T09:07:13","guid":{"rendered":"https:\/\/betarq.com\/betarq-ha-sido-seleccionada-para-los-premios-catalunya-construccion\/"},"modified":"2023-12-08T10:35:40","modified_gmt":"2023-12-08T09:35:40","slug":"premios-cataluna-de-la-construccion-2020","status":"publish","type":"post","link":"https:\/\/betarq.com\/es\/premios-cataluna-de-la-construccion-2020\/","title":{"rendered":"Premios Catalu\u00f1a de la construcci\u00f3n 2020"},"content":{"rendered":"<p><img loading=\"lazy\" decoding=\"async\" class=\"aligncenter wp-image-2607 size-full\" src=\"https:\/\/betarq.com\/wp-content\/uploads\/2020\/07\/premis-20-16-9.png\" alt=\"\" width=\"399\" height=\"224\" srcset=\"https:\/\/betarq.com\/wp-content\/uploads\/2020\/07\/premis-20-16-9.png 399w, https:\/\/betarq.com\/wp-content\/uploads\/2020\/07\/premis-20-16-9-300x168.png 300w\" sizes=\"auto, (max-width: 399px) 100vw, 399px\" \/>El Jurado de los Premios Catalu\u00f1a de la Construcci\u00f3n ha decidido las candidaturas seleccionadas de las que saldr\u00e1n las finalistas en cada categor\u00eda. Betarq con el <a href=\"http:\/\/betarq.com\/proyecto\/equipamiento-sociocultural-alella\/\">centro sociocultural de Alella<\/a> es una de la candidaturas seleccionadas en la categor\u00eda de direcci\u00f3n de obra. <a href=\"https:\/\/www.apabcn.cat\/ca_es\/serveicolegiat\/actesiactivitats\/premis\/Pagines\/edicio-2020.aspx\">Aqu\u00ed<\/a> pod\u00e9is ver el resto de candidaturas seleccionadas.<\/p>\n<p>En la edici\u00f3n pasada Betarq ya fue finalista en la misma categor\u00eda con el <a href=\"http:\/\/betarq.com\/proyecto\/instituto-investigacion-trias-y-pujol\/\">Centro de Medicina Comparativa Trias i Pujol<\/a>.<\/p>\n<p><strong>Equipamiento sociocultural Alella<\/strong><\/p>\n<p>Proyectista: Pol Femenies Ure\u00f1a de FEM Arquitectura<\/p>\n<p>Descripci\u00f3n de la geometr\u00eda del edificio:\u00a0La arquitectura del equipamiento se basa en la geometr\u00eda de un m\u00f3dulo de 4,20m x 4,20m que racionaliza la estructura y conforma la cubierta, que est\u00e1 formada por lucernarios prefabricados de planta cuadrada. Este m\u00f3dulo configura la estructura de todos los espacios de las plantas inferiores: se apoya en las j\u00e1cenas de gran canto de la sala polivalente y fija la posici\u00f3n de las j\u00e1cenas principales de la casa. A partir de este modulaje establecen las luces de la sala polivalente (14m) y el centro (9.5m) y se conforma la anchura del atrio principal. El inicio de replanteo se plantea en la calle Santa madrona, al ser el de trazado m\u00e1s recto, quedando la fachada a este mucho m\u00e1s alineada al vial que la fachada en la calle Santa Teresa, m\u00e1s retranqueada resultado de las diversas expropiaciones los terrenos que eran anexas al casal. Es as\u00ed como la geometr\u00eda de la planta por el frente norte del equipamiento ya no es tan r\u00edgida, y responde no tanto al modulaje estructural como la gestualidad que implica la adaptaci\u00f3n con el entorno urbano m\u00e1s inmediato.<\/p>\n<p>Descripci\u00f3n del volumen:\u00a0El proyecto consta de PB + 2PP, excepto en los puntos fijados por el planeamiento de PB + 1PP en el frente en la calle Santa Teresa, y la altura de las plantas queda limitada por la altura reguladora m\u00e1xima (9,70m), y que se toma desde el centro de la fachada principal del edificio (fachada norte). Por encima de esta s\u00f3lo encontramos los espacios de instalaciones y los lucernarios. Al tratarse de un edificio con dos fachadas a dos calles diferentes, se considera, el frente principal de parcela el de la calle Santa Teresa y Can Patatina. Se coge precisamente la cota de la plaza de Can Patatines como cota principal de acceso en planta baja, quedando al mismo nivel del atrio de la sala polivalente y a nivel de la cafeter\u00eda de la casa, habilitando un peque\u00f1o espacio de terraza exterior para los meses de verano. Las plantas son de 3,50m entre acabados, quedando espacios de doble altura en la sala polivalente y el casal, aparte del atrio que dispone de toda la altura libre.<br \/>\nPara integrar mejor el gran volumen de la caja esc\u00e9nica con la calle Santa Madrona, esta se retira a nivel de planta segunda para quedar el coronamiento de la fachada a altura de los caballetes de las viviendas plurifamiliares vecinos. Para la fachada norte, la altura ayuda a rematar las medianeras de estas viviendas, que hasta ahora quedaban desnudas y a la vista como fachada del espacio p\u00fablico, y al llegar a tierra una marquesina construye un espacio intermedio de acceso, situ\u00e1ndose a la altura de la construcci\u00f3n de Can Patatina, que se mantiene.<\/p>\n<p>Os mostramos algunas fotograf\u00edas tomadas durante\u00a0diversas fases de la construcci\u00f3n:<\/p>\n<p>&nbsp;<\/p>\n<p><a href=\"http:\/\/betarq.com\/wp-content\/uploads\/2020\/07\/20170920_095639.jpg\"><img loading=\"lazy\" decoding=\"async\" class=\"aligncenter size-full wp-image-2613\" src=\"https:\/\/betarq.com\/wp-content\/uploads\/2020\/07\/15_06_800x584_Aerea-1.jpg\" alt=\"\" width=\"800\" height=\"584\" srcset=\"https:\/\/betarq.com\/wp-content\/uploads\/2020\/07\/15_06_800x584_Aerea-1.jpg 800w, https:\/\/betarq.com\/wp-content\/uploads\/2020\/07\/15_06_800x584_Aerea-1-300x219.jpg 300w, https:\/\/betarq.com\/wp-content\/uploads\/2020\/07\/15_06_800x584_Aerea-1-768x561.jpg 768w, https:\/\/betarq.com\/wp-content\/uploads\/2020\/07\/15_06_800x584_Aerea-1-500x365.jpg 500w\" sizes=\"auto, (max-width: 800px) 100vw, 800px\" \/><img loading=\"lazy\" decoding=\"async\" class=\"aligncenter size-full wp-image-2610\" src=\"https:\/\/betarq.com\/wp-content\/uploads\/2020\/07\/F011.jpg\" alt=\"\" width=\"800\" height=\"400\" srcset=\"https:\/\/betarq.com\/wp-content\/uploads\/2020\/07\/F011.jpg 800w, https:\/\/betarq.com\/wp-content\/uploads\/2020\/07\/F011-300x150.jpg 300w, https:\/\/betarq.com\/wp-content\/uploads\/2020\/07\/F011-768x384.jpg 768w, https:\/\/betarq.com\/wp-content\/uploads\/2020\/07\/F011-500x250.jpg 500w\" sizes=\"auto, (max-width: 800px) 100vw, 800px\" \/>\u00a0<\/a><\/p>\n<p><a href=\"http:\/\/betarq.com\/proyecto\/equipamiento-sociocultural-alella\/\">Aqu\u00ed<\/a> pod\u00e9is ver las fotograf\u00edas del edificio terminado.<\/p>\n","protected":false},"excerpt":{"rendered":"<p>El Jurado de los Premios Catalu\u00f1a de la Construcci\u00f3n ha decidido las candidaturas seleccionadas de las que saldr\u00e1n las finalistas en cada categor\u00eda. Betarq con el centro sociocultural de Alella es una de la candidaturas seleccionadas en la categor\u00eda de direcci\u00f3n de obra. Aqu\u00ed pod\u00e9is ver el resto de candidaturas seleccionadas. En la edici\u00f3n pasada&hellip;<\/p>\n","protected":false},"author":1,"featured_media":2609,"comment_status":"closed","ping_status":"open","sticky":false,"template":"","format":"standard","meta":{"_acf_changed":false,"inline_featured_image":false,"_monsterinsights_skip_tracking":false,"_monsterinsights_sitenote_active":false,"_monsterinsights_sitenote_note":"","_monsterinsights_sitenote_category":0,"footnotes":""},"categories":[69],"tags":[],"class_list":["post-2619","post","type-post","status-publish","format-standard","has-post-thumbnail","hentry","category-noticias-es","category-69","description-off"],"acf":[],"yoast_head":"<!-- This site is optimized with the Yoast SEO plugin v27.1.1 - https:\/\/yoast.com\/product\/yoast-seo-wordpress\/ -->\n<title>Premios Catalu\u00f1a de la construcci\u00f3n 2020 - Betarq<\/title>\n<meta name=\"robots\" content=\"index, follow, max-snippet:-1, max-image-preview:large, max-video-preview:-1\" \/>\n<link rel=\"canonical\" href=\"https:\/\/betarq.com\/es\/premios-cataluna-de-la-construccion-2020\/\" \/>\n<meta property=\"og:locale\" content=\"es_ES\" \/>\n<meta property=\"og:type\" content=\"article\" \/>\n<meta property=\"og:title\" content=\"Premios Catalu\u00f1a de la construcci\u00f3n 2020 - Betarq\" \/>\n<meta property=\"og:description\" content=\"El Jurado de los Premios Catalu\u00f1a de la Construcci\u00f3n ha decidido las candidaturas seleccionadas de las que saldr\u00e1n las finalistas en cada categor\u00eda. Betarq con el centro sociocultural de Alella es una de la candidaturas seleccionadas en la categor\u00eda de direcci\u00f3n de obra. Aqu\u00ed pod\u00e9is ver el resto de candidaturas seleccionadas. En la edici\u00f3n pasada&hellip;\" \/>\n<meta property=\"og:url\" content=\"https:\/\/betarq.com\/es\/premios-cataluna-de-la-construccion-2020\/\" \/>\n<meta property=\"og:site_name\" content=\"Betarq\" \/>\n<meta property=\"article:published_time\" content=\"2020-07-09T09:07:13+00:00\" \/>\n<meta property=\"article:modified_time\" content=\"2023-12-08T09:35:40+00:00\" \/>\n<meta property=\"og:image\" content=\"https:\/\/betarq.com\/wp-content\/uploads\/2020\/07\/premis-20-16-9.png\" \/>\n\t<meta property=\"og:image:width\" content=\"399\" \/>\n\t<meta property=\"og:image:height\" content=\"224\" \/>\n\t<meta property=\"og:image:type\" content=\"image\/png\" \/>\n<meta name=\"author\" content=\"raulbofill\" \/>\n<meta name=\"twitter:card\" content=\"summary_large_image\" \/>\n<meta name=\"twitter:label1\" content=\"Escrito por\" \/>\n\t<meta name=\"twitter:data1\" content=\"raulbofill\" \/>\n\t<meta name=\"twitter:label2\" content=\"Tiempo de lectura\" \/>\n\t<meta name=\"twitter:data2\" content=\"4 minutos\" \/>\n<script type=\"application\/ld+json\" class=\"yoast-schema-graph\">{\"@context\":\"https:\/\/schema.org\",\"@graph\":[{\"@type\":\"Article\",\"@id\":\"https:\/\/betarq.com\/es\/premios-cataluna-de-la-construccion-2020\/#article\",\"isPartOf\":{\"@id\":\"https:\/\/betarq.com\/es\/premios-cataluna-de-la-construccion-2020\/\"},\"author\":{\"name\":\"raulbofill\",\"@id\":\"https:\/\/betarq.com\/es\/#\/schema\/person\/ae0cb99ef3ff06ae78db31e143831d17\"},\"headline\":\"Premios Catalu\u00f1a de la construcci\u00f3n 2020\",\"datePublished\":\"2020-07-09T09:07:13+00:00\",\"dateModified\":\"2023-12-08T09:35:40+00:00\",\"mainEntityOfPage\":{\"@id\":\"https:\/\/betarq.com\/es\/premios-cataluna-de-la-construccion-2020\/\"},\"wordCount\":607,\"publisher\":{\"@id\":\"https:\/\/betarq.com\/es\/#organization\"},\"image\":{\"@id\":\"https:\/\/betarq.com\/es\/premios-cataluna-de-la-construccion-2020\/#primaryimage\"},\"thumbnailUrl\":\"https:\/\/betarq.com\/wp-content\/uploads\/2020\/07\/premis-20-16-9.png\",\"articleSection\":[\"Noticias\"],\"inLanguage\":\"es\"},{\"@type\":\"WebPage\",\"@id\":\"https:\/\/betarq.com\/es\/premios-cataluna-de-la-construccion-2020\/\",\"url\":\"https:\/\/betarq.com\/es\/premios-cataluna-de-la-construccion-2020\/\",\"name\":\"Premios Catalu\u00f1a de la construcci\u00f3n 2020 - Betarq\",\"isPartOf\":{\"@id\":\"https:\/\/betarq.com\/es\/#website\"},\"primaryImageOfPage\":{\"@id\":\"https:\/\/betarq.com\/es\/premios-cataluna-de-la-construccion-2020\/#primaryimage\"},\"image\":{\"@id\":\"https:\/\/betarq.com\/es\/premios-cataluna-de-la-construccion-2020\/#primaryimage\"},\"thumbnailUrl\":\"https:\/\/betarq.com\/wp-content\/uploads\/2020\/07\/premis-20-16-9.png\",\"datePublished\":\"2020-07-09T09:07:13+00:00\",\"dateModified\":\"2023-12-08T09:35:40+00:00\",\"breadcrumb\":{\"@id\":\"https:\/\/betarq.com\/es\/premios-cataluna-de-la-construccion-2020\/#breadcrumb\"},\"inLanguage\":\"es\",\"potentialAction\":[{\"@type\":\"ReadAction\",\"target\":[\"https:\/\/betarq.com\/es\/premios-cataluna-de-la-construccion-2020\/\"]}]},{\"@type\":\"ImageObject\",\"inLanguage\":\"es\",\"@id\":\"https:\/\/betarq.com\/es\/premios-cataluna-de-la-construccion-2020\/#primaryimage\",\"url\":\"https:\/\/betarq.com\/wp-content\/uploads\/2020\/07\/premis-20-16-9.png\",\"contentUrl\":\"https:\/\/betarq.com\/wp-content\/uploads\/2020\/07\/premis-20-16-9.png\",\"width\":399,\"height\":224},{\"@type\":\"BreadcrumbList\",\"@id\":\"https:\/\/betarq.com\/es\/premios-cataluna-de-la-construccion-2020\/#breadcrumb\",\"itemListElement\":[{\"@type\":\"ListItem\",\"position\":1,\"name\":\"Portada\",\"item\":\"https:\/\/betarq.com\/es\/\"},{\"@type\":\"ListItem\",\"position\":2,\"name\":\"Premios Catalu\u00f1a de la construcci\u00f3n 2020\"}]},{\"@type\":\"WebSite\",\"@id\":\"https:\/\/betarq.com\/es\/#website\",\"url\":\"https:\/\/betarq.com\/es\/\",\"name\":\"Betarq\",\"description\":\"\",\"publisher\":{\"@id\":\"https:\/\/betarq.com\/es\/#organization\"},\"potentialAction\":[{\"@type\":\"SearchAction\",\"target\":{\"@type\":\"EntryPoint\",\"urlTemplate\":\"https:\/\/betarq.com\/es\/?s={search_term_string}\"},\"query-input\":{\"@type\":\"PropertyValueSpecification\",\"valueRequired\":true,\"valueName\":\"search_term_string\"}}],\"inLanguage\":\"es\"},{\"@type\":\"Organization\",\"@id\":\"https:\/\/betarq.com\/es\/#organization\",\"name\":\"Betarq\",\"url\":\"https:\/\/betarq.com\/es\/\",\"logo\":{\"@type\":\"ImageObject\",\"inLanguage\":\"es\",\"@id\":\"https:\/\/betarq.com\/es\/#\/schema\/logo\/image\/\",\"url\":\"https:\/\/betarq.com\/wp-content\/uploads\/2023\/09\/logo-betarq.png\",\"contentUrl\":\"https:\/\/betarq.com\/wp-content\/uploads\/2023\/09\/logo-betarq.png\",\"width\":100,\"height\":75,\"caption\":\"Betarq\"},\"image\":{\"@id\":\"https:\/\/betarq.com\/es\/#\/schema\/logo\/image\/\"}},{\"@type\":\"Person\",\"@id\":\"https:\/\/betarq.com\/es\/#\/schema\/person\/ae0cb99ef3ff06ae78db31e143831d17\",\"name\":\"raulbofill\",\"image\":{\"@type\":\"ImageObject\",\"inLanguage\":\"es\",\"@id\":\"https:\/\/betarq.com\/es\/#\/schema\/person\/image\/\",\"url\":\"https:\/\/secure.gravatar.com\/avatar\/2a171335aeb2708e14406d8a4f57eacc3b5fd77b9b85af05e61305622ee33824?s=96&d=mm&r=g\",\"contentUrl\":\"https:\/\/secure.gravatar.com\/avatar\/2a171335aeb2708e14406d8a4f57eacc3b5fd77b9b85af05e61305622ee33824?s=96&d=mm&r=g\",\"caption\":\"raulbofill\"},\"sameAs\":[\"https:\/\/betarq.com\"],\"url\":\"https:\/\/betarq.com\/es\/author\/raulbofill\/\"}]}<\/script>\n<!-- \/ Yoast SEO plugin. -->","yoast_head_json":{"title":"Premios Catalu\u00f1a de la construcci\u00f3n 2020 - Betarq","robots":{"index":"index","follow":"follow","max-snippet":"max-snippet:-1","max-image-preview":"max-image-preview:large","max-video-preview":"max-video-preview:-1"},"canonical":"https:\/\/betarq.com\/es\/premios-cataluna-de-la-construccion-2020\/","og_locale":"es_ES","og_type":"article","og_title":"Premios Catalu\u00f1a de la construcci\u00f3n 2020 - Betarq","og_description":"El Jurado de los Premios Catalu\u00f1a de la Construcci\u00f3n ha decidido las candidaturas seleccionadas de las que saldr\u00e1n las finalistas en cada categor\u00eda. Betarq con el centro sociocultural de Alella es una de la candidaturas seleccionadas en la categor\u00eda de direcci\u00f3n de obra. Aqu\u00ed pod\u00e9is ver el resto de candidaturas seleccionadas. En la edici\u00f3n pasada&hellip;","og_url":"https:\/\/betarq.com\/es\/premios-cataluna-de-la-construccion-2020\/","og_site_name":"Betarq","article_published_time":"2020-07-09T09:07:13+00:00","article_modified_time":"2023-12-08T09:35:40+00:00","og_image":[{"width":399,"height":224,"url":"https:\/\/betarq.com\/wp-content\/uploads\/2020\/07\/premis-20-16-9.png","type":"image\/png"}],"author":"raulbofill","twitter_card":"summary_large_image","twitter_misc":{"Escrito por":"raulbofill","Tiempo de lectura":"4 minutos"},"schema":{"@context":"https:\/\/schema.org","@graph":[{"@type":"Article","@id":"https:\/\/betarq.com\/es\/premios-cataluna-de-la-construccion-2020\/#article","isPartOf":{"@id":"https:\/\/betarq.com\/es\/premios-cataluna-de-la-construccion-2020\/"},"author":{"name":"raulbofill","@id":"https:\/\/betarq.com\/es\/#\/schema\/person\/ae0cb99ef3ff06ae78db31e143831d17"},"headline":"Premios Catalu\u00f1a de la construcci\u00f3n 2020","datePublished":"2020-07-09T09:07:13+00:00","dateModified":"2023-12-08T09:35:40+00:00","mainEntityOfPage":{"@id":"https:\/\/betarq.com\/es\/premios-cataluna-de-la-construccion-2020\/"},"wordCount":607,"publisher":{"@id":"https:\/\/betarq.com\/es\/#organization"},"image":{"@id":"https:\/\/betarq.com\/es\/premios-cataluna-de-la-construccion-2020\/#primaryimage"},"thumbnailUrl":"https:\/\/betarq.com\/wp-content\/uploads\/2020\/07\/premis-20-16-9.png","articleSection":["Noticias"],"inLanguage":"es"},{"@type":"WebPage","@id":"https:\/\/betarq.com\/es\/premios-cataluna-de-la-construccion-2020\/","url":"https:\/\/betarq.com\/es\/premios-cataluna-de-la-construccion-2020\/","name":"Premios Catalu\u00f1a de la construcci\u00f3n 2020 - Betarq","isPartOf":{"@id":"https:\/\/betarq.com\/es\/#website"},"primaryImageOfPage":{"@id":"https:\/\/betarq.com\/es\/premios-cataluna-de-la-construccion-2020\/#primaryimage"},"image":{"@id":"https:\/\/betarq.com\/es\/premios-cataluna-de-la-construccion-2020\/#primaryimage"},"thumbnailUrl":"https:\/\/betarq.com\/wp-content\/uploads\/2020\/07\/premis-20-16-9.png","datePublished":"2020-07-09T09:07:13+00:00","dateModified":"2023-12-08T09:35:40+00:00","breadcrumb":{"@id":"https:\/\/betarq.com\/es\/premios-cataluna-de-la-construccion-2020\/#breadcrumb"},"inLanguage":"es","potentialAction":[{"@type":"ReadAction","target":["https:\/\/betarq.com\/es\/premios-cataluna-de-la-construccion-2020\/"]}]},{"@type":"ImageObject","inLanguage":"es","@id":"https:\/\/betarq.com\/es\/premios-cataluna-de-la-construccion-2020\/#primaryimage","url":"https:\/\/betarq.com\/wp-content\/uploads\/2020\/07\/premis-20-16-9.png","contentUrl":"https:\/\/betarq.com\/wp-content\/uploads\/2020\/07\/premis-20-16-9.png","width":399,"height":224},{"@type":"BreadcrumbList","@id":"https:\/\/betarq.com\/es\/premios-cataluna-de-la-construccion-2020\/#breadcrumb","itemListElement":[{"@type":"ListItem","position":1,"name":"Portada","item":"https:\/\/betarq.com\/es\/"},{"@type":"ListItem","position":2,"name":"Premios Catalu\u00f1a de la construcci\u00f3n 2020"}]},{"@type":"WebSite","@id":"https:\/\/betarq.com\/es\/#website","url":"https:\/\/betarq.com\/es\/","name":"Betarq","description":"","publisher":{"@id":"https:\/\/betarq.com\/es\/#organization"},"potentialAction":[{"@type":"SearchAction","target":{"@type":"EntryPoint","urlTemplate":"https:\/\/betarq.com\/es\/?s={search_term_string}"},"query-input":{"@type":"PropertyValueSpecification","valueRequired":true,"valueName":"search_term_string"}}],"inLanguage":"es"},{"@type":"Organization","@id":"https:\/\/betarq.com\/es\/#organization","name":"Betarq","url":"https:\/\/betarq.com\/es\/","logo":{"@type":"ImageObject","inLanguage":"es","@id":"https:\/\/betarq.com\/es\/#\/schema\/logo\/image\/","url":"https:\/\/betarq.com\/wp-content\/uploads\/2023\/09\/logo-betarq.png","contentUrl":"https:\/\/betarq.com\/wp-content\/uploads\/2023\/09\/logo-betarq.png","width":100,"height":75,"caption":"Betarq"},"image":{"@id":"https:\/\/betarq.com\/es\/#\/schema\/logo\/image\/"}},{"@type":"Person","@id":"https:\/\/betarq.com\/es\/#\/schema\/person\/ae0cb99ef3ff06ae78db31e143831d17","name":"raulbofill","image":{"@type":"ImageObject","inLanguage":"es","@id":"https:\/\/betarq.com\/es\/#\/schema\/person\/image\/","url":"https:\/\/secure.gravatar.com\/avatar\/2a171335aeb2708e14406d8a4f57eacc3b5fd77b9b85af05e61305622ee33824?s=96&d=mm&r=g","contentUrl":"https:\/\/secure.gravatar.com\/avatar\/2a171335aeb2708e14406d8a4f57eacc3b5fd77b9b85af05e61305622ee33824?s=96&d=mm&r=g","caption":"raulbofill"},"sameAs":["https:\/\/betarq.com"],"url":"https:\/\/betarq.com\/es\/author\/raulbofill\/"}]}},"_links":{"self":[{"href":"https:\/\/betarq.com\/es\/wp-json\/wp\/v2\/posts\/2619","targetHints":{"allow":["GET"]}}],"collection":[{"href":"https:\/\/betarq.com\/es\/wp-json\/wp\/v2\/posts"}],"about":[{"href":"https:\/\/betarq.com\/es\/wp-json\/wp\/v2\/types\/post"}],"author":[{"embeddable":true,"href":"https:\/\/betarq.com\/es\/wp-json\/wp\/v2\/users\/1"}],"replies":[{"embeddable":true,"href":"https:\/\/betarq.com\/es\/wp-json\/wp\/v2\/comments?post=2619"}],"version-history":[{"count":1,"href":"https:\/\/betarq.com\/es\/wp-json\/wp\/v2\/posts\/2619\/revisions"}],"predecessor-version":[{"id":3645,"href":"https:\/\/betarq.com\/es\/wp-json\/wp\/v2\/posts\/2619\/revisions\/3645"}],"wp:featuredmedia":[{"embeddable":true,"href":"https:\/\/betarq.com\/es\/wp-json\/wp\/v2\/media\/2609"}],"wp:attachment":[{"href":"https:\/\/betarq.com\/es\/wp-json\/wp\/v2\/media?parent=2619"}],"wp:term":[{"taxonomy":"category","embeddable":true,"href":"https:\/\/betarq.com\/es\/wp-json\/wp\/v2\/categories?post=2619"},{"taxonomy":"post_tag","embeddable":true,"href":"https:\/\/betarq.com\/es\/wp-json\/wp\/v2\/tags?post=2619"}],"curies":[{"name":"wp","href":"https:\/\/api.w.org\/{rel}","templated":true}]}}