{"id":2666,"date":"2022-11-15T18:39:21","date_gmt":"2022-11-15T17:39:21","guid":{"rendered":"https:\/\/betarq.com\/biblioteca-de-barcelona\/"},"modified":"2023-12-08T10:34:54","modified_gmt":"2023-12-08T09:34:54","slug":"biblioteca-publica-del-estado-de-barcelona","status":"publish","type":"post","link":"https:\/\/betarq.com\/es\/biblioteca-publica-del-estado-de-barcelona\/","title":{"rendered":"Biblioteca P\u00fablica del Estado de Barcelona"},"content":{"rendered":"\r\n<p><img loading=\"lazy\" decoding=\"async\" class=\"aligncenter size-full wp-image-2661\" src=\"https:\/\/betarq.com\/wp-content\/uploads\/2022\/11\/image001-3.jpg\" alt=\"\" width=\"1170\" height=\"990\" srcset=\"https:\/\/betarq.com\/wp-content\/uploads\/2022\/11\/image001-3.jpg 1170w, https:\/\/betarq.com\/wp-content\/uploads\/2022\/11\/image001-3-300x254.jpg 300w, https:\/\/betarq.com\/wp-content\/uploads\/2022\/11\/image001-3-1024x866.jpg 1024w, https:\/\/betarq.com\/wp-content\/uploads\/2022\/11\/image001-3-768x650.jpg 768w\" sizes=\"auto, (max-width: 1170px) 100vw, 1170px\" \/><\/p>\r\n<p>Biblioteca P\u00fablica del Estado de Barcelona<\/p>\r\n<p>Empieza el derribo de la Antigua Ala de Correos de la Estaci\u00f3n de Francia de Barcelona que nos debe permitir construir la Biblioteca P\u00fablica del Estado de Barcelona.<\/p>\r\n<p>&nbsp;<\/p>\r\n","protected":false},"excerpt":{"rendered":"<p>Biblioteca P\u00fablica del Estado de Barcelona Empieza el derribo de la Antigua Ala de Correos de la Estaci\u00f3n de Francia de Barcelona que nos debe permitir construir la Biblioteca P\u00fablica del Estado de Barcelona. &nbsp;<\/p>\n","protected":false},"author":1,"featured_media":2663,"comment_status":"closed","ping_status":"open","sticky":false,"template":"","format":"standard","meta":{"_acf_changed":false,"inline_featured_image":false,"_monsterinsights_skip_tracking":false,"_monsterinsights_sitenote_active":false,"_monsterinsights_sitenote_note":"","_monsterinsights_sitenote_category":0,"footnotes":""},"categories":[69],"tags":[],"class_list":["post-2666","post","type-post","status-publish","format-standard","has-post-thumbnail","hentry","category-noticias-es","category-69","description-off"],"acf":[],"yoast_head":"<!-- This site is optimized with the Yoast SEO plugin v27.1.1 - https:\/\/yoast.com\/product\/yoast-seo-wordpress\/ -->\n<title>Biblioteca P\u00fablica del Estado de Barcelona - Betarq<\/title>\n<meta name=\"robots\" content=\"index, follow, max-snippet:-1, max-image-preview:large, max-video-preview:-1\" \/>\n<link rel=\"canonical\" href=\"https:\/\/betarq.com\/es\/biblioteca-publica-del-estado-de-barcelona\/\" \/>\n<meta property=\"og:locale\" content=\"es_ES\" \/>\n<meta property=\"og:type\" content=\"article\" \/>\n<meta property=\"og:title\" content=\"Biblioteca P\u00fablica del Estado de Barcelona - Betarq\" \/>\n<meta property=\"og:description\" content=\"Biblioteca P\u00fablica del Estado de Barcelona Empieza el derribo de la Antigua Ala de Correos de la Estaci\u00f3n de Francia de Barcelona que nos debe permitir construir la Biblioteca P\u00fablica del Estado de Barcelona. &nbsp;\" \/>\n<meta property=\"og:url\" content=\"https:\/\/betarq.com\/es\/biblioteca-publica-del-estado-de-barcelona\/\" \/>\n<meta property=\"og:site_name\" content=\"Betarq\" \/>\n<meta property=\"article:published_time\" content=\"2022-11-15T17:39:21+00:00\" \/>\n<meta property=\"article:modified_time\" content=\"2023-12-08T09:34:54+00:00\" \/>\n<meta property=\"og:image\" content=\"https:\/\/betarq.com\/wp-content\/uploads\/2022\/11\/image001-3.jpg\" \/>\n\t<meta property=\"og:image:width\" content=\"1170\" \/>\n\t<meta property=\"og:image:height\" content=\"990\" \/>\n\t<meta property=\"og:image:type\" content=\"image\/jpeg\" \/>\n<meta name=\"author\" content=\"raulbofill\" \/>\n<meta name=\"twitter:card\" content=\"summary_large_image\" \/>\n<meta name=\"twitter:label1\" content=\"Escrito por\" \/>\n\t<meta name=\"twitter:data1\" content=\"raulbofill\" \/>\n\t<meta name=\"twitter:label2\" content=\"Tiempo de lectura\" \/>\n\t<meta name=\"twitter:data2\" content=\"1 minuto\" \/>\n<script type=\"application\/ld+json\" class=\"yoast-schema-graph\">{\"@context\":\"https:\/\/schema.org\",\"@graph\":[{\"@type\":\"Article\",\"@id\":\"https:\/\/betarq.com\/es\/biblioteca-publica-del-estado-de-barcelona\/#article\",\"isPartOf\":{\"@id\":\"https:\/\/betarq.com\/es\/biblioteca-publica-del-estado-de-barcelona\/\"},\"author\":{\"name\":\"raulbofill\",\"@id\":\"https:\/\/betarq.com\/es\/#\/schema\/person\/ae0cb99ef3ff06ae78db31e143831d17\"},\"headline\":\"Biblioteca P\u00fablica del Estado de Barcelona\",\"datePublished\":\"2022-11-15T17:39:21+00:00\",\"dateModified\":\"2023-12-08T09:34:54+00:00\",\"mainEntityOfPage\":{\"@id\":\"https:\/\/betarq.com\/es\/biblioteca-publica-del-estado-de-barcelona\/\"},\"wordCount\":45,\"publisher\":{\"@id\":\"https:\/\/betarq.com\/es\/#organization\"},\"image\":{\"@id\":\"https:\/\/betarq.com\/es\/biblioteca-publica-del-estado-de-barcelona\/#primaryimage\"},\"thumbnailUrl\":\"https:\/\/betarq.com\/wp-content\/uploads\/2022\/11\/image001-3.jpg\",\"articleSection\":[\"Noticias\"],\"inLanguage\":\"es\"},{\"@type\":\"WebPage\",\"@id\":\"https:\/\/betarq.com\/es\/biblioteca-publica-del-estado-de-barcelona\/\",\"url\":\"https:\/\/betarq.com\/es\/biblioteca-publica-del-estado-de-barcelona\/\",\"name\":\"Biblioteca P\u00fablica del Estado de Barcelona - Betarq\",\"isPartOf\":{\"@id\":\"https:\/\/betarq.com\/es\/#website\"},\"primaryImageOfPage\":{\"@id\":\"https:\/\/betarq.com\/es\/biblioteca-publica-del-estado-de-barcelona\/#primaryimage\"},\"image\":{\"@id\":\"https:\/\/betarq.com\/es\/biblioteca-publica-del-estado-de-barcelona\/#primaryimage\"},\"thumbnailUrl\":\"https:\/\/betarq.com\/wp-content\/uploads\/2022\/11\/image001-3.jpg\",\"datePublished\":\"2022-11-15T17:39:21+00:00\",\"dateModified\":\"2023-12-08T09:34:54+00:00\",\"breadcrumb\":{\"@id\":\"https:\/\/betarq.com\/es\/biblioteca-publica-del-estado-de-barcelona\/#breadcrumb\"},\"inLanguage\":\"es\",\"potentialAction\":[{\"@type\":\"ReadAction\",\"target\":[\"https:\/\/betarq.com\/es\/biblioteca-publica-del-estado-de-barcelona\/\"]}]},{\"@type\":\"ImageObject\",\"inLanguage\":\"es\",\"@id\":\"https:\/\/betarq.com\/es\/biblioteca-publica-del-estado-de-barcelona\/#primaryimage\",\"url\":\"https:\/\/betarq.com\/wp-content\/uploads\/2022\/11\/image001-3.jpg\",\"contentUrl\":\"https:\/\/betarq.com\/wp-content\/uploads\/2022\/11\/image001-3.jpg\",\"width\":1170,\"height\":990},{\"@type\":\"BreadcrumbList\",\"@id\":\"https:\/\/betarq.com\/es\/biblioteca-publica-del-estado-de-barcelona\/#breadcrumb\",\"itemListElement\":[{\"@type\":\"ListItem\",\"position\":1,\"name\":\"Portada\",\"item\":\"https:\/\/betarq.com\/es\/\"},{\"@type\":\"ListItem\",\"position\":2,\"name\":\"Biblioteca P\u00fablica del Estado de Barcelona\"}]},{\"@type\":\"WebSite\",\"@id\":\"https:\/\/betarq.com\/es\/#website\",\"url\":\"https:\/\/betarq.com\/es\/\",\"name\":\"Betarq\",\"description\":\"\",\"publisher\":{\"@id\":\"https:\/\/betarq.com\/es\/#organization\"},\"potentialAction\":[{\"@type\":\"SearchAction\",\"target\":{\"@type\":\"EntryPoint\",\"urlTemplate\":\"https:\/\/betarq.com\/es\/?s={search_term_string}\"},\"query-input\":{\"@type\":\"PropertyValueSpecification\",\"valueRequired\":true,\"valueName\":\"search_term_string\"}}],\"inLanguage\":\"es\"},{\"@type\":\"Organization\",\"@id\":\"https:\/\/betarq.com\/es\/#organization\",\"name\":\"Betarq\",\"url\":\"https:\/\/betarq.com\/es\/\",\"logo\":{\"@type\":\"ImageObject\",\"inLanguage\":\"es\",\"@id\":\"https:\/\/betarq.com\/es\/#\/schema\/logo\/image\/\",\"url\":\"https:\/\/betarq.com\/wp-content\/uploads\/2023\/09\/logo-betarq.png\",\"contentUrl\":\"https:\/\/betarq.com\/wp-content\/uploads\/2023\/09\/logo-betarq.png\",\"width\":100,\"height\":75,\"caption\":\"Betarq\"},\"image\":{\"@id\":\"https:\/\/betarq.com\/es\/#\/schema\/logo\/image\/\"}},{\"@type\":\"Person\",\"@id\":\"https:\/\/betarq.com\/es\/#\/schema\/person\/ae0cb99ef3ff06ae78db31e143831d17\",\"name\":\"raulbofill\",\"image\":{\"@type\":\"ImageObject\",\"inLanguage\":\"es\",\"@id\":\"https:\/\/betarq.com\/es\/#\/schema\/person\/image\/\",\"url\":\"https:\/\/secure.gravatar.com\/avatar\/2a171335aeb2708e14406d8a4f57eacc3b5fd77b9b85af05e61305622ee33824?s=96&d=mm&r=g\",\"contentUrl\":\"https:\/\/secure.gravatar.com\/avatar\/2a171335aeb2708e14406d8a4f57eacc3b5fd77b9b85af05e61305622ee33824?s=96&d=mm&r=g\",\"caption\":\"raulbofill\"},\"sameAs\":[\"https:\/\/betarq.com\"],\"url\":\"https:\/\/betarq.com\/es\/author\/raulbofill\/\"}]}<\/script>\n<!-- \/ Yoast SEO plugin. -->","yoast_head_json":{"title":"Biblioteca P\u00fablica del Estado de Barcelona - Betarq","robots":{"index":"index","follow":"follow","max-snippet":"max-snippet:-1","max-image-preview":"max-image-preview:large","max-video-preview":"max-video-preview:-1"},"canonical":"https:\/\/betarq.com\/es\/biblioteca-publica-del-estado-de-barcelona\/","og_locale":"es_ES","og_type":"article","og_title":"Biblioteca P\u00fablica del Estado de Barcelona - Betarq","og_description":"Biblioteca P\u00fablica del Estado de Barcelona Empieza el derribo de la Antigua Ala de Correos de la Estaci\u00f3n de Francia de Barcelona que nos debe permitir construir la Biblioteca P\u00fablica del Estado de Barcelona. &nbsp;","og_url":"https:\/\/betarq.com\/es\/biblioteca-publica-del-estado-de-barcelona\/","og_site_name":"Betarq","article_published_time":"2022-11-15T17:39:21+00:00","article_modified_time":"2023-12-08T09:34:54+00:00","og_image":[{"width":1170,"height":990,"url":"https:\/\/betarq.com\/wp-content\/uploads\/2022\/11\/image001-3.jpg","type":"image\/jpeg"}],"author":"raulbofill","twitter_card":"summary_large_image","twitter_misc":{"Escrito por":"raulbofill","Tiempo de lectura":"1 minuto"},"schema":{"@context":"https:\/\/schema.org","@graph":[{"@type":"Article","@id":"https:\/\/betarq.com\/es\/biblioteca-publica-del-estado-de-barcelona\/#article","isPartOf":{"@id":"https:\/\/betarq.com\/es\/biblioteca-publica-del-estado-de-barcelona\/"},"author":{"name":"raulbofill","@id":"https:\/\/betarq.com\/es\/#\/schema\/person\/ae0cb99ef3ff06ae78db31e143831d17"},"headline":"Biblioteca P\u00fablica del Estado de Barcelona","datePublished":"2022-11-15T17:39:21+00:00","dateModified":"2023-12-08T09:34:54+00:00","mainEntityOfPage":{"@id":"https:\/\/betarq.com\/es\/biblioteca-publica-del-estado-de-barcelona\/"},"wordCount":45,"publisher":{"@id":"https:\/\/betarq.com\/es\/#organization"},"image":{"@id":"https:\/\/betarq.com\/es\/biblioteca-publica-del-estado-de-barcelona\/#primaryimage"},"thumbnailUrl":"https:\/\/betarq.com\/wp-content\/uploads\/2022\/11\/image001-3.jpg","articleSection":["Noticias"],"inLanguage":"es"},{"@type":"WebPage","@id":"https:\/\/betarq.com\/es\/biblioteca-publica-del-estado-de-barcelona\/","url":"https:\/\/betarq.com\/es\/biblioteca-publica-del-estado-de-barcelona\/","name":"Biblioteca P\u00fablica del Estado de Barcelona - Betarq","isPartOf":{"@id":"https:\/\/betarq.com\/es\/#website"},"primaryImageOfPage":{"@id":"https:\/\/betarq.com\/es\/biblioteca-publica-del-estado-de-barcelona\/#primaryimage"},"image":{"@id":"https:\/\/betarq.com\/es\/biblioteca-publica-del-estado-de-barcelona\/#primaryimage"},"thumbnailUrl":"https:\/\/betarq.com\/wp-content\/uploads\/2022\/11\/image001-3.jpg","datePublished":"2022-11-15T17:39:21+00:00","dateModified":"2023-12-08T09:34:54+00:00","breadcrumb":{"@id":"https:\/\/betarq.com\/es\/biblioteca-publica-del-estado-de-barcelona\/#breadcrumb"},"inLanguage":"es","potentialAction":[{"@type":"ReadAction","target":["https:\/\/betarq.com\/es\/biblioteca-publica-del-estado-de-barcelona\/"]}]},{"@type":"ImageObject","inLanguage":"es","@id":"https:\/\/betarq.com\/es\/biblioteca-publica-del-estado-de-barcelona\/#primaryimage","url":"https:\/\/betarq.com\/wp-content\/uploads\/2022\/11\/image001-3.jpg","contentUrl":"https:\/\/betarq.com\/wp-content\/uploads\/2022\/11\/image001-3.jpg","width":1170,"height":990},{"@type":"BreadcrumbList","@id":"https:\/\/betarq.com\/es\/biblioteca-publica-del-estado-de-barcelona\/#breadcrumb","itemListElement":[{"@type":"ListItem","position":1,"name":"Portada","item":"https:\/\/betarq.com\/es\/"},{"@type":"ListItem","position":2,"name":"Biblioteca P\u00fablica del Estado de Barcelona"}]},{"@type":"WebSite","@id":"https:\/\/betarq.com\/es\/#website","url":"https:\/\/betarq.com\/es\/","name":"Betarq","description":"","publisher":{"@id":"https:\/\/betarq.com\/es\/#organization"},"potentialAction":[{"@type":"SearchAction","target":{"@type":"EntryPoint","urlTemplate":"https:\/\/betarq.com\/es\/?s={search_term_string}"},"query-input":{"@type":"PropertyValueSpecification","valueRequired":true,"valueName":"search_term_string"}}],"inLanguage":"es"},{"@type":"Organization","@id":"https:\/\/betarq.com\/es\/#organization","name":"Betarq","url":"https:\/\/betarq.com\/es\/","logo":{"@type":"ImageObject","inLanguage":"es","@id":"https:\/\/betarq.com\/es\/#\/schema\/logo\/image\/","url":"https:\/\/betarq.com\/wp-content\/uploads\/2023\/09\/logo-betarq.png","contentUrl":"https:\/\/betarq.com\/wp-content\/uploads\/2023\/09\/logo-betarq.png","width":100,"height":75,"caption":"Betarq"},"image":{"@id":"https:\/\/betarq.com\/es\/#\/schema\/logo\/image\/"}},{"@type":"Person","@id":"https:\/\/betarq.com\/es\/#\/schema\/person\/ae0cb99ef3ff06ae78db31e143831d17","name":"raulbofill","image":{"@type":"ImageObject","inLanguage":"es","@id":"https:\/\/betarq.com\/es\/#\/schema\/person\/image\/","url":"https:\/\/secure.gravatar.com\/avatar\/2a171335aeb2708e14406d8a4f57eacc3b5fd77b9b85af05e61305622ee33824?s=96&d=mm&r=g","contentUrl":"https:\/\/secure.gravatar.com\/avatar\/2a171335aeb2708e14406d8a4f57eacc3b5fd77b9b85af05e61305622ee33824?s=96&d=mm&r=g","caption":"raulbofill"},"sameAs":["https:\/\/betarq.com"],"url":"https:\/\/betarq.com\/es\/author\/raulbofill\/"}]}},"_links":{"self":[{"href":"https:\/\/betarq.com\/es\/wp-json\/wp\/v2\/posts\/2666","targetHints":{"allow":["GET"]}}],"collection":[{"href":"https:\/\/betarq.com\/es\/wp-json\/wp\/v2\/posts"}],"about":[{"href":"https:\/\/betarq.com\/es\/wp-json\/wp\/v2\/types\/post"}],"author":[{"embeddable":true,"href":"https:\/\/betarq.com\/es\/wp-json\/wp\/v2\/users\/1"}],"replies":[{"embeddable":true,"href":"https:\/\/betarq.com\/es\/wp-json\/wp\/v2\/comments?post=2666"}],"version-history":[{"count":1,"href":"https:\/\/betarq.com\/es\/wp-json\/wp\/v2\/posts\/2666\/revisions"}],"predecessor-version":[{"id":3642,"href":"https:\/\/betarq.com\/es\/wp-json\/wp\/v2\/posts\/2666\/revisions\/3642"}],"wp:featuredmedia":[{"embeddable":true,"href":"https:\/\/betarq.com\/es\/wp-json\/wp\/v2\/media\/2663"}],"wp:attachment":[{"href":"https:\/\/betarq.com\/es\/wp-json\/wp\/v2\/media?parent=2666"}],"wp:term":[{"taxonomy":"category","embeddable":true,"href":"https:\/\/betarq.com\/es\/wp-json\/wp\/v2\/categories?post=2666"},{"taxonomy":"post_tag","embeddable":true,"href":"https:\/\/betarq.com\/es\/wp-json\/wp\/v2\/tags?post=2666"}],"curies":[{"name":"wp","href":"https:\/\/api.w.org\/{rel}","templated":true}]}}