{"id":2732,"date":"2014-04-11T10:12:27","date_gmt":"2014-04-11T08:12:27","guid":{"rendered":"https:\/\/betarq.com\/vivienda-cervantes-73\/"},"modified":"2023-12-08T10:37:08","modified_gmt":"2023-12-08T09:37:08","slug":"vivienda-cervantes-73","status":"publish","type":"post","link":"https:\/\/betarq.com\/es\/vivienda-cervantes-73\/","title":{"rendered":"Inauguraci\u00f3n Centro Cultural La Lira"},"content":{"rendered":"<p><img loading=\"lazy\" decoding=\"async\" class=\"aligncenter size-full wp-image-2727\" src=\"https:\/\/betarq.com\/wp-content\/uploads\/2014\/04\/La-Lira-3.jpg\" alt=\"\" width=\"800\" height=\"584\" srcset=\"https:\/\/betarq.com\/wp-content\/uploads\/2014\/04\/La-Lira-3.jpg 800w, https:\/\/betarq.com\/wp-content\/uploads\/2014\/04\/La-Lira-3-300x219.jpg 300w, https:\/\/betarq.com\/wp-content\/uploads\/2014\/04\/La-Lira-3-768x561.jpg 768w\" sizes=\"auto, (max-width: 800px) 100vw, 800px\" \/><\/p>\n<p>Links de inter\u00e9s:<\/p>\n<p><a title=\"Inauguraci\u00f3n Centro Cultural La Lira\" href=\"http:\/\/www.lavanguardia.com\/local\/barcelona\/20141129\/54420874987\/trias-visita-la-lira-de-sant-andreu-tras-rehabilitarse-con-una-inversion-de-1-6-millones.html\" target=\"_blank\" rel=\"noopener\">Inauguraci\u00f3n Centro Cultural y Deportivo La Lira<\/a>\u00a0&#8211; La Vanguardia<\/p>\n<p><a title=\"Inauguraci\u00f3n Centro Cultural La Lira\" href=\"http:\/\/www.europapress.es\/catalunya\/noticia-trias-visita-lira-sant-andreu-rehabilitarse-inversion-16-millones-20141129113928.html\" target=\"_blank\" rel=\"noopener\">Inauguraci\u00f3n Centro Cultural y Deportivo La Lira<\/a> &#8211; europa press<\/p>\n<p>Inauguraci\u00f3n de\u00a0 la rehabilitaci\u00f3n integral de \u00e9ste emblem\u00e1tico y protegido edificio de Sant Andreu. Betarq realiza el Proyecto Ejecutivo, la Direcci\u00f3n de Obra y la Direcci\u00f3n de Ejecuci\u00f3n.<\/p>\n","protected":false},"excerpt":{"rendered":"<p>Links de inter\u00e9s: Inauguraci\u00f3n Centro Cultural y Deportivo La Lira\u00a0&#8211; La Vanguardia Inauguraci\u00f3n Centro Cultural y Deportivo La Lira &#8211; europa press Inauguraci\u00f3n de\u00a0 la rehabilitaci\u00f3n integral de \u00e9ste emblem\u00e1tico y protegido edificio de Sant Andreu. Betarq realiza el Proyecto Ejecutivo, la Direcci\u00f3n de Obra y la Direcci\u00f3n de Ejecuci\u00f3n.<\/p>\n","protected":false},"author":1,"featured_media":2729,"comment_status":"closed","ping_status":"open","sticky":false,"template":"","format":"standard","meta":{"_acf_changed":false,"inline_featured_image":false,"_monsterinsights_skip_tracking":false,"_monsterinsights_sitenote_active":false,"_monsterinsights_sitenote_note":"","_monsterinsights_sitenote_category":0,"footnotes":""},"categories":[69],"tags":[],"class_list":["post-2732","post","type-post","status-publish","format-standard","has-post-thumbnail","hentry","category-noticias-es","category-69","description-off"],"acf":[],"yoast_head":"<!-- This site is optimized with the Yoast SEO plugin v27.1.1 - https:\/\/yoast.com\/product\/yoast-seo-wordpress\/ -->\n<title>Inauguraci\u00f3n Centro Cultural La Lira - Betarq<\/title>\n<meta name=\"robots\" content=\"index, follow, max-snippet:-1, max-image-preview:large, max-video-preview:-1\" \/>\n<link rel=\"canonical\" href=\"https:\/\/betarq.com\/es\/vivienda-cervantes-73\/\" \/>\n<meta property=\"og:locale\" content=\"es_ES\" \/>\n<meta property=\"og:type\" content=\"article\" \/>\n<meta property=\"og:title\" content=\"Inauguraci\u00f3n Centro Cultural La Lira - Betarq\" \/>\n<meta property=\"og:description\" content=\"Links de inter\u00e9s: Inauguraci\u00f3n Centro Cultural y Deportivo La Lira\u00a0&#8211; La Vanguardia Inauguraci\u00f3n Centro Cultural y Deportivo La Lira &#8211; europa press Inauguraci\u00f3n de\u00a0 la rehabilitaci\u00f3n integral de \u00e9ste emblem\u00e1tico y protegido edificio de Sant Andreu. Betarq realiza el Proyecto Ejecutivo, la Direcci\u00f3n de Obra y la Direcci\u00f3n de Ejecuci\u00f3n.\" \/>\n<meta property=\"og:url\" content=\"https:\/\/betarq.com\/es\/vivienda-cervantes-73\/\" \/>\n<meta property=\"og:site_name\" content=\"Betarq\" \/>\n<meta property=\"article:published_time\" content=\"2014-04-11T08:12:27+00:00\" \/>\n<meta property=\"article:modified_time\" content=\"2023-12-08T09:37:08+00:00\" \/>\n<meta property=\"og:image\" content=\"https:\/\/betarq.com\/wp-content\/uploads\/2014\/04\/La-Lira-3.jpg\" \/>\n\t<meta property=\"og:image:width\" content=\"800\" \/>\n\t<meta property=\"og:image:height\" content=\"584\" \/>\n\t<meta property=\"og:image:type\" content=\"image\/jpeg\" \/>\n<meta name=\"author\" content=\"raulbofill\" \/>\n<meta name=\"twitter:card\" content=\"summary_large_image\" \/>\n<meta name=\"twitter:label1\" content=\"Escrito por\" \/>\n\t<meta name=\"twitter:data1\" content=\"raulbofill\" \/>\n\t<meta name=\"twitter:label2\" content=\"Tiempo de lectura\" \/>\n\t<meta name=\"twitter:data2\" content=\"1 minuto\" \/>\n<script type=\"application\/ld+json\" class=\"yoast-schema-graph\">{\"@context\":\"https:\/\/schema.org\",\"@graph\":[{\"@type\":\"Article\",\"@id\":\"https:\/\/betarq.com\/es\/vivienda-cervantes-73\/#article\",\"isPartOf\":{\"@id\":\"https:\/\/betarq.com\/es\/vivienda-cervantes-73\/\"},\"author\":{\"name\":\"raulbofill\",\"@id\":\"https:\/\/betarq.com\/es\/#\/schema\/person\/ae0cb99ef3ff06ae78db31e143831d17\"},\"headline\":\"Inauguraci\u00f3n Centro Cultural La Lira\",\"datePublished\":\"2014-04-11T08:12:27+00:00\",\"dateModified\":\"2023-12-08T09:37:08+00:00\",\"mainEntityOfPage\":{\"@id\":\"https:\/\/betarq.com\/es\/vivienda-cervantes-73\/\"},\"wordCount\":66,\"publisher\":{\"@id\":\"https:\/\/betarq.com\/es\/#organization\"},\"image\":{\"@id\":\"https:\/\/betarq.com\/es\/vivienda-cervantes-73\/#primaryimage\"},\"thumbnailUrl\":\"https:\/\/betarq.com\/wp-content\/uploads\/2014\/04\/La-Lira-3.jpg\",\"articleSection\":[\"Noticias\"],\"inLanguage\":\"es\"},{\"@type\":\"WebPage\",\"@id\":\"https:\/\/betarq.com\/es\/vivienda-cervantes-73\/\",\"url\":\"https:\/\/betarq.com\/es\/vivienda-cervantes-73\/\",\"name\":\"Inauguraci\u00f3n Centro Cultural La Lira - Betarq\",\"isPartOf\":{\"@id\":\"https:\/\/betarq.com\/es\/#website\"},\"primaryImageOfPage\":{\"@id\":\"https:\/\/betarq.com\/es\/vivienda-cervantes-73\/#primaryimage\"},\"image\":{\"@id\":\"https:\/\/betarq.com\/es\/vivienda-cervantes-73\/#primaryimage\"},\"thumbnailUrl\":\"https:\/\/betarq.com\/wp-content\/uploads\/2014\/04\/La-Lira-3.jpg\",\"datePublished\":\"2014-04-11T08:12:27+00:00\",\"dateModified\":\"2023-12-08T09:37:08+00:00\",\"breadcrumb\":{\"@id\":\"https:\/\/betarq.com\/es\/vivienda-cervantes-73\/#breadcrumb\"},\"inLanguage\":\"es\",\"potentialAction\":[{\"@type\":\"ReadAction\",\"target\":[\"https:\/\/betarq.com\/es\/vivienda-cervantes-73\/\"]}]},{\"@type\":\"ImageObject\",\"inLanguage\":\"es\",\"@id\":\"https:\/\/betarq.com\/es\/vivienda-cervantes-73\/#primaryimage\",\"url\":\"https:\/\/betarq.com\/wp-content\/uploads\/2014\/04\/La-Lira-3.jpg\",\"contentUrl\":\"https:\/\/betarq.com\/wp-content\/uploads\/2014\/04\/La-Lira-3.jpg\",\"width\":800,\"height\":584},{\"@type\":\"BreadcrumbList\",\"@id\":\"https:\/\/betarq.com\/es\/vivienda-cervantes-73\/#breadcrumb\",\"itemListElement\":[{\"@type\":\"ListItem\",\"position\":1,\"name\":\"Portada\",\"item\":\"https:\/\/betarq.com\/es\/\"},{\"@type\":\"ListItem\",\"position\":2,\"name\":\"Inauguraci\u00f3n Centro Cultural La Lira\"}]},{\"@type\":\"WebSite\",\"@id\":\"https:\/\/betarq.com\/es\/#website\",\"url\":\"https:\/\/betarq.com\/es\/\",\"name\":\"Betarq\",\"description\":\"\",\"publisher\":{\"@id\":\"https:\/\/betarq.com\/es\/#organization\"},\"potentialAction\":[{\"@type\":\"SearchAction\",\"target\":{\"@type\":\"EntryPoint\",\"urlTemplate\":\"https:\/\/betarq.com\/es\/?s={search_term_string}\"},\"query-input\":{\"@type\":\"PropertyValueSpecification\",\"valueRequired\":true,\"valueName\":\"search_term_string\"}}],\"inLanguage\":\"es\"},{\"@type\":\"Organization\",\"@id\":\"https:\/\/betarq.com\/es\/#organization\",\"name\":\"Betarq\",\"url\":\"https:\/\/betarq.com\/es\/\",\"logo\":{\"@type\":\"ImageObject\",\"inLanguage\":\"es\",\"@id\":\"https:\/\/betarq.com\/es\/#\/schema\/logo\/image\/\",\"url\":\"https:\/\/betarq.com\/wp-content\/uploads\/2023\/09\/logo-betarq.png\",\"contentUrl\":\"https:\/\/betarq.com\/wp-content\/uploads\/2023\/09\/logo-betarq.png\",\"width\":100,\"height\":75,\"caption\":\"Betarq\"},\"image\":{\"@id\":\"https:\/\/betarq.com\/es\/#\/schema\/logo\/image\/\"}},{\"@type\":\"Person\",\"@id\":\"https:\/\/betarq.com\/es\/#\/schema\/person\/ae0cb99ef3ff06ae78db31e143831d17\",\"name\":\"raulbofill\",\"image\":{\"@type\":\"ImageObject\",\"inLanguage\":\"es\",\"@id\":\"https:\/\/betarq.com\/es\/#\/schema\/person\/image\/\",\"url\":\"https:\/\/secure.gravatar.com\/avatar\/2a171335aeb2708e14406d8a4f57eacc3b5fd77b9b85af05e61305622ee33824?s=96&d=mm&r=g\",\"contentUrl\":\"https:\/\/secure.gravatar.com\/avatar\/2a171335aeb2708e14406d8a4f57eacc3b5fd77b9b85af05e61305622ee33824?s=96&d=mm&r=g\",\"caption\":\"raulbofill\"},\"sameAs\":[\"https:\/\/betarq.com\"],\"url\":\"https:\/\/betarq.com\/es\/author\/raulbofill\/\"}]}<\/script>\n<!-- \/ Yoast SEO plugin. -->","yoast_head_json":{"title":"Inauguraci\u00f3n Centro Cultural La Lira - Betarq","robots":{"index":"index","follow":"follow","max-snippet":"max-snippet:-1","max-image-preview":"max-image-preview:large","max-video-preview":"max-video-preview:-1"},"canonical":"https:\/\/betarq.com\/es\/vivienda-cervantes-73\/","og_locale":"es_ES","og_type":"article","og_title":"Inauguraci\u00f3n Centro Cultural La Lira - Betarq","og_description":"Links de inter\u00e9s: Inauguraci\u00f3n Centro Cultural y Deportivo La Lira\u00a0&#8211; La Vanguardia Inauguraci\u00f3n Centro Cultural y Deportivo La Lira &#8211; europa press Inauguraci\u00f3n de\u00a0 la rehabilitaci\u00f3n integral de \u00e9ste emblem\u00e1tico y protegido edificio de Sant Andreu. Betarq realiza el Proyecto Ejecutivo, la Direcci\u00f3n de Obra y la Direcci\u00f3n de Ejecuci\u00f3n.","og_url":"https:\/\/betarq.com\/es\/vivienda-cervantes-73\/","og_site_name":"Betarq","article_published_time":"2014-04-11T08:12:27+00:00","article_modified_time":"2023-12-08T09:37:08+00:00","og_image":[{"width":800,"height":584,"url":"https:\/\/betarq.com\/wp-content\/uploads\/2014\/04\/La-Lira-3.jpg","type":"image\/jpeg"}],"author":"raulbofill","twitter_card":"summary_large_image","twitter_misc":{"Escrito por":"raulbofill","Tiempo de lectura":"1 minuto"},"schema":{"@context":"https:\/\/schema.org","@graph":[{"@type":"Article","@id":"https:\/\/betarq.com\/es\/vivienda-cervantes-73\/#article","isPartOf":{"@id":"https:\/\/betarq.com\/es\/vivienda-cervantes-73\/"},"author":{"name":"raulbofill","@id":"https:\/\/betarq.com\/es\/#\/schema\/person\/ae0cb99ef3ff06ae78db31e143831d17"},"headline":"Inauguraci\u00f3n Centro Cultural La Lira","datePublished":"2014-04-11T08:12:27+00:00","dateModified":"2023-12-08T09:37:08+00:00","mainEntityOfPage":{"@id":"https:\/\/betarq.com\/es\/vivienda-cervantes-73\/"},"wordCount":66,"publisher":{"@id":"https:\/\/betarq.com\/es\/#organization"},"image":{"@id":"https:\/\/betarq.com\/es\/vivienda-cervantes-73\/#primaryimage"},"thumbnailUrl":"https:\/\/betarq.com\/wp-content\/uploads\/2014\/04\/La-Lira-3.jpg","articleSection":["Noticias"],"inLanguage":"es"},{"@type":"WebPage","@id":"https:\/\/betarq.com\/es\/vivienda-cervantes-73\/","url":"https:\/\/betarq.com\/es\/vivienda-cervantes-73\/","name":"Inauguraci\u00f3n Centro Cultural La Lira - Betarq","isPartOf":{"@id":"https:\/\/betarq.com\/es\/#website"},"primaryImageOfPage":{"@id":"https:\/\/betarq.com\/es\/vivienda-cervantes-73\/#primaryimage"},"image":{"@id":"https:\/\/betarq.com\/es\/vivienda-cervantes-73\/#primaryimage"},"thumbnailUrl":"https:\/\/betarq.com\/wp-content\/uploads\/2014\/04\/La-Lira-3.jpg","datePublished":"2014-04-11T08:12:27+00:00","dateModified":"2023-12-08T09:37:08+00:00","breadcrumb":{"@id":"https:\/\/betarq.com\/es\/vivienda-cervantes-73\/#breadcrumb"},"inLanguage":"es","potentialAction":[{"@type":"ReadAction","target":["https:\/\/betarq.com\/es\/vivienda-cervantes-73\/"]}]},{"@type":"ImageObject","inLanguage":"es","@id":"https:\/\/betarq.com\/es\/vivienda-cervantes-73\/#primaryimage","url":"https:\/\/betarq.com\/wp-content\/uploads\/2014\/04\/La-Lira-3.jpg","contentUrl":"https:\/\/betarq.com\/wp-content\/uploads\/2014\/04\/La-Lira-3.jpg","width":800,"height":584},{"@type":"BreadcrumbList","@id":"https:\/\/betarq.com\/es\/vivienda-cervantes-73\/#breadcrumb","itemListElement":[{"@type":"ListItem","position":1,"name":"Portada","item":"https:\/\/betarq.com\/es\/"},{"@type":"ListItem","position":2,"name":"Inauguraci\u00f3n Centro Cultural La Lira"}]},{"@type":"WebSite","@id":"https:\/\/betarq.com\/es\/#website","url":"https:\/\/betarq.com\/es\/","name":"Betarq","description":"","publisher":{"@id":"https:\/\/betarq.com\/es\/#organization"},"potentialAction":[{"@type":"SearchAction","target":{"@type":"EntryPoint","urlTemplate":"https:\/\/betarq.com\/es\/?s={search_term_string}"},"query-input":{"@type":"PropertyValueSpecification","valueRequired":true,"valueName":"search_term_string"}}],"inLanguage":"es"},{"@type":"Organization","@id":"https:\/\/betarq.com\/es\/#organization","name":"Betarq","url":"https:\/\/betarq.com\/es\/","logo":{"@type":"ImageObject","inLanguage":"es","@id":"https:\/\/betarq.com\/es\/#\/schema\/logo\/image\/","url":"https:\/\/betarq.com\/wp-content\/uploads\/2023\/09\/logo-betarq.png","contentUrl":"https:\/\/betarq.com\/wp-content\/uploads\/2023\/09\/logo-betarq.png","width":100,"height":75,"caption":"Betarq"},"image":{"@id":"https:\/\/betarq.com\/es\/#\/schema\/logo\/image\/"}},{"@type":"Person","@id":"https:\/\/betarq.com\/es\/#\/schema\/person\/ae0cb99ef3ff06ae78db31e143831d17","name":"raulbofill","image":{"@type":"ImageObject","inLanguage":"es","@id":"https:\/\/betarq.com\/es\/#\/schema\/person\/image\/","url":"https:\/\/secure.gravatar.com\/avatar\/2a171335aeb2708e14406d8a4f57eacc3b5fd77b9b85af05e61305622ee33824?s=96&d=mm&r=g","contentUrl":"https:\/\/secure.gravatar.com\/avatar\/2a171335aeb2708e14406d8a4f57eacc3b5fd77b9b85af05e61305622ee33824?s=96&d=mm&r=g","caption":"raulbofill"},"sameAs":["https:\/\/betarq.com"],"url":"https:\/\/betarq.com\/es\/author\/raulbofill\/"}]}},"_links":{"self":[{"href":"https:\/\/betarq.com\/es\/wp-json\/wp\/v2\/posts\/2732","targetHints":{"allow":["GET"]}}],"collection":[{"href":"https:\/\/betarq.com\/es\/wp-json\/wp\/v2\/posts"}],"about":[{"href":"https:\/\/betarq.com\/es\/wp-json\/wp\/v2\/types\/post"}],"author":[{"embeddable":true,"href":"https:\/\/betarq.com\/es\/wp-json\/wp\/v2\/users\/1"}],"replies":[{"embeddable":true,"href":"https:\/\/betarq.com\/es\/wp-json\/wp\/v2\/comments?post=2732"}],"version-history":[{"count":1,"href":"https:\/\/betarq.com\/es\/wp-json\/wp\/v2\/posts\/2732\/revisions"}],"predecessor-version":[{"id":3654,"href":"https:\/\/betarq.com\/es\/wp-json\/wp\/v2\/posts\/2732\/revisions\/3654"}],"wp:featuredmedia":[{"embeddable":true,"href":"https:\/\/betarq.com\/es\/wp-json\/wp\/v2\/media\/2729"}],"wp:attachment":[{"href":"https:\/\/betarq.com\/es\/wp-json\/wp\/v2\/media?parent=2732"}],"wp:term":[{"taxonomy":"category","embeddable":true,"href":"https:\/\/betarq.com\/es\/wp-json\/wp\/v2\/categories?post=2732"},{"taxonomy":"post_tag","embeddable":true,"href":"https:\/\/betarq.com\/es\/wp-json\/wp\/v2\/tags?post=2732"}],"curies":[{"name":"wp","href":"https:\/\/api.w.org\/{rel}","templated":true}]}}