{"id":2770,"date":"2015-03-30T17:26:43","date_gmt":"2015-03-30T15:26:43","guid":{"rendered":"https:\/\/betarq.com\/edifici-magalhaes\/"},"modified":"2023-11-23T10:11:01","modified_gmt":"2023-11-23T09:11:01","slug":"primer-edificio-de-viviendas-construido-con-entramado-ligero-de-madera","status":"publish","type":"post","link":"https:\/\/betarq.com\/es\/primer-edificio-de-viviendas-construido-con-entramado-ligero-de-madera\/","title":{"rendered":"Primer edificio de viviendas construido con entramado ligero de madera"},"content":{"rendered":"<p><span style=\"color: #222222;\"><img loading=\"lazy\" decoding=\"async\" class=\"aligncenter size-full wp-image-2762\" src=\"https:\/\/betarq.com\/wp-content\/uploads\/2015\/03\/800x584-certificat-magalhaes.jpg\" alt=\"\" width=\"800\" height=\"584\" srcset=\"https:\/\/betarq.com\/wp-content\/uploads\/2015\/03\/800x584-certificat-magalhaes.jpg 800w, https:\/\/betarq.com\/wp-content\/uploads\/2015\/03\/800x584-certificat-magalhaes-300x219.jpg 300w, https:\/\/betarq.com\/wp-content\/uploads\/2015\/03\/800x584-certificat-magalhaes-768x561.jpg 768w\" sizes=\"auto, (max-width: 800px) 100vw, 800px\" \/><img loading=\"lazy\" decoding=\"async\" class=\"aligncenter size-full wp-image-2765\" src=\"https:\/\/betarq.com\/wp-content\/uploads\/2015\/03\/800x584-exterior-magalhaes.jpg\" alt=\"\" width=\"800\" height=\"584\" srcset=\"https:\/\/betarq.com\/wp-content\/uploads\/2015\/03\/800x584-exterior-magalhaes.jpg 800w, https:\/\/betarq.com\/wp-content\/uploads\/2015\/03\/800x584-exterior-magalhaes-300x219.jpg 300w, https:\/\/betarq.com\/wp-content\/uploads\/2015\/03\/800x584-exterior-magalhaes-768x561.jpg 768w\" sizes=\"auto, (max-width: 800px) 100vw, 800px\" \/>El primer edificio en altura con entramado ligero de madera, dise\u00f1ado y dirigido por Betarq Group. Situado en la calle Magalhaes de Barcelona.<\/span><\/p>\n<p><strong><span style=\"color: #222222;\">\u00a0V\u00eddeos<\/span><\/strong><\/p>\n<p><span style=\"color: #222222;\"><a title=\"Edifici Magalhaes\" href=\"https:\/\/youtu.be\/9NqlXkHks8o\" target=\"_blank\" rel=\"noopener\">Ver v\u00eddeo de la instalaci\u00f3n de la fachada\u00a0<\/a><\/span><\/p>\n<p><span style=\"color: #222222;\"><a title=\"Veure entrevista BTV tall 1\" href=\"https:\/\/youtu.be\/GuwyKh5lBbw\">Ver v\u00eddeo entrevista BTV corte 1<\/a><\/span><\/p>\n<p><span style=\"color: #222222;\"><a title=\"Veure entrevista BTV tall 2\" href=\"https:\/\/youtu.be\/wrcRxt3oZXw\">Ver v\u00eddeo entrevista BTV corte\u00a0<\/a>2\u00a0\u00a0\u00a0\u00a0\u00a0\u00a0\u00a0\u00a0\u00a0\u00a0\u00a0\u00a0\u00a0\u00a0\u00a0\u00a0\u00a0\u00a0\u00a0<\/span><\/p>\n<p><span style=\"color: #222222;\"><a href=\"https:\/\/youtu.be\/5cQpqus-PZc\">Ver v\u00eddeo noticias BTV <\/a>\u00a0\u00a0\u00a0\u00a0\u00a0\u00a0\u00a0\u00a0\u00a0\u00a0\u00a0\u00a0\u00a0<\/span><\/p>\n<p><span style=\"color: #222222;\"><strong>Prensa\u00a0\u00a0<\/strong>\u00a0\u00a0\u00a0<\/span><\/p>\n<p><span style=\"color: #222222;\"><a href=\"http:\/\/issuu.com\/editorialmic\/docs\/arquitectosvalladolid6\">Ver art\u00edculo del COA Valladolid<\/a>\u00a0\u00a0\u00a0\u00a0\u00a0\u00a0\u00a0\u00a0\u00a0\u00a0\u00a0\u00a0\u00a0\u00a0\u00a0\u00a0\u00a0\u00a0\u00a0\u00a0\u00a0\u00a0\u00a0\u00a0\u00a0\u00a0\u00a0\u00a0\u00a0\u00a0\u00a0\u00a0\u00a0\u00a0\u00a0\u00a0\u00a0\u00a0\u00a0\u00a0\u00a0\u00a0\u00a0\u00a0\u00a0\u00a0\u00a0\u00a0\u00a0\u00a0\u00a0\u00a0<\/span><\/p>\n<p>Para m\u00e1s informaci\u00f3n del proyecto\u00a0clica <a href=\"http:\/\/betarq.com\/ca\/projecte\/edifici-magalhaes\/\">aqui<\/a><\/p>\n","protected":false},"excerpt":{"rendered":"<p>El primer edificio en altura con entramado ligero de madera, dise\u00f1ado y dirigido por Betarq Group. Situado en la calle Magalhaes de Barcelona. \u00a0V\u00eddeos Ver v\u00eddeo de la instalaci\u00f3n de la fachada\u00a0 Ver v\u00eddeo entrevista BTV corte 1 Ver v\u00eddeo entrevista BTV corte\u00a02\u00a0\u00a0\u00a0\u00a0\u00a0\u00a0\u00a0\u00a0\u00a0\u00a0\u00a0\u00a0\u00a0\u00a0\u00a0\u00a0\u00a0\u00a0\u00a0 Ver v\u00eddeo noticias BTV \u00a0\u00a0\u00a0\u00a0\u00a0\u00a0\u00a0\u00a0\u00a0\u00a0\u00a0\u00a0\u00a0 Prensa\u00a0\u00a0\u00a0\u00a0\u00a0 Ver art\u00edculo del COA Valladolid\u00a0\u00a0\u00a0\u00a0\u00a0\u00a0\u00a0\u00a0\u00a0\u00a0\u00a0\u00a0\u00a0\u00a0\u00a0\u00a0\u00a0\u00a0\u00a0\u00a0\u00a0\u00a0\u00a0\u00a0\u00a0\u00a0\u00a0\u00a0\u00a0\u00a0\u00a0\u00a0\u00a0\u00a0\u00a0\u00a0\u00a0\u00a0\u00a0\u00a0\u00a0\u00a0\u00a0\u00a0\u00a0\u00a0\u00a0\u00a0\u00a0\u00a0\u00a0\u00a0 Para&hellip;<\/p>\n","protected":false},"author":1,"featured_media":2767,"comment_status":"closed","ping_status":"open","sticky":false,"template":"","format":"standard","meta":{"_acf_changed":false,"inline_featured_image":false,"_monsterinsights_skip_tracking":false,"_monsterinsights_sitenote_active":false,"_monsterinsights_sitenote_note":"","_monsterinsights_sitenote_category":0,"footnotes":""},"categories":[69],"tags":[],"class_list":["post-2770","post","type-post","status-publish","format-standard","has-post-thumbnail","hentry","category-noticias-es","category-69","description-off"],"acf":[],"yoast_head":"<!-- This site is optimized with the Yoast SEO plugin v27.1.1 - https:\/\/yoast.com\/product\/yoast-seo-wordpress\/ -->\n<title>Primer edificio de viviendas construido con entramado ligero de madera - Betarq<\/title>\n<meta name=\"robots\" content=\"index, follow, max-snippet:-1, max-image-preview:large, max-video-preview:-1\" \/>\n<link rel=\"canonical\" href=\"https:\/\/betarq.com\/es\/primer-edificio-de-viviendas-construido-con-entramado-ligero-de-madera\/\" \/>\n<meta property=\"og:locale\" content=\"es_ES\" \/>\n<meta property=\"og:type\" content=\"article\" \/>\n<meta property=\"og:title\" content=\"Primer edificio de viviendas construido con entramado ligero de madera - Betarq\" \/>\n<meta property=\"og:description\" content=\"El primer edificio en altura con entramado ligero de madera, dise\u00f1ado y dirigido por Betarq Group. Situado en la calle Magalhaes de Barcelona. \u00a0V\u00eddeos Ver v\u00eddeo de la instalaci\u00f3n de la fachada\u00a0 Ver v\u00eddeo entrevista BTV corte 1 Ver v\u00eddeo entrevista BTV corte\u00a02\u00a0\u00a0\u00a0\u00a0\u00a0\u00a0\u00a0\u00a0\u00a0\u00a0\u00a0\u00a0\u00a0\u00a0\u00a0\u00a0\u00a0\u00a0\u00a0 Ver v\u00eddeo noticias BTV \u00a0\u00a0\u00a0\u00a0\u00a0\u00a0\u00a0\u00a0\u00a0\u00a0\u00a0\u00a0\u00a0 Prensa\u00a0\u00a0\u00a0\u00a0\u00a0 Ver art\u00edculo del COA Valladolid\u00a0\u00a0\u00a0\u00a0\u00a0\u00a0\u00a0\u00a0\u00a0\u00a0\u00a0\u00a0\u00a0\u00a0\u00a0\u00a0\u00a0\u00a0\u00a0\u00a0\u00a0\u00a0\u00a0\u00a0\u00a0\u00a0\u00a0\u00a0\u00a0\u00a0\u00a0\u00a0\u00a0\u00a0\u00a0\u00a0\u00a0\u00a0\u00a0\u00a0\u00a0\u00a0\u00a0\u00a0\u00a0\u00a0\u00a0\u00a0\u00a0\u00a0\u00a0\u00a0 Para&hellip;\" \/>\n<meta property=\"og:url\" content=\"https:\/\/betarq.com\/es\/primer-edificio-de-viviendas-construido-con-entramado-ligero-de-madera\/\" \/>\n<meta property=\"og:site_name\" content=\"Betarq\" \/>\n<meta property=\"article:published_time\" content=\"2015-03-30T15:26:43+00:00\" \/>\n<meta property=\"article:modified_time\" content=\"2023-11-23T09:11:01+00:00\" \/>\n<meta property=\"og:image\" content=\"https:\/\/betarq.com\/wp-content\/uploads\/2015\/03\/800x584-exterior-magalhaes.jpg\" \/>\n\t<meta property=\"og:image:width\" content=\"800\" \/>\n\t<meta property=\"og:image:height\" content=\"584\" \/>\n\t<meta property=\"og:image:type\" content=\"image\/jpeg\" \/>\n<meta name=\"author\" content=\"raulbofill\" \/>\n<meta name=\"twitter:card\" content=\"summary_large_image\" \/>\n<meta name=\"twitter:label1\" content=\"Escrito por\" \/>\n\t<meta name=\"twitter:data1\" content=\"raulbofill\" \/>\n\t<meta name=\"twitter:label2\" content=\"Tiempo de lectura\" \/>\n\t<meta name=\"twitter:data2\" content=\"1 minuto\" \/>\n<script type=\"application\/ld+json\" class=\"yoast-schema-graph\">{\"@context\":\"https:\/\/schema.org\",\"@graph\":[{\"@type\":\"Article\",\"@id\":\"https:\/\/betarq.com\/es\/primer-edificio-de-viviendas-construido-con-entramado-ligero-de-madera\/#article\",\"isPartOf\":{\"@id\":\"https:\/\/betarq.com\/es\/primer-edificio-de-viviendas-construido-con-entramado-ligero-de-madera\/\"},\"author\":{\"name\":\"raulbofill\",\"@id\":\"https:\/\/betarq.com\/es\/#\/schema\/person\/ae0cb99ef3ff06ae78db31e143831d17\"},\"headline\":\"Primer edificio de viviendas construido con entramado ligero de madera\",\"datePublished\":\"2015-03-30T15:26:43+00:00\",\"dateModified\":\"2023-11-23T09:11:01+00:00\",\"mainEntityOfPage\":{\"@id\":\"https:\/\/betarq.com\/es\/primer-edificio-de-viviendas-construido-con-entramado-ligero-de-madera\/\"},\"wordCount\":79,\"publisher\":{\"@id\":\"https:\/\/betarq.com\/es\/#organization\"},\"image\":{\"@id\":\"https:\/\/betarq.com\/es\/primer-edificio-de-viviendas-construido-con-entramado-ligero-de-madera\/#primaryimage\"},\"thumbnailUrl\":\"https:\/\/betarq.com\/wp-content\/uploads\/2015\/03\/800x584-exterior-magalhaes.jpg\",\"articleSection\":[\"Noticias\"],\"inLanguage\":\"es\"},{\"@type\":\"WebPage\",\"@id\":\"https:\/\/betarq.com\/es\/primer-edificio-de-viviendas-construido-con-entramado-ligero-de-madera\/\",\"url\":\"https:\/\/betarq.com\/es\/primer-edificio-de-viviendas-construido-con-entramado-ligero-de-madera\/\",\"name\":\"Primer edificio de viviendas construido con entramado ligero de madera - Betarq\",\"isPartOf\":{\"@id\":\"https:\/\/betarq.com\/es\/#website\"},\"primaryImageOfPage\":{\"@id\":\"https:\/\/betarq.com\/es\/primer-edificio-de-viviendas-construido-con-entramado-ligero-de-madera\/#primaryimage\"},\"image\":{\"@id\":\"https:\/\/betarq.com\/es\/primer-edificio-de-viviendas-construido-con-entramado-ligero-de-madera\/#primaryimage\"},\"thumbnailUrl\":\"https:\/\/betarq.com\/wp-content\/uploads\/2015\/03\/800x584-exterior-magalhaes.jpg\",\"datePublished\":\"2015-03-30T15:26:43+00:00\",\"dateModified\":\"2023-11-23T09:11:01+00:00\",\"breadcrumb\":{\"@id\":\"https:\/\/betarq.com\/es\/primer-edificio-de-viviendas-construido-con-entramado-ligero-de-madera\/#breadcrumb\"},\"inLanguage\":\"es\",\"potentialAction\":[{\"@type\":\"ReadAction\",\"target\":[\"https:\/\/betarq.com\/es\/primer-edificio-de-viviendas-construido-con-entramado-ligero-de-madera\/\"]}]},{\"@type\":\"ImageObject\",\"inLanguage\":\"es\",\"@id\":\"https:\/\/betarq.com\/es\/primer-edificio-de-viviendas-construido-con-entramado-ligero-de-madera\/#primaryimage\",\"url\":\"https:\/\/betarq.com\/wp-content\/uploads\/2015\/03\/800x584-exterior-magalhaes.jpg\",\"contentUrl\":\"https:\/\/betarq.com\/wp-content\/uploads\/2015\/03\/800x584-exterior-magalhaes.jpg\",\"width\":800,\"height\":584},{\"@type\":\"BreadcrumbList\",\"@id\":\"https:\/\/betarq.com\/es\/primer-edificio-de-viviendas-construido-con-entramado-ligero-de-madera\/#breadcrumb\",\"itemListElement\":[{\"@type\":\"ListItem\",\"position\":1,\"name\":\"Portada\",\"item\":\"https:\/\/betarq.com\/es\/\"},{\"@type\":\"ListItem\",\"position\":2,\"name\":\"Primer edificio de viviendas construido con entramado ligero de madera\"}]},{\"@type\":\"WebSite\",\"@id\":\"https:\/\/betarq.com\/es\/#website\",\"url\":\"https:\/\/betarq.com\/es\/\",\"name\":\"Betarq\",\"description\":\"\",\"publisher\":{\"@id\":\"https:\/\/betarq.com\/es\/#organization\"},\"potentialAction\":[{\"@type\":\"SearchAction\",\"target\":{\"@type\":\"EntryPoint\",\"urlTemplate\":\"https:\/\/betarq.com\/es\/?s={search_term_string}\"},\"query-input\":{\"@type\":\"PropertyValueSpecification\",\"valueRequired\":true,\"valueName\":\"search_term_string\"}}],\"inLanguage\":\"es\"},{\"@type\":\"Organization\",\"@id\":\"https:\/\/betarq.com\/es\/#organization\",\"name\":\"Betarq\",\"url\":\"https:\/\/betarq.com\/es\/\",\"logo\":{\"@type\":\"ImageObject\",\"inLanguage\":\"es\",\"@id\":\"https:\/\/betarq.com\/es\/#\/schema\/logo\/image\/\",\"url\":\"https:\/\/betarq.com\/wp-content\/uploads\/2023\/09\/logo-betarq.png\",\"contentUrl\":\"https:\/\/betarq.com\/wp-content\/uploads\/2023\/09\/logo-betarq.png\",\"width\":100,\"height\":75,\"caption\":\"Betarq\"},\"image\":{\"@id\":\"https:\/\/betarq.com\/es\/#\/schema\/logo\/image\/\"}},{\"@type\":\"Person\",\"@id\":\"https:\/\/betarq.com\/es\/#\/schema\/person\/ae0cb99ef3ff06ae78db31e143831d17\",\"name\":\"raulbofill\",\"image\":{\"@type\":\"ImageObject\",\"inLanguage\":\"es\",\"@id\":\"https:\/\/betarq.com\/es\/#\/schema\/person\/image\/\",\"url\":\"https:\/\/secure.gravatar.com\/avatar\/2a171335aeb2708e14406d8a4f57eacc3b5fd77b9b85af05e61305622ee33824?s=96&d=mm&r=g\",\"contentUrl\":\"https:\/\/secure.gravatar.com\/avatar\/2a171335aeb2708e14406d8a4f57eacc3b5fd77b9b85af05e61305622ee33824?s=96&d=mm&r=g\",\"caption\":\"raulbofill\"},\"sameAs\":[\"https:\/\/betarq.com\"],\"url\":\"https:\/\/betarq.com\/es\/author\/raulbofill\/\"}]}<\/script>\n<!-- \/ Yoast SEO plugin. -->","yoast_head_json":{"title":"Primer edificio de viviendas construido con entramado ligero de madera - Betarq","robots":{"index":"index","follow":"follow","max-snippet":"max-snippet:-1","max-image-preview":"max-image-preview:large","max-video-preview":"max-video-preview:-1"},"canonical":"https:\/\/betarq.com\/es\/primer-edificio-de-viviendas-construido-con-entramado-ligero-de-madera\/","og_locale":"es_ES","og_type":"article","og_title":"Primer edificio de viviendas construido con entramado ligero de madera - Betarq","og_description":"El primer edificio en altura con entramado ligero de madera, dise\u00f1ado y dirigido por Betarq Group. Situado en la calle Magalhaes de Barcelona. \u00a0V\u00eddeos Ver v\u00eddeo de la instalaci\u00f3n de la fachada\u00a0 Ver v\u00eddeo entrevista BTV corte 1 Ver v\u00eddeo entrevista BTV corte\u00a02\u00a0\u00a0\u00a0\u00a0\u00a0\u00a0\u00a0\u00a0\u00a0\u00a0\u00a0\u00a0\u00a0\u00a0\u00a0\u00a0\u00a0\u00a0\u00a0 Ver v\u00eddeo noticias BTV \u00a0\u00a0\u00a0\u00a0\u00a0\u00a0\u00a0\u00a0\u00a0\u00a0\u00a0\u00a0\u00a0 Prensa\u00a0\u00a0\u00a0\u00a0\u00a0 Ver art\u00edculo del COA Valladolid\u00a0\u00a0\u00a0\u00a0\u00a0\u00a0\u00a0\u00a0\u00a0\u00a0\u00a0\u00a0\u00a0\u00a0\u00a0\u00a0\u00a0\u00a0\u00a0\u00a0\u00a0\u00a0\u00a0\u00a0\u00a0\u00a0\u00a0\u00a0\u00a0\u00a0\u00a0\u00a0\u00a0\u00a0\u00a0\u00a0\u00a0\u00a0\u00a0\u00a0\u00a0\u00a0\u00a0\u00a0\u00a0\u00a0\u00a0\u00a0\u00a0\u00a0\u00a0\u00a0 Para&hellip;","og_url":"https:\/\/betarq.com\/es\/primer-edificio-de-viviendas-construido-con-entramado-ligero-de-madera\/","og_site_name":"Betarq","article_published_time":"2015-03-30T15:26:43+00:00","article_modified_time":"2023-11-23T09:11:01+00:00","og_image":[{"width":800,"height":584,"url":"https:\/\/betarq.com\/wp-content\/uploads\/2015\/03\/800x584-exterior-magalhaes.jpg","type":"image\/jpeg"}],"author":"raulbofill","twitter_card":"summary_large_image","twitter_misc":{"Escrito por":"raulbofill","Tiempo de lectura":"1 minuto"},"schema":{"@context":"https:\/\/schema.org","@graph":[{"@type":"Article","@id":"https:\/\/betarq.com\/es\/primer-edificio-de-viviendas-construido-con-entramado-ligero-de-madera\/#article","isPartOf":{"@id":"https:\/\/betarq.com\/es\/primer-edificio-de-viviendas-construido-con-entramado-ligero-de-madera\/"},"author":{"name":"raulbofill","@id":"https:\/\/betarq.com\/es\/#\/schema\/person\/ae0cb99ef3ff06ae78db31e143831d17"},"headline":"Primer edificio de viviendas construido con entramado ligero de madera","datePublished":"2015-03-30T15:26:43+00:00","dateModified":"2023-11-23T09:11:01+00:00","mainEntityOfPage":{"@id":"https:\/\/betarq.com\/es\/primer-edificio-de-viviendas-construido-con-entramado-ligero-de-madera\/"},"wordCount":79,"publisher":{"@id":"https:\/\/betarq.com\/es\/#organization"},"image":{"@id":"https:\/\/betarq.com\/es\/primer-edificio-de-viviendas-construido-con-entramado-ligero-de-madera\/#primaryimage"},"thumbnailUrl":"https:\/\/betarq.com\/wp-content\/uploads\/2015\/03\/800x584-exterior-magalhaes.jpg","articleSection":["Noticias"],"inLanguage":"es"},{"@type":"WebPage","@id":"https:\/\/betarq.com\/es\/primer-edificio-de-viviendas-construido-con-entramado-ligero-de-madera\/","url":"https:\/\/betarq.com\/es\/primer-edificio-de-viviendas-construido-con-entramado-ligero-de-madera\/","name":"Primer edificio de viviendas construido con entramado ligero de madera - Betarq","isPartOf":{"@id":"https:\/\/betarq.com\/es\/#website"},"primaryImageOfPage":{"@id":"https:\/\/betarq.com\/es\/primer-edificio-de-viviendas-construido-con-entramado-ligero-de-madera\/#primaryimage"},"image":{"@id":"https:\/\/betarq.com\/es\/primer-edificio-de-viviendas-construido-con-entramado-ligero-de-madera\/#primaryimage"},"thumbnailUrl":"https:\/\/betarq.com\/wp-content\/uploads\/2015\/03\/800x584-exterior-magalhaes.jpg","datePublished":"2015-03-30T15:26:43+00:00","dateModified":"2023-11-23T09:11:01+00:00","breadcrumb":{"@id":"https:\/\/betarq.com\/es\/primer-edificio-de-viviendas-construido-con-entramado-ligero-de-madera\/#breadcrumb"},"inLanguage":"es","potentialAction":[{"@type":"ReadAction","target":["https:\/\/betarq.com\/es\/primer-edificio-de-viviendas-construido-con-entramado-ligero-de-madera\/"]}]},{"@type":"ImageObject","inLanguage":"es","@id":"https:\/\/betarq.com\/es\/primer-edificio-de-viviendas-construido-con-entramado-ligero-de-madera\/#primaryimage","url":"https:\/\/betarq.com\/wp-content\/uploads\/2015\/03\/800x584-exterior-magalhaes.jpg","contentUrl":"https:\/\/betarq.com\/wp-content\/uploads\/2015\/03\/800x584-exterior-magalhaes.jpg","width":800,"height":584},{"@type":"BreadcrumbList","@id":"https:\/\/betarq.com\/es\/primer-edificio-de-viviendas-construido-con-entramado-ligero-de-madera\/#breadcrumb","itemListElement":[{"@type":"ListItem","position":1,"name":"Portada","item":"https:\/\/betarq.com\/es\/"},{"@type":"ListItem","position":2,"name":"Primer edificio de viviendas construido con entramado ligero de madera"}]},{"@type":"WebSite","@id":"https:\/\/betarq.com\/es\/#website","url":"https:\/\/betarq.com\/es\/","name":"Betarq","description":"","publisher":{"@id":"https:\/\/betarq.com\/es\/#organization"},"potentialAction":[{"@type":"SearchAction","target":{"@type":"EntryPoint","urlTemplate":"https:\/\/betarq.com\/es\/?s={search_term_string}"},"query-input":{"@type":"PropertyValueSpecification","valueRequired":true,"valueName":"search_term_string"}}],"inLanguage":"es"},{"@type":"Organization","@id":"https:\/\/betarq.com\/es\/#organization","name":"Betarq","url":"https:\/\/betarq.com\/es\/","logo":{"@type":"ImageObject","inLanguage":"es","@id":"https:\/\/betarq.com\/es\/#\/schema\/logo\/image\/","url":"https:\/\/betarq.com\/wp-content\/uploads\/2023\/09\/logo-betarq.png","contentUrl":"https:\/\/betarq.com\/wp-content\/uploads\/2023\/09\/logo-betarq.png","width":100,"height":75,"caption":"Betarq"},"image":{"@id":"https:\/\/betarq.com\/es\/#\/schema\/logo\/image\/"}},{"@type":"Person","@id":"https:\/\/betarq.com\/es\/#\/schema\/person\/ae0cb99ef3ff06ae78db31e143831d17","name":"raulbofill","image":{"@type":"ImageObject","inLanguage":"es","@id":"https:\/\/betarq.com\/es\/#\/schema\/person\/image\/","url":"https:\/\/secure.gravatar.com\/avatar\/2a171335aeb2708e14406d8a4f57eacc3b5fd77b9b85af05e61305622ee33824?s=96&d=mm&r=g","contentUrl":"https:\/\/secure.gravatar.com\/avatar\/2a171335aeb2708e14406d8a4f57eacc3b5fd77b9b85af05e61305622ee33824?s=96&d=mm&r=g","caption":"raulbofill"},"sameAs":["https:\/\/betarq.com"],"url":"https:\/\/betarq.com\/es\/author\/raulbofill\/"}]}},"_links":{"self":[{"href":"https:\/\/betarq.com\/es\/wp-json\/wp\/v2\/posts\/2770","targetHints":{"allow":["GET"]}}],"collection":[{"href":"https:\/\/betarq.com\/es\/wp-json\/wp\/v2\/posts"}],"about":[{"href":"https:\/\/betarq.com\/es\/wp-json\/wp\/v2\/types\/post"}],"author":[{"embeddable":true,"href":"https:\/\/betarq.com\/es\/wp-json\/wp\/v2\/users\/1"}],"replies":[{"embeddable":true,"href":"https:\/\/betarq.com\/es\/wp-json\/wp\/v2\/comments?post=2770"}],"version-history":[{"count":0,"href":"https:\/\/betarq.com\/es\/wp-json\/wp\/v2\/posts\/2770\/revisions"}],"wp:featuredmedia":[{"embeddable":true,"href":"https:\/\/betarq.com\/es\/wp-json\/wp\/v2\/media\/2767"}],"wp:attachment":[{"href":"https:\/\/betarq.com\/es\/wp-json\/wp\/v2\/media?parent=2770"}],"wp:term":[{"taxonomy":"category","embeddable":true,"href":"https:\/\/betarq.com\/es\/wp-json\/wp\/v2\/categories?post=2770"},{"taxonomy":"post_tag","embeddable":true,"href":"https:\/\/betarq.com\/es\/wp-json\/wp\/v2\/tags?post=2770"}],"curies":[{"name":"wp","href":"https:\/\/api.w.org\/{rel}","templated":true}]}}