{"id":2812,"date":"2016-02-12T12:59:52","date_gmt":"2016-02-12T11:59:52","guid":{"rendered":"https:\/\/betarq.com\/colocacion-de-la-primera-piedra-del-nuevo-espacio-cultural-alella\/"},"modified":"2023-11-23T10:23:53","modified_gmt":"2023-11-23T09:23:53","slug":"se-inaugura-el-nuevo-equipamiento-sociocultural-en-alella","status":"publish","type":"post","link":"https:\/\/betarq.com\/es\/se-inaugura-el-nuevo-equipamiento-sociocultural-en-alella\/","title":{"rendered":"Se inaugura el nuevo Equipamiento Sociocultural en Alella"},"content":{"rendered":"<p>Ayer hicimos el acto de la colocaci\u00f3n de la primera piedra del Nuevo Espacio Cultural de Alella, con la Hble. Sra. Meritxell Borr\u00e0s, Consellera de Governaci\u00f3n y\u00a0Vivienda y el Alcalde de Alella Il\u00b7lm. Sr. Andreu Francisco.<\/p>\n<div id=\"attachment_2797\" style=\"width: 810px\" class=\"wp-caption aligncenter\"><img loading=\"lazy\" decoding=\"async\" aria-describedby=\"caption-attachment-2797\" class=\"size-full wp-image-2797\" src=\"https:\/\/betarq.com\/wp-content\/uploads\/2016\/02\/800x584-Alella-imatge-5.jpg\" alt=\"\" width=\"800\" height=\"584\" srcset=\"https:\/\/betarq.com\/wp-content\/uploads\/2016\/02\/800x584-Alella-imatge-5.jpg 800w, https:\/\/betarq.com\/wp-content\/uploads\/2016\/02\/800x584-Alella-imatge-5-300x219.jpg 300w, https:\/\/betarq.com\/wp-content\/uploads\/2016\/02\/800x584-Alella-imatge-5-768x561.jpg 768w\" sizes=\"auto, (max-width: 800px) 100vw, 800px\" \/><p id=\"caption-attachment-2797\" class=\"wp-caption-text\">Acte col\u00b7locaci\u00f3 de la primera pedra del futur Espai cultural d&#8217;Alella<\/p><\/div>\n<div id=\"attachment_2800\" style=\"width: 810px\" class=\"wp-caption aligncenter\"><img loading=\"lazy\" decoding=\"async\" aria-describedby=\"caption-attachment-2800\" class=\"size-full wp-image-2800\" src=\"https:\/\/betarq.com\/wp-content\/uploads\/2016\/02\/800x584-Alella-imatge-2.jpg\" alt=\"\" width=\"800\" height=\"584\" srcset=\"https:\/\/betarq.com\/wp-content\/uploads\/2016\/02\/800x584-Alella-imatge-2.jpg 800w, https:\/\/betarq.com\/wp-content\/uploads\/2016\/02\/800x584-Alella-imatge-2-300x219.jpg 300w, https:\/\/betarq.com\/wp-content\/uploads\/2016\/02\/800x584-Alella-imatge-2-768x561.jpg 768w\" sizes=\"auto, (max-width: 800px) 100vw, 800px\" \/><p id=\"caption-attachment-2800\" class=\"wp-caption-text\">Meritxell Borr\u00e0s presideix la col\u00b7locaci\u00f3 de la primera pedra del futur Espai cultural d&#8217;Alella<\/p><\/div>\n<p><img loading=\"lazy\" decoding=\"async\" class=\"aligncenter size-full wp-image-2804\" src=\"https:\/\/betarq.com\/wp-content\/uploads\/2016\/02\/800x584-Alella-imatge-3.jpg\" alt=\"\" width=\"800\" height=\"584\" srcset=\"https:\/\/betarq.com\/wp-content\/uploads\/2016\/02\/800x584-Alella-imatge-3.jpg 800w, https:\/\/betarq.com\/wp-content\/uploads\/2016\/02\/800x584-Alella-imatge-3-300x219.jpg 300w, https:\/\/betarq.com\/wp-content\/uploads\/2016\/02\/800x584-Alella-imatge-3-768x561.jpg 768w\" sizes=\"auto, (max-width: 800px) 100vw, 800px\" \/><\/p>\n<div id=\"attachment_2807\" style=\"width: 810px\" class=\"wp-caption aligncenter\"><img loading=\"lazy\" decoding=\"async\" aria-describedby=\"caption-attachment-2807\" class=\"size-full wp-image-2807\" src=\"https:\/\/betarq.com\/wp-content\/uploads\/2016\/02\/800x584-Alella-imatge-4.jpg\" alt=\"\" width=\"800\" height=\"584\" srcset=\"https:\/\/betarq.com\/wp-content\/uploads\/2016\/02\/800x584-Alella-imatge-4.jpg 800w, https:\/\/betarq.com\/wp-content\/uploads\/2016\/02\/800x584-Alella-imatge-4-300x219.jpg 300w, https:\/\/betarq.com\/wp-content\/uploads\/2016\/02\/800x584-Alella-imatge-4-768x561.jpg 768w\" sizes=\"auto, (max-width: 800px) 100vw, 800px\" \/><p id=\"caption-attachment-2807\" class=\"wp-caption-text\">Meritxell Borr\u00e0s als terrenys on s&#8217;aixecar\u00e0 el futur Espai Cultural d&#8217;Alella<\/p><\/div>\n<p>&nbsp;<\/p>\n<p>&nbsp;<\/p>\n<p><em>Fotografias de la web www.govern.cat<\/em><\/p>\n<p><strong>Premsa:<\/strong><\/p>\n<p><a href=\"http:\/\/www.govern.cat\/pres_gov\/AppJava\/govern\/notespremsa\/290198\/consellera-governacio-reivindica-collaboracio-administracions-entitats-lhora-dendegar-equipaments-municipals.html\">Govern.cat<\/a><\/p>\n<p><a href=\"http:\/\/www.lavanguardia.com\/vida\/20160117\/301470941518\/catalunya-el-govern-ve-el-espacio-cultural-de-alella-como-un-espacio-necesario-y-largamente-reivindicado.html\">La Vanguardia<\/a><\/p>\n<p><a href=\"http:\/\/www.alella.cat\/document.php?id=6255\">Ajuntament d&#8217;Alella<\/a><\/p>\n<p><a href=\"http:\/\/www.revistaalella.cat\/article\/30532\/tret-de-sortida-a-les-obres-del-nou-casal\">Revista Alella<\/a><\/p>\n<p><a href=\"http:\/\/betarq.com\/wp-content\/uploads\/2016\/01\/800x584-Alella-imatge-4.jpg\">\u00a0<\/a><\/p>\n","protected":false},"excerpt":{"rendered":"<p>Ayer hicimos el acto de la colocaci\u00f3n de la primera piedra del Nuevo Espacio Cultural de Alella, con la Hble. Sra. Meritxell Borr\u00e0s, Consellera de Governaci\u00f3n y\u00a0Vivienda y el Alcalde de Alella Il\u00b7lm. Sr. Andreu Francisco. &nbsp; &nbsp; Fotografias de la web www.govern.cat Premsa: Govern.cat La Vanguardia Ajuntament d&#8217;Alella Revista Alella \u00a0<\/p>\n","protected":false},"author":1,"featured_media":2799,"comment_status":"closed","ping_status":"open","sticky":false,"template":"","format":"standard","meta":{"_acf_changed":false,"inline_featured_image":false,"_monsterinsights_skip_tracking":false,"_monsterinsights_sitenote_active":false,"_monsterinsights_sitenote_note":"","_monsterinsights_sitenote_category":0,"footnotes":""},"categories":[69],"tags":[],"class_list":["post-2812","post","type-post","status-publish","format-standard","has-post-thumbnail","hentry","category-noticias-es","category-69","description-off"],"acf":[],"yoast_head":"<!-- This site is optimized with the Yoast SEO plugin v27.1.1 - https:\/\/yoast.com\/product\/yoast-seo-wordpress\/ -->\n<title>Se inaugura el nuevo Equipamiento Sociocultural en Alella - Betarq<\/title>\n<meta name=\"robots\" content=\"index, follow, max-snippet:-1, max-image-preview:large, max-video-preview:-1\" \/>\n<link rel=\"canonical\" href=\"https:\/\/betarq.com\/es\/se-inaugura-el-nuevo-equipamiento-sociocultural-en-alella\/\" \/>\n<meta property=\"og:locale\" content=\"es_ES\" \/>\n<meta property=\"og:type\" content=\"article\" \/>\n<meta property=\"og:title\" content=\"Se inaugura el nuevo Equipamiento Sociocultural en Alella - Betarq\" \/>\n<meta property=\"og:description\" content=\"Ayer hicimos el acto de la colocaci\u00f3n de la primera piedra del Nuevo Espacio Cultural de Alella, con la Hble. Sra. Meritxell Borr\u00e0s, Consellera de Governaci\u00f3n y\u00a0Vivienda y el Alcalde de Alella Il\u00b7lm. Sr. Andreu Francisco. &nbsp; &nbsp; Fotografias de la web www.govern.cat Premsa: Govern.cat La Vanguardia Ajuntament d&#8217;Alella Revista Alella \u00a0\" \/>\n<meta property=\"og:url\" content=\"https:\/\/betarq.com\/es\/se-inaugura-el-nuevo-equipamiento-sociocultural-en-alella\/\" \/>\n<meta property=\"og:site_name\" content=\"Betarq\" \/>\n<meta property=\"article:published_time\" content=\"2016-02-12T11:59:52+00:00\" \/>\n<meta property=\"article:modified_time\" content=\"2023-11-23T09:23:53+00:00\" \/>\n<meta property=\"og:image\" content=\"https:\/\/betarq.com\/wp-content\/uploads\/2016\/02\/800x584-Alella-imatge-5.jpg\" \/>\n\t<meta property=\"og:image:width\" content=\"800\" \/>\n\t<meta property=\"og:image:height\" content=\"584\" \/>\n\t<meta property=\"og:image:type\" content=\"image\/jpeg\" \/>\n<meta name=\"author\" content=\"raulbofill\" \/>\n<meta name=\"twitter:card\" content=\"summary_large_image\" \/>\n<meta name=\"twitter:label1\" content=\"Escrito por\" \/>\n\t<meta name=\"twitter:data1\" content=\"raulbofill\" \/>\n\t<meta name=\"twitter:label2\" content=\"Tiempo de lectura\" \/>\n\t<meta name=\"twitter:data2\" content=\"2 minutos\" \/>\n<script type=\"application\/ld+json\" class=\"yoast-schema-graph\">{\"@context\":\"https:\/\/schema.org\",\"@graph\":[{\"@type\":\"Article\",\"@id\":\"https:\/\/betarq.com\/es\/se-inaugura-el-nuevo-equipamiento-sociocultural-en-alella\/#article\",\"isPartOf\":{\"@id\":\"https:\/\/betarq.com\/es\/se-inaugura-el-nuevo-equipamiento-sociocultural-en-alella\/\"},\"author\":{\"name\":\"raulbofill\",\"@id\":\"https:\/\/betarq.com\/es\/#\/schema\/person\/ae0cb99ef3ff06ae78db31e143831d17\"},\"headline\":\"Se inaugura el nuevo Equipamiento Sociocultural en Alella\",\"datePublished\":\"2016-02-12T11:59:52+00:00\",\"dateModified\":\"2023-11-23T09:23:53+00:00\",\"mainEntityOfPage\":{\"@id\":\"https:\/\/betarq.com\/es\/se-inaugura-el-nuevo-equipamiento-sociocultural-en-alella\/\"},\"wordCount\":133,\"publisher\":{\"@id\":\"https:\/\/betarq.com\/es\/#organization\"},\"image\":{\"@id\":\"https:\/\/betarq.com\/es\/se-inaugura-el-nuevo-equipamiento-sociocultural-en-alella\/#primaryimage\"},\"thumbnailUrl\":\"https:\/\/betarq.com\/wp-content\/uploads\/2016\/02\/800x584-Alella-imatge-5.jpg\",\"articleSection\":[\"Noticias\"],\"inLanguage\":\"es\"},{\"@type\":\"WebPage\",\"@id\":\"https:\/\/betarq.com\/es\/se-inaugura-el-nuevo-equipamiento-sociocultural-en-alella\/\",\"url\":\"https:\/\/betarq.com\/es\/se-inaugura-el-nuevo-equipamiento-sociocultural-en-alella\/\",\"name\":\"Se inaugura el nuevo Equipamiento Sociocultural en Alella - Betarq\",\"isPartOf\":{\"@id\":\"https:\/\/betarq.com\/es\/#website\"},\"primaryImageOfPage\":{\"@id\":\"https:\/\/betarq.com\/es\/se-inaugura-el-nuevo-equipamiento-sociocultural-en-alella\/#primaryimage\"},\"image\":{\"@id\":\"https:\/\/betarq.com\/es\/se-inaugura-el-nuevo-equipamiento-sociocultural-en-alella\/#primaryimage\"},\"thumbnailUrl\":\"https:\/\/betarq.com\/wp-content\/uploads\/2016\/02\/800x584-Alella-imatge-5.jpg\",\"datePublished\":\"2016-02-12T11:59:52+00:00\",\"dateModified\":\"2023-11-23T09:23:53+00:00\",\"breadcrumb\":{\"@id\":\"https:\/\/betarq.com\/es\/se-inaugura-el-nuevo-equipamiento-sociocultural-en-alella\/#breadcrumb\"},\"inLanguage\":\"es\",\"potentialAction\":[{\"@type\":\"ReadAction\",\"target\":[\"https:\/\/betarq.com\/es\/se-inaugura-el-nuevo-equipamiento-sociocultural-en-alella\/\"]}]},{\"@type\":\"ImageObject\",\"inLanguage\":\"es\",\"@id\":\"https:\/\/betarq.com\/es\/se-inaugura-el-nuevo-equipamiento-sociocultural-en-alella\/#primaryimage\",\"url\":\"https:\/\/betarq.com\/wp-content\/uploads\/2016\/02\/800x584-Alella-imatge-5.jpg\",\"contentUrl\":\"https:\/\/betarq.com\/wp-content\/uploads\/2016\/02\/800x584-Alella-imatge-5.jpg\",\"width\":800,\"height\":584,\"caption\":\"Acte col\u00b7locaci\u00f3 de la primera pedra del futur Espai cultural d'Alella\"},{\"@type\":\"BreadcrumbList\",\"@id\":\"https:\/\/betarq.com\/es\/se-inaugura-el-nuevo-equipamiento-sociocultural-en-alella\/#breadcrumb\",\"itemListElement\":[{\"@type\":\"ListItem\",\"position\":1,\"name\":\"Portada\",\"item\":\"https:\/\/betarq.com\/es\/\"},{\"@type\":\"ListItem\",\"position\":2,\"name\":\"Se inaugura el nuevo Equipamiento Sociocultural en Alella\"}]},{\"@type\":\"WebSite\",\"@id\":\"https:\/\/betarq.com\/es\/#website\",\"url\":\"https:\/\/betarq.com\/es\/\",\"name\":\"Betarq\",\"description\":\"\",\"publisher\":{\"@id\":\"https:\/\/betarq.com\/es\/#organization\"},\"potentialAction\":[{\"@type\":\"SearchAction\",\"target\":{\"@type\":\"EntryPoint\",\"urlTemplate\":\"https:\/\/betarq.com\/es\/?s={search_term_string}\"},\"query-input\":{\"@type\":\"PropertyValueSpecification\",\"valueRequired\":true,\"valueName\":\"search_term_string\"}}],\"inLanguage\":\"es\"},{\"@type\":\"Organization\",\"@id\":\"https:\/\/betarq.com\/es\/#organization\",\"name\":\"Betarq\",\"url\":\"https:\/\/betarq.com\/es\/\",\"logo\":{\"@type\":\"ImageObject\",\"inLanguage\":\"es\",\"@id\":\"https:\/\/betarq.com\/es\/#\/schema\/logo\/image\/\",\"url\":\"https:\/\/betarq.com\/wp-content\/uploads\/2023\/09\/logo-betarq.png\",\"contentUrl\":\"https:\/\/betarq.com\/wp-content\/uploads\/2023\/09\/logo-betarq.png\",\"width\":100,\"height\":75,\"caption\":\"Betarq\"},\"image\":{\"@id\":\"https:\/\/betarq.com\/es\/#\/schema\/logo\/image\/\"}},{\"@type\":\"Person\",\"@id\":\"https:\/\/betarq.com\/es\/#\/schema\/person\/ae0cb99ef3ff06ae78db31e143831d17\",\"name\":\"raulbofill\",\"image\":{\"@type\":\"ImageObject\",\"inLanguage\":\"es\",\"@id\":\"https:\/\/betarq.com\/es\/#\/schema\/person\/image\/\",\"url\":\"https:\/\/secure.gravatar.com\/avatar\/2a171335aeb2708e14406d8a4f57eacc3b5fd77b9b85af05e61305622ee33824?s=96&d=mm&r=g\",\"contentUrl\":\"https:\/\/secure.gravatar.com\/avatar\/2a171335aeb2708e14406d8a4f57eacc3b5fd77b9b85af05e61305622ee33824?s=96&d=mm&r=g\",\"caption\":\"raulbofill\"},\"sameAs\":[\"https:\/\/betarq.com\"],\"url\":\"https:\/\/betarq.com\/es\/author\/raulbofill\/\"}]}<\/script>\n<!-- \/ Yoast SEO plugin. -->","yoast_head_json":{"title":"Se inaugura el nuevo Equipamiento Sociocultural en Alella - Betarq","robots":{"index":"index","follow":"follow","max-snippet":"max-snippet:-1","max-image-preview":"max-image-preview:large","max-video-preview":"max-video-preview:-1"},"canonical":"https:\/\/betarq.com\/es\/se-inaugura-el-nuevo-equipamiento-sociocultural-en-alella\/","og_locale":"es_ES","og_type":"article","og_title":"Se inaugura el nuevo Equipamiento Sociocultural en Alella - Betarq","og_description":"Ayer hicimos el acto de la colocaci\u00f3n de la primera piedra del Nuevo Espacio Cultural de Alella, con la Hble. Sra. Meritxell Borr\u00e0s, Consellera de Governaci\u00f3n y\u00a0Vivienda y el Alcalde de Alella Il\u00b7lm. Sr. Andreu Francisco. &nbsp; &nbsp; Fotografias de la web www.govern.cat Premsa: Govern.cat La Vanguardia Ajuntament d&#8217;Alella Revista Alella \u00a0","og_url":"https:\/\/betarq.com\/es\/se-inaugura-el-nuevo-equipamiento-sociocultural-en-alella\/","og_site_name":"Betarq","article_published_time":"2016-02-12T11:59:52+00:00","article_modified_time":"2023-11-23T09:23:53+00:00","og_image":[{"width":800,"height":584,"url":"https:\/\/betarq.com\/wp-content\/uploads\/2016\/02\/800x584-Alella-imatge-5.jpg","type":"image\/jpeg"}],"author":"raulbofill","twitter_card":"summary_large_image","twitter_misc":{"Escrito por":"raulbofill","Tiempo de lectura":"2 minutos"},"schema":{"@context":"https:\/\/schema.org","@graph":[{"@type":"Article","@id":"https:\/\/betarq.com\/es\/se-inaugura-el-nuevo-equipamiento-sociocultural-en-alella\/#article","isPartOf":{"@id":"https:\/\/betarq.com\/es\/se-inaugura-el-nuevo-equipamiento-sociocultural-en-alella\/"},"author":{"name":"raulbofill","@id":"https:\/\/betarq.com\/es\/#\/schema\/person\/ae0cb99ef3ff06ae78db31e143831d17"},"headline":"Se inaugura el nuevo Equipamiento Sociocultural en Alella","datePublished":"2016-02-12T11:59:52+00:00","dateModified":"2023-11-23T09:23:53+00:00","mainEntityOfPage":{"@id":"https:\/\/betarq.com\/es\/se-inaugura-el-nuevo-equipamiento-sociocultural-en-alella\/"},"wordCount":133,"publisher":{"@id":"https:\/\/betarq.com\/es\/#organization"},"image":{"@id":"https:\/\/betarq.com\/es\/se-inaugura-el-nuevo-equipamiento-sociocultural-en-alella\/#primaryimage"},"thumbnailUrl":"https:\/\/betarq.com\/wp-content\/uploads\/2016\/02\/800x584-Alella-imatge-5.jpg","articleSection":["Noticias"],"inLanguage":"es"},{"@type":"WebPage","@id":"https:\/\/betarq.com\/es\/se-inaugura-el-nuevo-equipamiento-sociocultural-en-alella\/","url":"https:\/\/betarq.com\/es\/se-inaugura-el-nuevo-equipamiento-sociocultural-en-alella\/","name":"Se inaugura el nuevo Equipamiento Sociocultural en Alella - Betarq","isPartOf":{"@id":"https:\/\/betarq.com\/es\/#website"},"primaryImageOfPage":{"@id":"https:\/\/betarq.com\/es\/se-inaugura-el-nuevo-equipamiento-sociocultural-en-alella\/#primaryimage"},"image":{"@id":"https:\/\/betarq.com\/es\/se-inaugura-el-nuevo-equipamiento-sociocultural-en-alella\/#primaryimage"},"thumbnailUrl":"https:\/\/betarq.com\/wp-content\/uploads\/2016\/02\/800x584-Alella-imatge-5.jpg","datePublished":"2016-02-12T11:59:52+00:00","dateModified":"2023-11-23T09:23:53+00:00","breadcrumb":{"@id":"https:\/\/betarq.com\/es\/se-inaugura-el-nuevo-equipamiento-sociocultural-en-alella\/#breadcrumb"},"inLanguage":"es","potentialAction":[{"@type":"ReadAction","target":["https:\/\/betarq.com\/es\/se-inaugura-el-nuevo-equipamiento-sociocultural-en-alella\/"]}]},{"@type":"ImageObject","inLanguage":"es","@id":"https:\/\/betarq.com\/es\/se-inaugura-el-nuevo-equipamiento-sociocultural-en-alella\/#primaryimage","url":"https:\/\/betarq.com\/wp-content\/uploads\/2016\/02\/800x584-Alella-imatge-5.jpg","contentUrl":"https:\/\/betarq.com\/wp-content\/uploads\/2016\/02\/800x584-Alella-imatge-5.jpg","width":800,"height":584,"caption":"Acte col\u00b7locaci\u00f3 de la primera pedra del futur Espai cultural d'Alella"},{"@type":"BreadcrumbList","@id":"https:\/\/betarq.com\/es\/se-inaugura-el-nuevo-equipamiento-sociocultural-en-alella\/#breadcrumb","itemListElement":[{"@type":"ListItem","position":1,"name":"Portada","item":"https:\/\/betarq.com\/es\/"},{"@type":"ListItem","position":2,"name":"Se inaugura el nuevo Equipamiento Sociocultural en Alella"}]},{"@type":"WebSite","@id":"https:\/\/betarq.com\/es\/#website","url":"https:\/\/betarq.com\/es\/","name":"Betarq","description":"","publisher":{"@id":"https:\/\/betarq.com\/es\/#organization"},"potentialAction":[{"@type":"SearchAction","target":{"@type":"EntryPoint","urlTemplate":"https:\/\/betarq.com\/es\/?s={search_term_string}"},"query-input":{"@type":"PropertyValueSpecification","valueRequired":true,"valueName":"search_term_string"}}],"inLanguage":"es"},{"@type":"Organization","@id":"https:\/\/betarq.com\/es\/#organization","name":"Betarq","url":"https:\/\/betarq.com\/es\/","logo":{"@type":"ImageObject","inLanguage":"es","@id":"https:\/\/betarq.com\/es\/#\/schema\/logo\/image\/","url":"https:\/\/betarq.com\/wp-content\/uploads\/2023\/09\/logo-betarq.png","contentUrl":"https:\/\/betarq.com\/wp-content\/uploads\/2023\/09\/logo-betarq.png","width":100,"height":75,"caption":"Betarq"},"image":{"@id":"https:\/\/betarq.com\/es\/#\/schema\/logo\/image\/"}},{"@type":"Person","@id":"https:\/\/betarq.com\/es\/#\/schema\/person\/ae0cb99ef3ff06ae78db31e143831d17","name":"raulbofill","image":{"@type":"ImageObject","inLanguage":"es","@id":"https:\/\/betarq.com\/es\/#\/schema\/person\/image\/","url":"https:\/\/secure.gravatar.com\/avatar\/2a171335aeb2708e14406d8a4f57eacc3b5fd77b9b85af05e61305622ee33824?s=96&d=mm&r=g","contentUrl":"https:\/\/secure.gravatar.com\/avatar\/2a171335aeb2708e14406d8a4f57eacc3b5fd77b9b85af05e61305622ee33824?s=96&d=mm&r=g","caption":"raulbofill"},"sameAs":["https:\/\/betarq.com"],"url":"https:\/\/betarq.com\/es\/author\/raulbofill\/"}]}},"_links":{"self":[{"href":"https:\/\/betarq.com\/es\/wp-json\/wp\/v2\/posts\/2812","targetHints":{"allow":["GET"]}}],"collection":[{"href":"https:\/\/betarq.com\/es\/wp-json\/wp\/v2\/posts"}],"about":[{"href":"https:\/\/betarq.com\/es\/wp-json\/wp\/v2\/types\/post"}],"author":[{"embeddable":true,"href":"https:\/\/betarq.com\/es\/wp-json\/wp\/v2\/users\/1"}],"replies":[{"embeddable":true,"href":"https:\/\/betarq.com\/es\/wp-json\/wp\/v2\/comments?post=2812"}],"version-history":[{"count":0,"href":"https:\/\/betarq.com\/es\/wp-json\/wp\/v2\/posts\/2812\/revisions"}],"wp:featuredmedia":[{"embeddable":true,"href":"https:\/\/betarq.com\/es\/wp-json\/wp\/v2\/media\/2799"}],"wp:attachment":[{"href":"https:\/\/betarq.com\/es\/wp-json\/wp\/v2\/media?parent=2812"}],"wp:term":[{"taxonomy":"category","embeddable":true,"href":"https:\/\/betarq.com\/es\/wp-json\/wp\/v2\/categories?post=2812"},{"taxonomy":"post_tag","embeddable":true,"href":"https:\/\/betarq.com\/es\/wp-json\/wp\/v2\/tags?post=2812"}],"curies":[{"name":"wp","href":"https:\/\/api.w.org\/{rel}","templated":true}]}}