{"id":2834,"date":"2016-05-25T08:57:53","date_gmt":"2016-05-25T06:57:53","guid":{"rendered":"https:\/\/betarq.com\/betarq-participa-en-la-jornada-arquitectura-para-la-rehabilitacion-del-grupo-via\/"},"modified":"2026-04-24T11:36:12","modified_gmt":"2026-04-24T09:36:12","slug":"jornada-arquitectura-por-la-rehabilitacion-del-grupo-via","status":"publish","type":"post","link":"https:\/\/betarq.com\/es\/jornada-arquitectura-por-la-rehabilitacion-del-grupo-via\/","title":{"rendered":"Jornada Arquitectura por la rehabilitaci\u00f3n del Grupo Via"},"content":{"rendered":"<p><img loading=\"lazy\" decoding=\"async\" class=\"alignleft wp-image-2829 size-large\" src=\"https:\/\/betarq.com\/wp-content\/uploads\/2016\/05\/bannerportadaarqrehablbcn2016-1024x402.jpg\" alt=\"\" width=\"1024\" height=\"402\" srcset=\"https:\/\/betarq.com\/wp-content\/uploads\/2016\/05\/bannerportadaarqrehablbcn2016-1024x402.jpg 1024w, https:\/\/betarq.com\/wp-content\/uploads\/2016\/05\/bannerportadaarqrehablbcn2016-300x118.jpg 300w, https:\/\/betarq.com\/wp-content\/uploads\/2016\/05\/bannerportadaarqrehablbcn2016-768x302.jpg 768w, https:\/\/betarq.com\/wp-content\/uploads\/2016\/05\/bannerportadaarqrehablbcn2016.jpg 1191w\" sizes=\"auto, (max-width: 1024px) 100vw, 1024px\" \/><\/p>\n<p>&nbsp;<\/p>\n<p data-start=\"260\" data-end=\"404\">\n<p data-start=\"260\" data-end=\"404\">\n<p data-start=\"260\" data-end=\"404\">\n<p data-start=\"260\" data-end=\"404\">\n<p data-start=\"260\" data-end=\"404\">\n<p data-start=\"260\" data-end=\"404\">\n<p data-start=\"260\" data-end=\"404\">\n<p data-start=\"260\" data-end=\"404\">\n<p data-start=\"260\" data-end=\"404\">\n<p data-start=\"260\" data-end=\"404\">\n<p data-start=\"260\" data-end=\"404\">\n<p data-start=\"260\" data-end=\"404\">\n<p data-start=\"260\" data-end=\"404\">Betarq participa en la jornada \u201cArquitectura para la rehabilitaci\u00f3n\u201d del Grupo V\u00eda, que se celebrar\u00e1 el pr\u00f3ximo 9 de junio en Barcelona.<\/p>\n<p data-start=\"260\" data-end=\"404\"><strong>NOTICIA<\/strong>:<span style=\"color: #1d2129;\"> <a href=\"http:\/\/www.grupovia.net\/index.php\/eventos\/627-arquitectura-para-la-rehabilitacion-barcelona-09-de-junio-2016\">jornada Arquitectura para la rehabilitaci\u00f3n<\/a><\/span><\/p>\n","protected":false},"excerpt":{"rendered":"<p>&nbsp; Betarq participa en la jornada \u201cArquitectura para la rehabilitaci\u00f3n\u201d del Grupo V\u00eda, que se celebrar\u00e1 el pr\u00f3ximo 9 de junio en Barcelona. NOTICIA: jornada Arquitectura para la rehabilitaci\u00f3n<\/p>\n","protected":false},"author":1,"featured_media":2831,"comment_status":"closed","ping_status":"open","sticky":false,"template":"","format":"standard","meta":{"_acf_changed":false,"inline_featured_image":false,"_monsterinsights_skip_tracking":false,"_monsterinsights_sitenote_active":false,"_monsterinsights_sitenote_note":"","_monsterinsights_sitenote_category":0,"footnotes":""},"categories":[69],"tags":[],"class_list":["post-2834","post","type-post","status-publish","format-standard","has-post-thumbnail","hentry","category-noticias-es","category-69","description-off"],"acf":[],"yoast_head":"<!-- This site is optimized with the Yoast SEO plugin v27.1.1 - https:\/\/yoast.com\/product\/yoast-seo-wordpress\/ -->\n<title>Jornada Arquitectura por la rehabilitaci\u00f3n del Grupo Via - Betarq<\/title>\n<meta name=\"robots\" content=\"index, follow, max-snippet:-1, max-image-preview:large, max-video-preview:-1\" \/>\n<link rel=\"canonical\" href=\"https:\/\/betarq.com\/es\/jornada-arquitectura-por-la-rehabilitacion-del-grupo-via\/\" \/>\n<meta property=\"og:locale\" content=\"es_ES\" \/>\n<meta property=\"og:type\" content=\"article\" \/>\n<meta property=\"og:title\" content=\"Jornada Arquitectura por la rehabilitaci\u00f3n del Grupo Via - Betarq\" \/>\n<meta property=\"og:description\" content=\"&nbsp; Betarq participa en la jornada \u201cArquitectura para la rehabilitaci\u00f3n\u201d del Grupo V\u00eda, que se celebrar\u00e1 el pr\u00f3ximo 9 de junio en Barcelona. NOTICIA: jornada Arquitectura para la rehabilitaci\u00f3n\" \/>\n<meta property=\"og:url\" content=\"https:\/\/betarq.com\/es\/jornada-arquitectura-por-la-rehabilitacion-del-grupo-via\/\" \/>\n<meta property=\"og:site_name\" content=\"Betarq\" \/>\n<meta property=\"article:published_time\" content=\"2016-05-25T06:57:53+00:00\" \/>\n<meta property=\"article:modified_time\" content=\"2026-04-24T09:36:12+00:00\" \/>\n<meta property=\"og:image\" content=\"https:\/\/betarq.com\/wp-content\/uploads\/2016\/05\/bannerportadaarqrehablbcn2016.jpg\" \/>\n\t<meta property=\"og:image:width\" content=\"1191\" \/>\n\t<meta property=\"og:image:height\" content=\"468\" \/>\n\t<meta property=\"og:image:type\" content=\"image\/jpeg\" \/>\n<meta name=\"author\" content=\"raulbofill\" \/>\n<meta name=\"twitter:card\" content=\"summary_large_image\" \/>\n<meta name=\"twitter:label1\" content=\"Escrito por\" \/>\n\t<meta name=\"twitter:data1\" content=\"raulbofill\" \/>\n\t<meta name=\"twitter:label2\" content=\"Tiempo de lectura\" \/>\n\t<meta name=\"twitter:data2\" content=\"1 minuto\" \/>\n<script type=\"application\/ld+json\" class=\"yoast-schema-graph\">{\"@context\":\"https:\/\/schema.org\",\"@graph\":[{\"@type\":\"Article\",\"@id\":\"https:\/\/betarq.com\/es\/jornada-arquitectura-por-la-rehabilitacion-del-grupo-via\/#article\",\"isPartOf\":{\"@id\":\"https:\/\/betarq.com\/es\/jornada-arquitectura-por-la-rehabilitacion-del-grupo-via\/\"},\"author\":{\"name\":\"raulbofill\",\"@id\":\"https:\/\/betarq.com\/es\/#\/schema\/person\/ae0cb99ef3ff06ae78db31e143831d17\"},\"headline\":\"Jornada Arquitectura por la rehabilitaci\u00f3n del Grupo Via\",\"datePublished\":\"2016-05-25T06:57:53+00:00\",\"dateModified\":\"2026-04-24T09:36:12+00:00\",\"mainEntityOfPage\":{\"@id\":\"https:\/\/betarq.com\/es\/jornada-arquitectura-por-la-rehabilitacion-del-grupo-via\/\"},\"wordCount\":41,\"publisher\":{\"@id\":\"https:\/\/betarq.com\/es\/#organization\"},\"image\":{\"@id\":\"https:\/\/betarq.com\/es\/jornada-arquitectura-por-la-rehabilitacion-del-grupo-via\/#primaryimage\"},\"thumbnailUrl\":\"https:\/\/betarq.com\/wp-content\/uploads\/2016\/05\/bannerportadaarqrehablbcn2016.jpg\",\"articleSection\":[\"Noticias\"],\"inLanguage\":\"es\"},{\"@type\":\"WebPage\",\"@id\":\"https:\/\/betarq.com\/es\/jornada-arquitectura-por-la-rehabilitacion-del-grupo-via\/\",\"url\":\"https:\/\/betarq.com\/es\/jornada-arquitectura-por-la-rehabilitacion-del-grupo-via\/\",\"name\":\"Jornada Arquitectura por la rehabilitaci\u00f3n del Grupo Via - Betarq\",\"isPartOf\":{\"@id\":\"https:\/\/betarq.com\/es\/#website\"},\"primaryImageOfPage\":{\"@id\":\"https:\/\/betarq.com\/es\/jornada-arquitectura-por-la-rehabilitacion-del-grupo-via\/#primaryimage\"},\"image\":{\"@id\":\"https:\/\/betarq.com\/es\/jornada-arquitectura-por-la-rehabilitacion-del-grupo-via\/#primaryimage\"},\"thumbnailUrl\":\"https:\/\/betarq.com\/wp-content\/uploads\/2016\/05\/bannerportadaarqrehablbcn2016.jpg\",\"datePublished\":\"2016-05-25T06:57:53+00:00\",\"dateModified\":\"2026-04-24T09:36:12+00:00\",\"breadcrumb\":{\"@id\":\"https:\/\/betarq.com\/es\/jornada-arquitectura-por-la-rehabilitacion-del-grupo-via\/#breadcrumb\"},\"inLanguage\":\"es\",\"potentialAction\":[{\"@type\":\"ReadAction\",\"target\":[\"https:\/\/betarq.com\/es\/jornada-arquitectura-por-la-rehabilitacion-del-grupo-via\/\"]}]},{\"@type\":\"ImageObject\",\"inLanguage\":\"es\",\"@id\":\"https:\/\/betarq.com\/es\/jornada-arquitectura-por-la-rehabilitacion-del-grupo-via\/#primaryimage\",\"url\":\"https:\/\/betarq.com\/wp-content\/uploads\/2016\/05\/bannerportadaarqrehablbcn2016.jpg\",\"contentUrl\":\"https:\/\/betarq.com\/wp-content\/uploads\/2016\/05\/bannerportadaarqrehablbcn2016.jpg\",\"width\":1191,\"height\":468},{\"@type\":\"BreadcrumbList\",\"@id\":\"https:\/\/betarq.com\/es\/jornada-arquitectura-por-la-rehabilitacion-del-grupo-via\/#breadcrumb\",\"itemListElement\":[{\"@type\":\"ListItem\",\"position\":1,\"name\":\"Portada\",\"item\":\"https:\/\/betarq.com\/es\/\"},{\"@type\":\"ListItem\",\"position\":2,\"name\":\"Jornada Arquitectura por la rehabilitaci\u00f3n del Grupo Via\"}]},{\"@type\":\"WebSite\",\"@id\":\"https:\/\/betarq.com\/es\/#website\",\"url\":\"https:\/\/betarq.com\/es\/\",\"name\":\"Betarq\",\"description\":\"\",\"publisher\":{\"@id\":\"https:\/\/betarq.com\/es\/#organization\"},\"potentialAction\":[{\"@type\":\"SearchAction\",\"target\":{\"@type\":\"EntryPoint\",\"urlTemplate\":\"https:\/\/betarq.com\/es\/?s={search_term_string}\"},\"query-input\":{\"@type\":\"PropertyValueSpecification\",\"valueRequired\":true,\"valueName\":\"search_term_string\"}}],\"inLanguage\":\"es\"},{\"@type\":\"Organization\",\"@id\":\"https:\/\/betarq.com\/es\/#organization\",\"name\":\"Betarq\",\"url\":\"https:\/\/betarq.com\/es\/\",\"logo\":{\"@type\":\"ImageObject\",\"inLanguage\":\"es\",\"@id\":\"https:\/\/betarq.com\/es\/#\/schema\/logo\/image\/\",\"url\":\"https:\/\/betarq.com\/wp-content\/uploads\/2023\/09\/logo-betarq.png\",\"contentUrl\":\"https:\/\/betarq.com\/wp-content\/uploads\/2023\/09\/logo-betarq.png\",\"width\":100,\"height\":75,\"caption\":\"Betarq\"},\"image\":{\"@id\":\"https:\/\/betarq.com\/es\/#\/schema\/logo\/image\/\"}},{\"@type\":\"Person\",\"@id\":\"https:\/\/betarq.com\/es\/#\/schema\/person\/ae0cb99ef3ff06ae78db31e143831d17\",\"name\":\"raulbofill\",\"image\":{\"@type\":\"ImageObject\",\"inLanguage\":\"es\",\"@id\":\"https:\/\/betarq.com\/es\/#\/schema\/person\/image\/\",\"url\":\"https:\/\/secure.gravatar.com\/avatar\/2a171335aeb2708e14406d8a4f57eacc3b5fd77b9b85af05e61305622ee33824?s=96&d=mm&r=g\",\"contentUrl\":\"https:\/\/secure.gravatar.com\/avatar\/2a171335aeb2708e14406d8a4f57eacc3b5fd77b9b85af05e61305622ee33824?s=96&d=mm&r=g\",\"caption\":\"raulbofill\"},\"sameAs\":[\"https:\/\/betarq.com\"],\"url\":\"https:\/\/betarq.com\/es\/author\/raulbofill\/\"}]}<\/script>\n<!-- \/ Yoast SEO plugin. -->","yoast_head_json":{"title":"Jornada Arquitectura por la rehabilitaci\u00f3n del Grupo Via - Betarq","robots":{"index":"index","follow":"follow","max-snippet":"max-snippet:-1","max-image-preview":"max-image-preview:large","max-video-preview":"max-video-preview:-1"},"canonical":"https:\/\/betarq.com\/es\/jornada-arquitectura-por-la-rehabilitacion-del-grupo-via\/","og_locale":"es_ES","og_type":"article","og_title":"Jornada Arquitectura por la rehabilitaci\u00f3n del Grupo Via - Betarq","og_description":"&nbsp; Betarq participa en la jornada \u201cArquitectura para la rehabilitaci\u00f3n\u201d del Grupo V\u00eda, que se celebrar\u00e1 el pr\u00f3ximo 9 de junio en Barcelona. NOTICIA: jornada Arquitectura para la rehabilitaci\u00f3n","og_url":"https:\/\/betarq.com\/es\/jornada-arquitectura-por-la-rehabilitacion-del-grupo-via\/","og_site_name":"Betarq","article_published_time":"2016-05-25T06:57:53+00:00","article_modified_time":"2026-04-24T09:36:12+00:00","og_image":[{"width":1191,"height":468,"url":"https:\/\/betarq.com\/wp-content\/uploads\/2016\/05\/bannerportadaarqrehablbcn2016.jpg","type":"image\/jpeg"}],"author":"raulbofill","twitter_card":"summary_large_image","twitter_misc":{"Escrito por":"raulbofill","Tiempo de lectura":"1 minuto"},"schema":{"@context":"https:\/\/schema.org","@graph":[{"@type":"Article","@id":"https:\/\/betarq.com\/es\/jornada-arquitectura-por-la-rehabilitacion-del-grupo-via\/#article","isPartOf":{"@id":"https:\/\/betarq.com\/es\/jornada-arquitectura-por-la-rehabilitacion-del-grupo-via\/"},"author":{"name":"raulbofill","@id":"https:\/\/betarq.com\/es\/#\/schema\/person\/ae0cb99ef3ff06ae78db31e143831d17"},"headline":"Jornada Arquitectura por la rehabilitaci\u00f3n del Grupo Via","datePublished":"2016-05-25T06:57:53+00:00","dateModified":"2026-04-24T09:36:12+00:00","mainEntityOfPage":{"@id":"https:\/\/betarq.com\/es\/jornada-arquitectura-por-la-rehabilitacion-del-grupo-via\/"},"wordCount":41,"publisher":{"@id":"https:\/\/betarq.com\/es\/#organization"},"image":{"@id":"https:\/\/betarq.com\/es\/jornada-arquitectura-por-la-rehabilitacion-del-grupo-via\/#primaryimage"},"thumbnailUrl":"https:\/\/betarq.com\/wp-content\/uploads\/2016\/05\/bannerportadaarqrehablbcn2016.jpg","articleSection":["Noticias"],"inLanguage":"es"},{"@type":"WebPage","@id":"https:\/\/betarq.com\/es\/jornada-arquitectura-por-la-rehabilitacion-del-grupo-via\/","url":"https:\/\/betarq.com\/es\/jornada-arquitectura-por-la-rehabilitacion-del-grupo-via\/","name":"Jornada Arquitectura por la rehabilitaci\u00f3n del Grupo Via - Betarq","isPartOf":{"@id":"https:\/\/betarq.com\/es\/#website"},"primaryImageOfPage":{"@id":"https:\/\/betarq.com\/es\/jornada-arquitectura-por-la-rehabilitacion-del-grupo-via\/#primaryimage"},"image":{"@id":"https:\/\/betarq.com\/es\/jornada-arquitectura-por-la-rehabilitacion-del-grupo-via\/#primaryimage"},"thumbnailUrl":"https:\/\/betarq.com\/wp-content\/uploads\/2016\/05\/bannerportadaarqrehablbcn2016.jpg","datePublished":"2016-05-25T06:57:53+00:00","dateModified":"2026-04-24T09:36:12+00:00","breadcrumb":{"@id":"https:\/\/betarq.com\/es\/jornada-arquitectura-por-la-rehabilitacion-del-grupo-via\/#breadcrumb"},"inLanguage":"es","potentialAction":[{"@type":"ReadAction","target":["https:\/\/betarq.com\/es\/jornada-arquitectura-por-la-rehabilitacion-del-grupo-via\/"]}]},{"@type":"ImageObject","inLanguage":"es","@id":"https:\/\/betarq.com\/es\/jornada-arquitectura-por-la-rehabilitacion-del-grupo-via\/#primaryimage","url":"https:\/\/betarq.com\/wp-content\/uploads\/2016\/05\/bannerportadaarqrehablbcn2016.jpg","contentUrl":"https:\/\/betarq.com\/wp-content\/uploads\/2016\/05\/bannerportadaarqrehablbcn2016.jpg","width":1191,"height":468},{"@type":"BreadcrumbList","@id":"https:\/\/betarq.com\/es\/jornada-arquitectura-por-la-rehabilitacion-del-grupo-via\/#breadcrumb","itemListElement":[{"@type":"ListItem","position":1,"name":"Portada","item":"https:\/\/betarq.com\/es\/"},{"@type":"ListItem","position":2,"name":"Jornada Arquitectura por la rehabilitaci\u00f3n del Grupo Via"}]},{"@type":"WebSite","@id":"https:\/\/betarq.com\/es\/#website","url":"https:\/\/betarq.com\/es\/","name":"Betarq","description":"","publisher":{"@id":"https:\/\/betarq.com\/es\/#organization"},"potentialAction":[{"@type":"SearchAction","target":{"@type":"EntryPoint","urlTemplate":"https:\/\/betarq.com\/es\/?s={search_term_string}"},"query-input":{"@type":"PropertyValueSpecification","valueRequired":true,"valueName":"search_term_string"}}],"inLanguage":"es"},{"@type":"Organization","@id":"https:\/\/betarq.com\/es\/#organization","name":"Betarq","url":"https:\/\/betarq.com\/es\/","logo":{"@type":"ImageObject","inLanguage":"es","@id":"https:\/\/betarq.com\/es\/#\/schema\/logo\/image\/","url":"https:\/\/betarq.com\/wp-content\/uploads\/2023\/09\/logo-betarq.png","contentUrl":"https:\/\/betarq.com\/wp-content\/uploads\/2023\/09\/logo-betarq.png","width":100,"height":75,"caption":"Betarq"},"image":{"@id":"https:\/\/betarq.com\/es\/#\/schema\/logo\/image\/"}},{"@type":"Person","@id":"https:\/\/betarq.com\/es\/#\/schema\/person\/ae0cb99ef3ff06ae78db31e143831d17","name":"raulbofill","image":{"@type":"ImageObject","inLanguage":"es","@id":"https:\/\/betarq.com\/es\/#\/schema\/person\/image\/","url":"https:\/\/secure.gravatar.com\/avatar\/2a171335aeb2708e14406d8a4f57eacc3b5fd77b9b85af05e61305622ee33824?s=96&d=mm&r=g","contentUrl":"https:\/\/secure.gravatar.com\/avatar\/2a171335aeb2708e14406d8a4f57eacc3b5fd77b9b85af05e61305622ee33824?s=96&d=mm&r=g","caption":"raulbofill"},"sameAs":["https:\/\/betarq.com"],"url":"https:\/\/betarq.com\/es\/author\/raulbofill\/"}]}},"_links":{"self":[{"href":"https:\/\/betarq.com\/es\/wp-json\/wp\/v2\/posts\/2834","targetHints":{"allow":["GET"]}}],"collection":[{"href":"https:\/\/betarq.com\/es\/wp-json\/wp\/v2\/posts"}],"about":[{"href":"https:\/\/betarq.com\/es\/wp-json\/wp\/v2\/types\/post"}],"author":[{"embeddable":true,"href":"https:\/\/betarq.com\/es\/wp-json\/wp\/v2\/users\/1"}],"replies":[{"embeddable":true,"href":"https:\/\/betarq.com\/es\/wp-json\/wp\/v2\/comments?post=2834"}],"version-history":[{"count":2,"href":"https:\/\/betarq.com\/es\/wp-json\/wp\/v2\/posts\/2834\/revisions"}],"predecessor-version":[{"id":5605,"href":"https:\/\/betarq.com\/es\/wp-json\/wp\/v2\/posts\/2834\/revisions\/5605"}],"wp:featuredmedia":[{"embeddable":true,"href":"https:\/\/betarq.com\/es\/wp-json\/wp\/v2\/media\/2831"}],"wp:attachment":[{"href":"https:\/\/betarq.com\/es\/wp-json\/wp\/v2\/media?parent=2834"}],"wp:term":[{"taxonomy":"category","embeddable":true,"href":"https:\/\/betarq.com\/es\/wp-json\/wp\/v2\/categories?post=2834"},{"taxonomy":"post_tag","embeddable":true,"href":"https:\/\/betarq.com\/es\/wp-json\/wp\/v2\/tags?post=2834"}],"curies":[{"name":"wp","href":"https:\/\/api.w.org\/{rel}","templated":true}]}}