{"id":2939,"date":"2018-01-27T15:09:36","date_gmt":"2018-01-27T14:09:36","guid":{"rendered":"https:\/\/betarq.com\/comencen-les-obres-del-nou-pavello-dentrada-del-liceu-frances-barcelona\/"},"modified":"2023-12-08T10:38:53","modified_gmt":"2023-12-08T09:38:53","slug":"comencen-les-obres-del-nou-pavello-dentrada-del-liceu-frances-barcelona","status":"publish","type":"post","link":"https:\/\/betarq.com\/es\/comencen-les-obres-del-nou-pavello-dentrada-del-liceu-frances-barcelona\/","title":{"rendered":"Empiezan las obras de la nueva entrada en lyc\u00e9e fran\u00e7ais de Barcelona"},"content":{"rendered":"<p class=\"p1\">Comienzan las obras del nuevo pabell\u00f3n de entrada del lyc\u00e9e fran\u00e7ais en Barcelona donde Betarq hace la Direcci\u00f3n de Ejecuci\u00f3n y la Coordinaci\u00f3n de Seguridad y Salud, de un proyecto del arquitecto Llu\u00eds Corbella.<\/p>\n<p class=\"p1\"><img loading=\"lazy\" decoding=\"async\" class=\"aligncenter size-full wp-image-2934\" src=\"https:\/\/betarq.com\/wp-content\/uploads\/2018\/01\/Liceu-Frances-noticia.jpg\" alt=\"\" width=\"1000\" height=\"562\" srcset=\"https:\/\/betarq.com\/wp-content\/uploads\/2018\/01\/Liceu-Frances-noticia.jpg 1000w, https:\/\/betarq.com\/wp-content\/uploads\/2018\/01\/Liceu-Frances-noticia-300x169.jpg 300w, https:\/\/betarq.com\/wp-content\/uploads\/2018\/01\/Liceu-Frances-noticia-768x432.jpg 768w\" sizes=\"auto, (max-width: 1000px) 100vw, 1000px\" \/><\/p>\n","protected":false},"excerpt":{"rendered":"<p>Comienzan las obras del nuevo pabell\u00f3n de entrada del lyc\u00e9e fran\u00e7ais en Barcelona donde Betarq hace la Direcci\u00f3n de Ejecuci\u00f3n y la Coordinaci\u00f3n de Seguridad y Salud, de un proyecto del arquitecto Llu\u00eds Corbella.<\/p>\n","protected":false},"author":1,"featured_media":2936,"comment_status":"closed","ping_status":"open","sticky":false,"template":"","format":"standard","meta":{"_acf_changed":false,"inline_featured_image":false,"_monsterinsights_skip_tracking":false,"_monsterinsights_sitenote_active":false,"_monsterinsights_sitenote_note":"","_monsterinsights_sitenote_category":0,"footnotes":""},"categories":[69],"tags":[],"class_list":["post-2939","post","type-post","status-publish","format-standard","has-post-thumbnail","hentry","category-noticias-es","category-69","description-off"],"acf":[],"yoast_head":"<!-- This site is optimized with the Yoast SEO plugin v27.1.1 - https:\/\/yoast.com\/product\/yoast-seo-wordpress\/ -->\n<title>Empiezan las obras de la nueva entrada en lyc\u00e9e fran\u00e7ais de Barcelona - Betarq<\/title>\n<meta name=\"robots\" content=\"index, follow, max-snippet:-1, max-image-preview:large, max-video-preview:-1\" \/>\n<link rel=\"canonical\" href=\"https:\/\/betarq.com\/es\/comencen-les-obres-del-nou-pavello-dentrada-del-liceu-frances-barcelona\/\" \/>\n<meta property=\"og:locale\" content=\"es_ES\" \/>\n<meta property=\"og:type\" content=\"article\" \/>\n<meta property=\"og:title\" content=\"Empiezan las obras de la nueva entrada en lyc\u00e9e fran\u00e7ais de Barcelona - Betarq\" \/>\n<meta property=\"og:description\" content=\"Comienzan las obras del nuevo pabell\u00f3n de entrada del lyc\u00e9e fran\u00e7ais en Barcelona donde Betarq hace la Direcci\u00f3n de Ejecuci\u00f3n y la Coordinaci\u00f3n de Seguridad y Salud, de un proyecto del arquitecto Llu\u00eds Corbella.\" \/>\n<meta property=\"og:url\" content=\"https:\/\/betarq.com\/es\/comencen-les-obres-del-nou-pavello-dentrada-del-liceu-frances-barcelona\/\" \/>\n<meta property=\"og:site_name\" content=\"Betarq\" \/>\n<meta property=\"article:published_time\" content=\"2018-01-27T14:09:36+00:00\" \/>\n<meta property=\"article:modified_time\" content=\"2023-12-08T09:38:53+00:00\" \/>\n<meta property=\"og:image\" content=\"https:\/\/betarq.com\/wp-content\/uploads\/2018\/01\/Liceu-Frances-noticia.jpg\" \/>\n\t<meta property=\"og:image:width\" content=\"1000\" \/>\n\t<meta property=\"og:image:height\" content=\"562\" \/>\n\t<meta property=\"og:image:type\" content=\"image\/jpeg\" \/>\n<meta name=\"author\" content=\"raulbofill\" \/>\n<meta name=\"twitter:card\" content=\"summary_large_image\" \/>\n<meta name=\"twitter:label1\" content=\"Escrito por\" \/>\n\t<meta name=\"twitter:data1\" content=\"raulbofill\" \/>\n\t<meta name=\"twitter:label2\" content=\"Tiempo de lectura\" \/>\n\t<meta name=\"twitter:data2\" content=\"1 minuto\" \/>\n<script type=\"application\/ld+json\" class=\"yoast-schema-graph\">{\"@context\":\"https:\/\/schema.org\",\"@graph\":[{\"@type\":\"Article\",\"@id\":\"https:\/\/betarq.com\/es\/comencen-les-obres-del-nou-pavello-dentrada-del-liceu-frances-barcelona\/#article\",\"isPartOf\":{\"@id\":\"https:\/\/betarq.com\/es\/comencen-les-obres-del-nou-pavello-dentrada-del-liceu-frances-barcelona\/\"},\"author\":{\"name\":\"raulbofill\",\"@id\":\"https:\/\/betarq.com\/es\/#\/schema\/person\/ae0cb99ef3ff06ae78db31e143831d17\"},\"headline\":\"Empiezan las obras de la nueva entrada en lyc\u00e9e fran\u00e7ais de Barcelona\",\"datePublished\":\"2018-01-27T14:09:36+00:00\",\"dateModified\":\"2023-12-08T09:38:53+00:00\",\"mainEntityOfPage\":{\"@id\":\"https:\/\/betarq.com\/es\/comencen-les-obres-del-nou-pavello-dentrada-del-liceu-frances-barcelona\/\"},\"wordCount\":55,\"publisher\":{\"@id\":\"https:\/\/betarq.com\/es\/#organization\"},\"image\":{\"@id\":\"https:\/\/betarq.com\/es\/comencen-les-obres-del-nou-pavello-dentrada-del-liceu-frances-barcelona\/#primaryimage\"},\"thumbnailUrl\":\"https:\/\/betarq.com\/wp-content\/uploads\/2018\/01\/Liceu-Frances-noticia.jpg\",\"articleSection\":[\"Noticias\"],\"inLanguage\":\"es\"},{\"@type\":\"WebPage\",\"@id\":\"https:\/\/betarq.com\/es\/comencen-les-obres-del-nou-pavello-dentrada-del-liceu-frances-barcelona\/\",\"url\":\"https:\/\/betarq.com\/es\/comencen-les-obres-del-nou-pavello-dentrada-del-liceu-frances-barcelona\/\",\"name\":\"Empiezan las obras de la nueva entrada en lyc\u00e9e fran\u00e7ais de Barcelona - Betarq\",\"isPartOf\":{\"@id\":\"https:\/\/betarq.com\/es\/#website\"},\"primaryImageOfPage\":{\"@id\":\"https:\/\/betarq.com\/es\/comencen-les-obres-del-nou-pavello-dentrada-del-liceu-frances-barcelona\/#primaryimage\"},\"image\":{\"@id\":\"https:\/\/betarq.com\/es\/comencen-les-obres-del-nou-pavello-dentrada-del-liceu-frances-barcelona\/#primaryimage\"},\"thumbnailUrl\":\"https:\/\/betarq.com\/wp-content\/uploads\/2018\/01\/Liceu-Frances-noticia.jpg\",\"datePublished\":\"2018-01-27T14:09:36+00:00\",\"dateModified\":\"2023-12-08T09:38:53+00:00\",\"breadcrumb\":{\"@id\":\"https:\/\/betarq.com\/es\/comencen-les-obres-del-nou-pavello-dentrada-del-liceu-frances-barcelona\/#breadcrumb\"},\"inLanguage\":\"es\",\"potentialAction\":[{\"@type\":\"ReadAction\",\"target\":[\"https:\/\/betarq.com\/es\/comencen-les-obres-del-nou-pavello-dentrada-del-liceu-frances-barcelona\/\"]}]},{\"@type\":\"ImageObject\",\"inLanguage\":\"es\",\"@id\":\"https:\/\/betarq.com\/es\/comencen-les-obres-del-nou-pavello-dentrada-del-liceu-frances-barcelona\/#primaryimage\",\"url\":\"https:\/\/betarq.com\/wp-content\/uploads\/2018\/01\/Liceu-Frances-noticia.jpg\",\"contentUrl\":\"https:\/\/betarq.com\/wp-content\/uploads\/2018\/01\/Liceu-Frances-noticia.jpg\",\"width\":1000,\"height\":562},{\"@type\":\"BreadcrumbList\",\"@id\":\"https:\/\/betarq.com\/es\/comencen-les-obres-del-nou-pavello-dentrada-del-liceu-frances-barcelona\/#breadcrumb\",\"itemListElement\":[{\"@type\":\"ListItem\",\"position\":1,\"name\":\"Portada\",\"item\":\"https:\/\/betarq.com\/es\/\"},{\"@type\":\"ListItem\",\"position\":2,\"name\":\"Empiezan las obras de la nueva entrada en lyc\u00e9e fran\u00e7ais de Barcelona\"}]},{\"@type\":\"WebSite\",\"@id\":\"https:\/\/betarq.com\/es\/#website\",\"url\":\"https:\/\/betarq.com\/es\/\",\"name\":\"Betarq\",\"description\":\"\",\"publisher\":{\"@id\":\"https:\/\/betarq.com\/es\/#organization\"},\"potentialAction\":[{\"@type\":\"SearchAction\",\"target\":{\"@type\":\"EntryPoint\",\"urlTemplate\":\"https:\/\/betarq.com\/es\/?s={search_term_string}\"},\"query-input\":{\"@type\":\"PropertyValueSpecification\",\"valueRequired\":true,\"valueName\":\"search_term_string\"}}],\"inLanguage\":\"es\"},{\"@type\":\"Organization\",\"@id\":\"https:\/\/betarq.com\/es\/#organization\",\"name\":\"Betarq\",\"url\":\"https:\/\/betarq.com\/es\/\",\"logo\":{\"@type\":\"ImageObject\",\"inLanguage\":\"es\",\"@id\":\"https:\/\/betarq.com\/es\/#\/schema\/logo\/image\/\",\"url\":\"https:\/\/betarq.com\/wp-content\/uploads\/2023\/09\/logo-betarq.png\",\"contentUrl\":\"https:\/\/betarq.com\/wp-content\/uploads\/2023\/09\/logo-betarq.png\",\"width\":100,\"height\":75,\"caption\":\"Betarq\"},\"image\":{\"@id\":\"https:\/\/betarq.com\/es\/#\/schema\/logo\/image\/\"}},{\"@type\":\"Person\",\"@id\":\"https:\/\/betarq.com\/es\/#\/schema\/person\/ae0cb99ef3ff06ae78db31e143831d17\",\"name\":\"raulbofill\",\"image\":{\"@type\":\"ImageObject\",\"inLanguage\":\"es\",\"@id\":\"https:\/\/betarq.com\/es\/#\/schema\/person\/image\/\",\"url\":\"https:\/\/secure.gravatar.com\/avatar\/2a171335aeb2708e14406d8a4f57eacc3b5fd77b9b85af05e61305622ee33824?s=96&d=mm&r=g\",\"contentUrl\":\"https:\/\/secure.gravatar.com\/avatar\/2a171335aeb2708e14406d8a4f57eacc3b5fd77b9b85af05e61305622ee33824?s=96&d=mm&r=g\",\"caption\":\"raulbofill\"},\"sameAs\":[\"https:\/\/betarq.com\"],\"url\":\"https:\/\/betarq.com\/es\/author\/raulbofill\/\"}]}<\/script>\n<!-- \/ Yoast SEO plugin. -->","yoast_head_json":{"title":"Empiezan las obras de la nueva entrada en lyc\u00e9e fran\u00e7ais de Barcelona - Betarq","robots":{"index":"index","follow":"follow","max-snippet":"max-snippet:-1","max-image-preview":"max-image-preview:large","max-video-preview":"max-video-preview:-1"},"canonical":"https:\/\/betarq.com\/es\/comencen-les-obres-del-nou-pavello-dentrada-del-liceu-frances-barcelona\/","og_locale":"es_ES","og_type":"article","og_title":"Empiezan las obras de la nueva entrada en lyc\u00e9e fran\u00e7ais de Barcelona - Betarq","og_description":"Comienzan las obras del nuevo pabell\u00f3n de entrada del lyc\u00e9e fran\u00e7ais en Barcelona donde Betarq hace la Direcci\u00f3n de Ejecuci\u00f3n y la Coordinaci\u00f3n de Seguridad y Salud, de un proyecto del arquitecto Llu\u00eds Corbella.","og_url":"https:\/\/betarq.com\/es\/comencen-les-obres-del-nou-pavello-dentrada-del-liceu-frances-barcelona\/","og_site_name":"Betarq","article_published_time":"2018-01-27T14:09:36+00:00","article_modified_time":"2023-12-08T09:38:53+00:00","og_image":[{"width":1000,"height":562,"url":"https:\/\/betarq.com\/wp-content\/uploads\/2018\/01\/Liceu-Frances-noticia.jpg","type":"image\/jpeg"}],"author":"raulbofill","twitter_card":"summary_large_image","twitter_misc":{"Escrito por":"raulbofill","Tiempo de lectura":"1 minuto"},"schema":{"@context":"https:\/\/schema.org","@graph":[{"@type":"Article","@id":"https:\/\/betarq.com\/es\/comencen-les-obres-del-nou-pavello-dentrada-del-liceu-frances-barcelona\/#article","isPartOf":{"@id":"https:\/\/betarq.com\/es\/comencen-les-obres-del-nou-pavello-dentrada-del-liceu-frances-barcelona\/"},"author":{"name":"raulbofill","@id":"https:\/\/betarq.com\/es\/#\/schema\/person\/ae0cb99ef3ff06ae78db31e143831d17"},"headline":"Empiezan las obras de la nueva entrada en lyc\u00e9e fran\u00e7ais de Barcelona","datePublished":"2018-01-27T14:09:36+00:00","dateModified":"2023-12-08T09:38:53+00:00","mainEntityOfPage":{"@id":"https:\/\/betarq.com\/es\/comencen-les-obres-del-nou-pavello-dentrada-del-liceu-frances-barcelona\/"},"wordCount":55,"publisher":{"@id":"https:\/\/betarq.com\/es\/#organization"},"image":{"@id":"https:\/\/betarq.com\/es\/comencen-les-obres-del-nou-pavello-dentrada-del-liceu-frances-barcelona\/#primaryimage"},"thumbnailUrl":"https:\/\/betarq.com\/wp-content\/uploads\/2018\/01\/Liceu-Frances-noticia.jpg","articleSection":["Noticias"],"inLanguage":"es"},{"@type":"WebPage","@id":"https:\/\/betarq.com\/es\/comencen-les-obres-del-nou-pavello-dentrada-del-liceu-frances-barcelona\/","url":"https:\/\/betarq.com\/es\/comencen-les-obres-del-nou-pavello-dentrada-del-liceu-frances-barcelona\/","name":"Empiezan las obras de la nueva entrada en lyc\u00e9e fran\u00e7ais de Barcelona - Betarq","isPartOf":{"@id":"https:\/\/betarq.com\/es\/#website"},"primaryImageOfPage":{"@id":"https:\/\/betarq.com\/es\/comencen-les-obres-del-nou-pavello-dentrada-del-liceu-frances-barcelona\/#primaryimage"},"image":{"@id":"https:\/\/betarq.com\/es\/comencen-les-obres-del-nou-pavello-dentrada-del-liceu-frances-barcelona\/#primaryimage"},"thumbnailUrl":"https:\/\/betarq.com\/wp-content\/uploads\/2018\/01\/Liceu-Frances-noticia.jpg","datePublished":"2018-01-27T14:09:36+00:00","dateModified":"2023-12-08T09:38:53+00:00","breadcrumb":{"@id":"https:\/\/betarq.com\/es\/comencen-les-obres-del-nou-pavello-dentrada-del-liceu-frances-barcelona\/#breadcrumb"},"inLanguage":"es","potentialAction":[{"@type":"ReadAction","target":["https:\/\/betarq.com\/es\/comencen-les-obres-del-nou-pavello-dentrada-del-liceu-frances-barcelona\/"]}]},{"@type":"ImageObject","inLanguage":"es","@id":"https:\/\/betarq.com\/es\/comencen-les-obres-del-nou-pavello-dentrada-del-liceu-frances-barcelona\/#primaryimage","url":"https:\/\/betarq.com\/wp-content\/uploads\/2018\/01\/Liceu-Frances-noticia.jpg","contentUrl":"https:\/\/betarq.com\/wp-content\/uploads\/2018\/01\/Liceu-Frances-noticia.jpg","width":1000,"height":562},{"@type":"BreadcrumbList","@id":"https:\/\/betarq.com\/es\/comencen-les-obres-del-nou-pavello-dentrada-del-liceu-frances-barcelona\/#breadcrumb","itemListElement":[{"@type":"ListItem","position":1,"name":"Portada","item":"https:\/\/betarq.com\/es\/"},{"@type":"ListItem","position":2,"name":"Empiezan las obras de la nueva entrada en lyc\u00e9e fran\u00e7ais de Barcelona"}]},{"@type":"WebSite","@id":"https:\/\/betarq.com\/es\/#website","url":"https:\/\/betarq.com\/es\/","name":"Betarq","description":"","publisher":{"@id":"https:\/\/betarq.com\/es\/#organization"},"potentialAction":[{"@type":"SearchAction","target":{"@type":"EntryPoint","urlTemplate":"https:\/\/betarq.com\/es\/?s={search_term_string}"},"query-input":{"@type":"PropertyValueSpecification","valueRequired":true,"valueName":"search_term_string"}}],"inLanguage":"es"},{"@type":"Organization","@id":"https:\/\/betarq.com\/es\/#organization","name":"Betarq","url":"https:\/\/betarq.com\/es\/","logo":{"@type":"ImageObject","inLanguage":"es","@id":"https:\/\/betarq.com\/es\/#\/schema\/logo\/image\/","url":"https:\/\/betarq.com\/wp-content\/uploads\/2023\/09\/logo-betarq.png","contentUrl":"https:\/\/betarq.com\/wp-content\/uploads\/2023\/09\/logo-betarq.png","width":100,"height":75,"caption":"Betarq"},"image":{"@id":"https:\/\/betarq.com\/es\/#\/schema\/logo\/image\/"}},{"@type":"Person","@id":"https:\/\/betarq.com\/es\/#\/schema\/person\/ae0cb99ef3ff06ae78db31e143831d17","name":"raulbofill","image":{"@type":"ImageObject","inLanguage":"es","@id":"https:\/\/betarq.com\/es\/#\/schema\/person\/image\/","url":"https:\/\/secure.gravatar.com\/avatar\/2a171335aeb2708e14406d8a4f57eacc3b5fd77b9b85af05e61305622ee33824?s=96&d=mm&r=g","contentUrl":"https:\/\/secure.gravatar.com\/avatar\/2a171335aeb2708e14406d8a4f57eacc3b5fd77b9b85af05e61305622ee33824?s=96&d=mm&r=g","caption":"raulbofill"},"sameAs":["https:\/\/betarq.com"],"url":"https:\/\/betarq.com\/es\/author\/raulbofill\/"}]}},"_links":{"self":[{"href":"https:\/\/betarq.com\/es\/wp-json\/wp\/v2\/posts\/2939","targetHints":{"allow":["GET"]}}],"collection":[{"href":"https:\/\/betarq.com\/es\/wp-json\/wp\/v2\/posts"}],"about":[{"href":"https:\/\/betarq.com\/es\/wp-json\/wp\/v2\/types\/post"}],"author":[{"embeddable":true,"href":"https:\/\/betarq.com\/es\/wp-json\/wp\/v2\/users\/1"}],"replies":[{"embeddable":true,"href":"https:\/\/betarq.com\/es\/wp-json\/wp\/v2\/comments?post=2939"}],"version-history":[{"count":1,"href":"https:\/\/betarq.com\/es\/wp-json\/wp\/v2\/posts\/2939\/revisions"}],"predecessor-version":[{"id":3659,"href":"https:\/\/betarq.com\/es\/wp-json\/wp\/v2\/posts\/2939\/revisions\/3659"}],"wp:featuredmedia":[{"embeddable":true,"href":"https:\/\/betarq.com\/es\/wp-json\/wp\/v2\/media\/2936"}],"wp:attachment":[{"href":"https:\/\/betarq.com\/es\/wp-json\/wp\/v2\/media?parent=2939"}],"wp:term":[{"taxonomy":"category","embeddable":true,"href":"https:\/\/betarq.com\/es\/wp-json\/wp\/v2\/categories?post=2939"},{"taxonomy":"post_tag","embeddable":true,"href":"https:\/\/betarq.com\/es\/wp-json\/wp\/v2\/tags?post=2939"}],"curies":[{"name":"wp","href":"https:\/\/api.w.org\/{rel}","templated":true}]}}