{"id":2968,"date":"2018-01-27T15:26:44","date_gmt":"2018-01-27T14:26:44","guid":{"rendered":"https:\/\/betarq.com\/se-inaugura-la-rehabilitacion-de-la-fabrica-del-sol\/"},"modified":"2023-12-08T10:38:07","modified_gmt":"2023-12-08T09:38:07","slug":"se-inaugura-la-rehabilitacion-de-la-fabrica-del-sol","status":"publish","type":"post","link":"https:\/\/betarq.com\/es\/se-inaugura-la-rehabilitacion-de-la-fabrica-del-sol\/","title":{"rendered":"Se inaugura la rehabilitaci\u00f3n de la F\u00e1brica del Sol"},"content":{"rendered":"<p><a href=\"https:\/\/betarq.com\/obre-la-rehabilitacio-de-la-fabrica-de-sol\/\" target=\"_blank\" rel=\"noopener\">Abre la rehabilitaci\u00f3n de la f\u00e1brica de sol<\/a><\/p>\n<p>Abre la rehabilitaci\u00f3n de la f\u00e1brica de sol, el equipamiento municipal de criterios ambientales de referencia, sostenibilidad, eficiencia y calidad en el consumo de recursos.<\/p>\n<p>Proyecto y direcci\u00f3n de obra de Betarq<\/p>\n<p class=\"p1\"><img loading=\"lazy\" decoding=\"async\" class=\"aligncenter size-full wp-image-2950\" src=\"https:\/\/betarq.com\/wp-content\/uploads\/2018\/01\/ECOLOGIAURBANA_SOL.jpg\" alt=\"\" width=\"640\" height=\"334\" srcset=\"https:\/\/betarq.com\/wp-content\/uploads\/2018\/01\/ECOLOGIAURBANA_SOL.jpg 640w, https:\/\/betarq.com\/wp-content\/uploads\/2018\/01\/ECOLOGIAURBANA_SOL-300x157.jpg 300w\" sizes=\"auto, (max-width: 640px) 100vw, 640px\" \/><img loading=\"lazy\" decoding=\"async\" class=\"aligncenter size-full wp-image-2953\" src=\"https:\/\/betarq.com\/wp-content\/uploads\/2018\/01\/DSC0240.jpg\" alt=\"\" width=\"1024\" height=\"683\" srcset=\"https:\/\/betarq.com\/wp-content\/uploads\/2018\/01\/DSC0240.jpg 1024w, https:\/\/betarq.com\/wp-content\/uploads\/2018\/01\/DSC0240-300x200.jpg 300w, https:\/\/betarq.com\/wp-content\/uploads\/2018\/01\/DSC0240-768x512.jpg 768w\" sizes=\"auto, (max-width: 1024px) 100vw, 1024px\" \/><img loading=\"lazy\" decoding=\"async\" class=\"aligncenter size-full wp-image-2956\" src=\"https:\/\/betarq.com\/wp-content\/uploads\/2018\/01\/DSC0039.jpg\" alt=\"\" width=\"1024\" height=\"683\" srcset=\"https:\/\/betarq.com\/wp-content\/uploads\/2018\/01\/DSC0039.jpg 1024w, https:\/\/betarq.com\/wp-content\/uploads\/2018\/01\/DSC0039-300x200.jpg 300w, https:\/\/betarq.com\/wp-content\/uploads\/2018\/01\/DSC0039-768x512.jpg 768w\" sizes=\"auto, (max-width: 1024px) 100vw, 1024px\" \/><img loading=\"lazy\" decoding=\"async\" class=\"aligncenter size-full wp-image-2959\" src=\"https:\/\/betarq.com\/wp-content\/uploads\/2018\/01\/DSC0248.jpg\" alt=\"\" width=\"1024\" height=\"683\" srcset=\"https:\/\/betarq.com\/wp-content\/uploads\/2018\/01\/DSC0248.jpg 1024w, https:\/\/betarq.com\/wp-content\/uploads\/2018\/01\/DSC0248-300x200.jpg 300w, https:\/\/betarq.com\/wp-content\/uploads\/2018\/01\/DSC0248-768x512.jpg 768w\" sizes=\"auto, (max-width: 1024px) 100vw, 1024px\" \/><img loading=\"lazy\" decoding=\"async\" class=\"aligncenter size-full wp-image-2962\" src=\"https:\/\/betarq.com\/wp-content\/uploads\/2018\/01\/DSC0473.jpg\" alt=\"\" width=\"1024\" height=\"683\" srcset=\"https:\/\/betarq.com\/wp-content\/uploads\/2018\/01\/DSC0473.jpg 1024w, https:\/\/betarq.com\/wp-content\/uploads\/2018\/01\/DSC0473-300x200.jpg 300w, https:\/\/betarq.com\/wp-content\/uploads\/2018\/01\/DSC0473-768x512.jpg 768w\" sizes=\"auto, (max-width: 1024px) 100vw, 1024px\" \/><\/p>\n","protected":false},"excerpt":{"rendered":"<p>Abre la rehabilitaci\u00f3n de la f\u00e1brica de sol Abre la rehabilitaci\u00f3n de la f\u00e1brica de sol, el equipamiento municipal de criterios ambientales de referencia, sostenibilidad, eficiencia y calidad en el consumo de recursos. Proyecto y direcci\u00f3n de obra de Betarq<\/p>\n","protected":false},"author":1,"featured_media":2952,"comment_status":"closed","ping_status":"open","sticky":false,"template":"","format":"standard","meta":{"_acf_changed":false,"inline_featured_image":false,"_monsterinsights_skip_tracking":false,"_monsterinsights_sitenote_active":false,"_monsterinsights_sitenote_note":"","_monsterinsights_sitenote_category":0,"footnotes":""},"categories":[69],"tags":[],"class_list":["post-2968","post","type-post","status-publish","format-standard","has-post-thumbnail","hentry","category-noticias-es","category-69","description-off"],"acf":[],"yoast_head":"<!-- This site is optimized with the Yoast SEO plugin v27.1.1 - https:\/\/yoast.com\/product\/yoast-seo-wordpress\/ -->\n<title>Se inaugura la rehabilitaci\u00f3n de la F\u00e1brica del Sol - Betarq<\/title>\n<meta name=\"robots\" content=\"index, follow, max-snippet:-1, max-image-preview:large, max-video-preview:-1\" \/>\n<link rel=\"canonical\" href=\"https:\/\/betarq.com\/es\/se-inaugura-la-rehabilitacion-de-la-fabrica-del-sol\/\" \/>\n<meta property=\"og:locale\" content=\"es_ES\" \/>\n<meta property=\"og:type\" content=\"article\" \/>\n<meta property=\"og:title\" content=\"Se inaugura la rehabilitaci\u00f3n de la F\u00e1brica del Sol - Betarq\" \/>\n<meta property=\"og:description\" content=\"Abre la rehabilitaci\u00f3n de la f\u00e1brica de sol Abre la rehabilitaci\u00f3n de la f\u00e1brica de sol, el equipamiento municipal de criterios ambientales de referencia, sostenibilidad, eficiencia y calidad en el consumo de recursos. Proyecto y direcci\u00f3n de obra de Betarq\" \/>\n<meta property=\"og:url\" content=\"https:\/\/betarq.com\/es\/se-inaugura-la-rehabilitacion-de-la-fabrica-del-sol\/\" \/>\n<meta property=\"og:site_name\" content=\"Betarq\" \/>\n<meta property=\"article:published_time\" content=\"2018-01-27T14:26:44+00:00\" \/>\n<meta property=\"article:modified_time\" content=\"2023-12-08T09:38:07+00:00\" \/>\n<meta property=\"og:image\" content=\"https:\/\/betarq.com\/wp-content\/uploads\/2018\/01\/ECOLOGIAURBANA_SOL.jpg\" \/>\n\t<meta property=\"og:image:width\" content=\"640\" \/>\n\t<meta property=\"og:image:height\" content=\"334\" \/>\n\t<meta property=\"og:image:type\" content=\"image\/jpeg\" \/>\n<meta name=\"author\" content=\"raulbofill\" \/>\n<meta name=\"twitter:card\" content=\"summary_large_image\" \/>\n<meta name=\"twitter:label1\" content=\"Escrito por\" \/>\n\t<meta name=\"twitter:data1\" content=\"raulbofill\" \/>\n\t<meta name=\"twitter:label2\" content=\"Tiempo de lectura\" \/>\n\t<meta name=\"twitter:data2\" content=\"2 minutos\" \/>\n<script type=\"application\/ld+json\" class=\"yoast-schema-graph\">{\"@context\":\"https:\/\/schema.org\",\"@graph\":[{\"@type\":\"Article\",\"@id\":\"https:\/\/betarq.com\/es\/se-inaugura-la-rehabilitacion-de-la-fabrica-del-sol\/#article\",\"isPartOf\":{\"@id\":\"https:\/\/betarq.com\/es\/se-inaugura-la-rehabilitacion-de-la-fabrica-del-sol\/\"},\"author\":{\"name\":\"raulbofill\",\"@id\":\"https:\/\/betarq.com\/es\/#\/schema\/person\/ae0cb99ef3ff06ae78db31e143831d17\"},\"headline\":\"Se inaugura la rehabilitaci\u00f3n de la F\u00e1brica del Sol\",\"datePublished\":\"2018-01-27T14:26:44+00:00\",\"dateModified\":\"2023-12-08T09:38:07+00:00\",\"mainEntityOfPage\":{\"@id\":\"https:\/\/betarq.com\/es\/se-inaugura-la-rehabilitacion-de-la-fabrica-del-sol\/\"},\"wordCount\":56,\"publisher\":{\"@id\":\"https:\/\/betarq.com\/es\/#organization\"},\"image\":{\"@id\":\"https:\/\/betarq.com\/es\/se-inaugura-la-rehabilitacion-de-la-fabrica-del-sol\/#primaryimage\"},\"thumbnailUrl\":\"https:\/\/betarq.com\/wp-content\/uploads\/2018\/01\/ECOLOGIAURBANA_SOL.jpg\",\"articleSection\":[\"Noticias\"],\"inLanguage\":\"es\"},{\"@type\":\"WebPage\",\"@id\":\"https:\/\/betarq.com\/es\/se-inaugura-la-rehabilitacion-de-la-fabrica-del-sol\/\",\"url\":\"https:\/\/betarq.com\/es\/se-inaugura-la-rehabilitacion-de-la-fabrica-del-sol\/\",\"name\":\"Se inaugura la rehabilitaci\u00f3n de la F\u00e1brica del Sol - Betarq\",\"isPartOf\":{\"@id\":\"https:\/\/betarq.com\/es\/#website\"},\"primaryImageOfPage\":{\"@id\":\"https:\/\/betarq.com\/es\/se-inaugura-la-rehabilitacion-de-la-fabrica-del-sol\/#primaryimage\"},\"image\":{\"@id\":\"https:\/\/betarq.com\/es\/se-inaugura-la-rehabilitacion-de-la-fabrica-del-sol\/#primaryimage\"},\"thumbnailUrl\":\"https:\/\/betarq.com\/wp-content\/uploads\/2018\/01\/ECOLOGIAURBANA_SOL.jpg\",\"datePublished\":\"2018-01-27T14:26:44+00:00\",\"dateModified\":\"2023-12-08T09:38:07+00:00\",\"breadcrumb\":{\"@id\":\"https:\/\/betarq.com\/es\/se-inaugura-la-rehabilitacion-de-la-fabrica-del-sol\/#breadcrumb\"},\"inLanguage\":\"es\",\"potentialAction\":[{\"@type\":\"ReadAction\",\"target\":[\"https:\/\/betarq.com\/es\/se-inaugura-la-rehabilitacion-de-la-fabrica-del-sol\/\"]}]},{\"@type\":\"ImageObject\",\"inLanguage\":\"es\",\"@id\":\"https:\/\/betarq.com\/es\/se-inaugura-la-rehabilitacion-de-la-fabrica-del-sol\/#primaryimage\",\"url\":\"https:\/\/betarq.com\/wp-content\/uploads\/2018\/01\/ECOLOGIAURBANA_SOL.jpg\",\"contentUrl\":\"https:\/\/betarq.com\/wp-content\/uploads\/2018\/01\/ECOLOGIAURBANA_SOL.jpg\",\"width\":640,\"height\":334},{\"@type\":\"BreadcrumbList\",\"@id\":\"https:\/\/betarq.com\/es\/se-inaugura-la-rehabilitacion-de-la-fabrica-del-sol\/#breadcrumb\",\"itemListElement\":[{\"@type\":\"ListItem\",\"position\":1,\"name\":\"Portada\",\"item\":\"https:\/\/betarq.com\/es\/\"},{\"@type\":\"ListItem\",\"position\":2,\"name\":\"Se inaugura la rehabilitaci\u00f3n de la F\u00e1brica del Sol\"}]},{\"@type\":\"WebSite\",\"@id\":\"https:\/\/betarq.com\/es\/#website\",\"url\":\"https:\/\/betarq.com\/es\/\",\"name\":\"Betarq\",\"description\":\"\",\"publisher\":{\"@id\":\"https:\/\/betarq.com\/es\/#organization\"},\"potentialAction\":[{\"@type\":\"SearchAction\",\"target\":{\"@type\":\"EntryPoint\",\"urlTemplate\":\"https:\/\/betarq.com\/es\/?s={search_term_string}\"},\"query-input\":{\"@type\":\"PropertyValueSpecification\",\"valueRequired\":true,\"valueName\":\"search_term_string\"}}],\"inLanguage\":\"es\"},{\"@type\":\"Organization\",\"@id\":\"https:\/\/betarq.com\/es\/#organization\",\"name\":\"Betarq\",\"url\":\"https:\/\/betarq.com\/es\/\",\"logo\":{\"@type\":\"ImageObject\",\"inLanguage\":\"es\",\"@id\":\"https:\/\/betarq.com\/es\/#\/schema\/logo\/image\/\",\"url\":\"https:\/\/betarq.com\/wp-content\/uploads\/2023\/09\/logo-betarq.png\",\"contentUrl\":\"https:\/\/betarq.com\/wp-content\/uploads\/2023\/09\/logo-betarq.png\",\"width\":100,\"height\":75,\"caption\":\"Betarq\"},\"image\":{\"@id\":\"https:\/\/betarq.com\/es\/#\/schema\/logo\/image\/\"}},{\"@type\":\"Person\",\"@id\":\"https:\/\/betarq.com\/es\/#\/schema\/person\/ae0cb99ef3ff06ae78db31e143831d17\",\"name\":\"raulbofill\",\"image\":{\"@type\":\"ImageObject\",\"inLanguage\":\"es\",\"@id\":\"https:\/\/betarq.com\/es\/#\/schema\/person\/image\/\",\"url\":\"https:\/\/secure.gravatar.com\/avatar\/2a171335aeb2708e14406d8a4f57eacc3b5fd77b9b85af05e61305622ee33824?s=96&d=mm&r=g\",\"contentUrl\":\"https:\/\/secure.gravatar.com\/avatar\/2a171335aeb2708e14406d8a4f57eacc3b5fd77b9b85af05e61305622ee33824?s=96&d=mm&r=g\",\"caption\":\"raulbofill\"},\"sameAs\":[\"https:\/\/betarq.com\"],\"url\":\"https:\/\/betarq.com\/es\/author\/raulbofill\/\"}]}<\/script>\n<!-- \/ Yoast SEO plugin. -->","yoast_head_json":{"title":"Se inaugura la rehabilitaci\u00f3n de la F\u00e1brica del Sol - Betarq","robots":{"index":"index","follow":"follow","max-snippet":"max-snippet:-1","max-image-preview":"max-image-preview:large","max-video-preview":"max-video-preview:-1"},"canonical":"https:\/\/betarq.com\/es\/se-inaugura-la-rehabilitacion-de-la-fabrica-del-sol\/","og_locale":"es_ES","og_type":"article","og_title":"Se inaugura la rehabilitaci\u00f3n de la F\u00e1brica del Sol - Betarq","og_description":"Abre la rehabilitaci\u00f3n de la f\u00e1brica de sol Abre la rehabilitaci\u00f3n de la f\u00e1brica de sol, el equipamiento municipal de criterios ambientales de referencia, sostenibilidad, eficiencia y calidad en el consumo de recursos. Proyecto y direcci\u00f3n de obra de Betarq","og_url":"https:\/\/betarq.com\/es\/se-inaugura-la-rehabilitacion-de-la-fabrica-del-sol\/","og_site_name":"Betarq","article_published_time":"2018-01-27T14:26:44+00:00","article_modified_time":"2023-12-08T09:38:07+00:00","og_image":[{"width":640,"height":334,"url":"https:\/\/betarq.com\/wp-content\/uploads\/2018\/01\/ECOLOGIAURBANA_SOL.jpg","type":"image\/jpeg"}],"author":"raulbofill","twitter_card":"summary_large_image","twitter_misc":{"Escrito por":"raulbofill","Tiempo de lectura":"2 minutos"},"schema":{"@context":"https:\/\/schema.org","@graph":[{"@type":"Article","@id":"https:\/\/betarq.com\/es\/se-inaugura-la-rehabilitacion-de-la-fabrica-del-sol\/#article","isPartOf":{"@id":"https:\/\/betarq.com\/es\/se-inaugura-la-rehabilitacion-de-la-fabrica-del-sol\/"},"author":{"name":"raulbofill","@id":"https:\/\/betarq.com\/es\/#\/schema\/person\/ae0cb99ef3ff06ae78db31e143831d17"},"headline":"Se inaugura la rehabilitaci\u00f3n de la F\u00e1brica del Sol","datePublished":"2018-01-27T14:26:44+00:00","dateModified":"2023-12-08T09:38:07+00:00","mainEntityOfPage":{"@id":"https:\/\/betarq.com\/es\/se-inaugura-la-rehabilitacion-de-la-fabrica-del-sol\/"},"wordCount":56,"publisher":{"@id":"https:\/\/betarq.com\/es\/#organization"},"image":{"@id":"https:\/\/betarq.com\/es\/se-inaugura-la-rehabilitacion-de-la-fabrica-del-sol\/#primaryimage"},"thumbnailUrl":"https:\/\/betarq.com\/wp-content\/uploads\/2018\/01\/ECOLOGIAURBANA_SOL.jpg","articleSection":["Noticias"],"inLanguage":"es"},{"@type":"WebPage","@id":"https:\/\/betarq.com\/es\/se-inaugura-la-rehabilitacion-de-la-fabrica-del-sol\/","url":"https:\/\/betarq.com\/es\/se-inaugura-la-rehabilitacion-de-la-fabrica-del-sol\/","name":"Se inaugura la rehabilitaci\u00f3n de la F\u00e1brica del Sol - Betarq","isPartOf":{"@id":"https:\/\/betarq.com\/es\/#website"},"primaryImageOfPage":{"@id":"https:\/\/betarq.com\/es\/se-inaugura-la-rehabilitacion-de-la-fabrica-del-sol\/#primaryimage"},"image":{"@id":"https:\/\/betarq.com\/es\/se-inaugura-la-rehabilitacion-de-la-fabrica-del-sol\/#primaryimage"},"thumbnailUrl":"https:\/\/betarq.com\/wp-content\/uploads\/2018\/01\/ECOLOGIAURBANA_SOL.jpg","datePublished":"2018-01-27T14:26:44+00:00","dateModified":"2023-12-08T09:38:07+00:00","breadcrumb":{"@id":"https:\/\/betarq.com\/es\/se-inaugura-la-rehabilitacion-de-la-fabrica-del-sol\/#breadcrumb"},"inLanguage":"es","potentialAction":[{"@type":"ReadAction","target":["https:\/\/betarq.com\/es\/se-inaugura-la-rehabilitacion-de-la-fabrica-del-sol\/"]}]},{"@type":"ImageObject","inLanguage":"es","@id":"https:\/\/betarq.com\/es\/se-inaugura-la-rehabilitacion-de-la-fabrica-del-sol\/#primaryimage","url":"https:\/\/betarq.com\/wp-content\/uploads\/2018\/01\/ECOLOGIAURBANA_SOL.jpg","contentUrl":"https:\/\/betarq.com\/wp-content\/uploads\/2018\/01\/ECOLOGIAURBANA_SOL.jpg","width":640,"height":334},{"@type":"BreadcrumbList","@id":"https:\/\/betarq.com\/es\/se-inaugura-la-rehabilitacion-de-la-fabrica-del-sol\/#breadcrumb","itemListElement":[{"@type":"ListItem","position":1,"name":"Portada","item":"https:\/\/betarq.com\/es\/"},{"@type":"ListItem","position":2,"name":"Se inaugura la rehabilitaci\u00f3n de la F\u00e1brica del Sol"}]},{"@type":"WebSite","@id":"https:\/\/betarq.com\/es\/#website","url":"https:\/\/betarq.com\/es\/","name":"Betarq","description":"","publisher":{"@id":"https:\/\/betarq.com\/es\/#organization"},"potentialAction":[{"@type":"SearchAction","target":{"@type":"EntryPoint","urlTemplate":"https:\/\/betarq.com\/es\/?s={search_term_string}"},"query-input":{"@type":"PropertyValueSpecification","valueRequired":true,"valueName":"search_term_string"}}],"inLanguage":"es"},{"@type":"Organization","@id":"https:\/\/betarq.com\/es\/#organization","name":"Betarq","url":"https:\/\/betarq.com\/es\/","logo":{"@type":"ImageObject","inLanguage":"es","@id":"https:\/\/betarq.com\/es\/#\/schema\/logo\/image\/","url":"https:\/\/betarq.com\/wp-content\/uploads\/2023\/09\/logo-betarq.png","contentUrl":"https:\/\/betarq.com\/wp-content\/uploads\/2023\/09\/logo-betarq.png","width":100,"height":75,"caption":"Betarq"},"image":{"@id":"https:\/\/betarq.com\/es\/#\/schema\/logo\/image\/"}},{"@type":"Person","@id":"https:\/\/betarq.com\/es\/#\/schema\/person\/ae0cb99ef3ff06ae78db31e143831d17","name":"raulbofill","image":{"@type":"ImageObject","inLanguage":"es","@id":"https:\/\/betarq.com\/es\/#\/schema\/person\/image\/","url":"https:\/\/secure.gravatar.com\/avatar\/2a171335aeb2708e14406d8a4f57eacc3b5fd77b9b85af05e61305622ee33824?s=96&d=mm&r=g","contentUrl":"https:\/\/secure.gravatar.com\/avatar\/2a171335aeb2708e14406d8a4f57eacc3b5fd77b9b85af05e61305622ee33824?s=96&d=mm&r=g","caption":"raulbofill"},"sameAs":["https:\/\/betarq.com"],"url":"https:\/\/betarq.com\/es\/author\/raulbofill\/"}]}},"_links":{"self":[{"href":"https:\/\/betarq.com\/es\/wp-json\/wp\/v2\/posts\/2968","targetHints":{"allow":["GET"]}}],"collection":[{"href":"https:\/\/betarq.com\/es\/wp-json\/wp\/v2\/posts"}],"about":[{"href":"https:\/\/betarq.com\/es\/wp-json\/wp\/v2\/types\/post"}],"author":[{"embeddable":true,"href":"https:\/\/betarq.com\/es\/wp-json\/wp\/v2\/users\/1"}],"replies":[{"embeddable":true,"href":"https:\/\/betarq.com\/es\/wp-json\/wp\/v2\/comments?post=2968"}],"version-history":[{"count":1,"href":"https:\/\/betarq.com\/es\/wp-json\/wp\/v2\/posts\/2968\/revisions"}],"predecessor-version":[{"id":3657,"href":"https:\/\/betarq.com\/es\/wp-json\/wp\/v2\/posts\/2968\/revisions\/3657"}],"wp:featuredmedia":[{"embeddable":true,"href":"https:\/\/betarq.com\/es\/wp-json\/wp\/v2\/media\/2952"}],"wp:attachment":[{"href":"https:\/\/betarq.com\/es\/wp-json\/wp\/v2\/media?parent=2968"}],"wp:term":[{"taxonomy":"category","embeddable":true,"href":"https:\/\/betarq.com\/es\/wp-json\/wp\/v2\/categories?post=2968"},{"taxonomy":"post_tag","embeddable":true,"href":"https:\/\/betarq.com\/es\/wp-json\/wp\/v2\/tags?post=2968"}],"curies":[{"name":"wp","href":"https:\/\/api.w.org\/{rel}","templated":true}]}}