{"id":2984,"date":"2019-05-31T10:04:05","date_gmt":"2019-05-31T08:04:05","guid":{"rendered":"https:\/\/betarq.com\/inauguracion-y-puertas-abiertas-del-espacio-de-artes-escenicas-casal-dalella\/"},"modified":"2026-04-24T11:27:49","modified_gmt":"2026-04-24T09:27:49","slug":"inauguracion-y-puertas-abiertas-del-espacio-de-artes-escenicas-casal-dalella","status":"publish","type":"post","link":"https:\/\/betarq.com\/es\/inauguracion-y-puertas-abiertas-del-espacio-de-artes-escenicas-casal-dalella\/","title":{"rendered":"Inauguraci\u00f3n y puertas abiertas del espacio de artes esc\u00e9nicas Casal d&#8217;Alella"},"content":{"rendered":"<p><img loading=\"lazy\" decoding=\"async\" class=\"alignleft wp-image-2979 size-full\" src=\"https:\/\/betarq.com\/wp-content\/uploads\/2019\/05\/F009v2.jpg\" alt=\"\" width=\"711\" height=\"400\" srcset=\"https:\/\/betarq.com\/wp-content\/uploads\/2019\/05\/F009v2.jpg 711w, https:\/\/betarq.com\/wp-content\/uploads\/2019\/05\/F009v2-300x169.jpg 300w\" sizes=\"auto, (max-width: 711px) 100vw, 711px\" \/><\/p>\n<p>&nbsp;<\/p>\n<p>&nbsp;<\/p>\n<p>&nbsp;<\/p>\n<p>&nbsp;<\/p>\n<p>&nbsp;<\/p>\n<p>&nbsp;<\/p>\n<p>&nbsp;<\/p>\n<p>&nbsp;<\/p>\n<p>&nbsp;<\/p>\n<p>&nbsp;<\/p>\n<p>&nbsp;<\/p>\n<p>&nbsp;<\/p>\n<p data-start=\"433\" data-end=\"610\">\nEl 1 de junio de 2019 se inaugura el espacio de artes esc\u00e9nicas del D\u2019Alella Casal con una serie de eventos que se pueden consultar aqu\u00ed:<br data-start=\"578\" data-end=\"581\" \/><a class=\"decorated-link\" href=\"http:\/\/www.Alella.cat\/11349\" target=\"_new\" rel=\"noopener\" data-start=\"581\" data-end=\"608\">http:\/\/www.Alella.cat\/11349<\/a><\/p>\n<p data-start=\"612\" data-end=\"711\"><strong data-start=\"612\" data-end=\"622\">Betarq<\/strong> ha participado en la <strong>direcci\u00f3n de ejecuci\u00f3n y en la coordinaci\u00f3n de Seguridad y Salud.<\/strong><\/p>\n<p>M\u00e1s informaci\u00f3n <a href=\"http:\/\/betarq.com\/proyecto\/equipamiento-sociocultural-alella\/\">aqu\u00ed<\/a><\/p>\n","protected":false},"excerpt":{"rendered":"<p>&nbsp; &nbsp; &nbsp; &nbsp; &nbsp; &nbsp; &nbsp; &nbsp; &nbsp; &nbsp; &nbsp; &nbsp; El 1 de junio de 2019 se inaugura el espacio de artes esc\u00e9nicas del D\u2019Alella Casal con una serie de eventos que se pueden consultar aqu\u00ed:http:\/\/www.Alella.cat\/11349 Betarq ha participado en la direcci\u00f3n de ejecuci\u00f3n y en la coordinaci\u00f3n de Seguridad y Salud. M\u00e1s&hellip;<\/p>\n","protected":false},"author":1,"featured_media":2981,"comment_status":"closed","ping_status":"open","sticky":false,"template":"","format":"standard","meta":{"_acf_changed":false,"inline_featured_image":false,"_monsterinsights_skip_tracking":false,"_monsterinsights_sitenote_active":false,"_monsterinsights_sitenote_note":"","_monsterinsights_sitenote_category":0,"footnotes":""},"categories":[69],"tags":[],"class_list":["post-2984","post","type-post","status-publish","format-standard","has-post-thumbnail","hentry","category-noticias-es","category-69","description-off"],"acf":[],"yoast_head":"<!-- This site is optimized with the Yoast SEO plugin v27.1.1 - https:\/\/yoast.com\/product\/yoast-seo-wordpress\/ -->\n<title>Inauguraci\u00f3n y puertas abiertas del espacio de artes esc\u00e9nicas Casal d&#039;Alella - Betarq<\/title>\n<meta name=\"robots\" content=\"index, follow, max-snippet:-1, max-image-preview:large, max-video-preview:-1\" \/>\n<link rel=\"canonical\" href=\"https:\/\/betarq.com\/es\/inauguracion-y-puertas-abiertas-del-espacio-de-artes-escenicas-casal-dalella\/\" \/>\n<meta property=\"og:locale\" content=\"es_ES\" \/>\n<meta property=\"og:type\" content=\"article\" \/>\n<meta property=\"og:title\" content=\"Inauguraci\u00f3n y puertas abiertas del espacio de artes esc\u00e9nicas Casal d&#039;Alella - Betarq\" \/>\n<meta property=\"og:description\" content=\"&nbsp; &nbsp; &nbsp; &nbsp; &nbsp; &nbsp; &nbsp; &nbsp; &nbsp; &nbsp; &nbsp; &nbsp; El 1 de junio de 2019 se inaugura el espacio de artes esc\u00e9nicas del D\u2019Alella Casal con una serie de eventos que se pueden consultar aqu\u00ed:http:\/\/www.Alella.cat\/11349 Betarq ha participado en la direcci\u00f3n de ejecuci\u00f3n y en la coordinaci\u00f3n de Seguridad y Salud. M\u00e1s&hellip;\" \/>\n<meta property=\"og:url\" content=\"https:\/\/betarq.com\/es\/inauguracion-y-puertas-abiertas-del-espacio-de-artes-escenicas-casal-dalella\/\" \/>\n<meta property=\"og:site_name\" content=\"Betarq\" \/>\n<meta property=\"article:published_time\" content=\"2019-05-31T08:04:05+00:00\" \/>\n<meta property=\"article:modified_time\" content=\"2026-04-24T09:27:49+00:00\" \/>\n<meta property=\"og:image\" content=\"https:\/\/betarq.com\/wp-content\/uploads\/2019\/05\/F009v2.jpg\" \/>\n\t<meta property=\"og:image:width\" content=\"711\" \/>\n\t<meta property=\"og:image:height\" content=\"400\" \/>\n\t<meta property=\"og:image:type\" content=\"image\/jpeg\" \/>\n<meta name=\"author\" content=\"raulbofill\" \/>\n<meta name=\"twitter:card\" content=\"summary_large_image\" \/>\n<meta name=\"twitter:label1\" content=\"Escrito por\" \/>\n\t<meta name=\"twitter:data1\" content=\"raulbofill\" \/>\n\t<meta name=\"twitter:label2\" content=\"Tiempo de lectura\" \/>\n\t<meta name=\"twitter:data2\" content=\"1 minuto\" \/>\n<script type=\"application\/ld+json\" class=\"yoast-schema-graph\">{\"@context\":\"https:\/\/schema.org\",\"@graph\":[{\"@type\":\"Article\",\"@id\":\"https:\/\/betarq.com\/es\/inauguracion-y-puertas-abiertas-del-espacio-de-artes-escenicas-casal-dalella\/#article\",\"isPartOf\":{\"@id\":\"https:\/\/betarq.com\/es\/inauguracion-y-puertas-abiertas-del-espacio-de-artes-escenicas-casal-dalella\/\"},\"author\":{\"name\":\"raulbofill\",\"@id\":\"https:\/\/betarq.com\/es\/#\/schema\/person\/ae0cb99ef3ff06ae78db31e143831d17\"},\"headline\":\"Inauguraci\u00f3n y puertas abiertas del espacio de artes esc\u00e9nicas Casal d&#8217;Alella\",\"datePublished\":\"2019-05-31T08:04:05+00:00\",\"dateModified\":\"2026-04-24T09:27:49+00:00\",\"mainEntityOfPage\":{\"@id\":\"https:\/\/betarq.com\/es\/inauguracion-y-puertas-abiertas-del-espacio-de-artes-escenicas-casal-dalella\/\"},\"wordCount\":80,\"publisher\":{\"@id\":\"https:\/\/betarq.com\/es\/#organization\"},\"image\":{\"@id\":\"https:\/\/betarq.com\/es\/inauguracion-y-puertas-abiertas-del-espacio-de-artes-escenicas-casal-dalella\/#primaryimage\"},\"thumbnailUrl\":\"https:\/\/betarq.com\/wp-content\/uploads\/2019\/05\/F009v2.jpg\",\"articleSection\":[\"Noticias\"],\"inLanguage\":\"es\"},{\"@type\":\"WebPage\",\"@id\":\"https:\/\/betarq.com\/es\/inauguracion-y-puertas-abiertas-del-espacio-de-artes-escenicas-casal-dalella\/\",\"url\":\"https:\/\/betarq.com\/es\/inauguracion-y-puertas-abiertas-del-espacio-de-artes-escenicas-casal-dalella\/\",\"name\":\"Inauguraci\u00f3n y puertas abiertas del espacio de artes esc\u00e9nicas Casal d'Alella - Betarq\",\"isPartOf\":{\"@id\":\"https:\/\/betarq.com\/es\/#website\"},\"primaryImageOfPage\":{\"@id\":\"https:\/\/betarq.com\/es\/inauguracion-y-puertas-abiertas-del-espacio-de-artes-escenicas-casal-dalella\/#primaryimage\"},\"image\":{\"@id\":\"https:\/\/betarq.com\/es\/inauguracion-y-puertas-abiertas-del-espacio-de-artes-escenicas-casal-dalella\/#primaryimage\"},\"thumbnailUrl\":\"https:\/\/betarq.com\/wp-content\/uploads\/2019\/05\/F009v2.jpg\",\"datePublished\":\"2019-05-31T08:04:05+00:00\",\"dateModified\":\"2026-04-24T09:27:49+00:00\",\"breadcrumb\":{\"@id\":\"https:\/\/betarq.com\/es\/inauguracion-y-puertas-abiertas-del-espacio-de-artes-escenicas-casal-dalella\/#breadcrumb\"},\"inLanguage\":\"es\",\"potentialAction\":[{\"@type\":\"ReadAction\",\"target\":[\"https:\/\/betarq.com\/es\/inauguracion-y-puertas-abiertas-del-espacio-de-artes-escenicas-casal-dalella\/\"]}]},{\"@type\":\"ImageObject\",\"inLanguage\":\"es\",\"@id\":\"https:\/\/betarq.com\/es\/inauguracion-y-puertas-abiertas-del-espacio-de-artes-escenicas-casal-dalella\/#primaryimage\",\"url\":\"https:\/\/betarq.com\/wp-content\/uploads\/2019\/05\/F009v2.jpg\",\"contentUrl\":\"https:\/\/betarq.com\/wp-content\/uploads\/2019\/05\/F009v2.jpg\",\"width\":711,\"height\":400},{\"@type\":\"BreadcrumbList\",\"@id\":\"https:\/\/betarq.com\/es\/inauguracion-y-puertas-abiertas-del-espacio-de-artes-escenicas-casal-dalella\/#breadcrumb\",\"itemListElement\":[{\"@type\":\"ListItem\",\"position\":1,\"name\":\"Portada\",\"item\":\"https:\/\/betarq.com\/es\/\"},{\"@type\":\"ListItem\",\"position\":2,\"name\":\"Inauguraci\u00f3n y puertas abiertas del espacio de artes esc\u00e9nicas Casal d&#8217;Alella\"}]},{\"@type\":\"WebSite\",\"@id\":\"https:\/\/betarq.com\/es\/#website\",\"url\":\"https:\/\/betarq.com\/es\/\",\"name\":\"Betarq\",\"description\":\"\",\"publisher\":{\"@id\":\"https:\/\/betarq.com\/es\/#organization\"},\"potentialAction\":[{\"@type\":\"SearchAction\",\"target\":{\"@type\":\"EntryPoint\",\"urlTemplate\":\"https:\/\/betarq.com\/es\/?s={search_term_string}\"},\"query-input\":{\"@type\":\"PropertyValueSpecification\",\"valueRequired\":true,\"valueName\":\"search_term_string\"}}],\"inLanguage\":\"es\"},{\"@type\":\"Organization\",\"@id\":\"https:\/\/betarq.com\/es\/#organization\",\"name\":\"Betarq\",\"url\":\"https:\/\/betarq.com\/es\/\",\"logo\":{\"@type\":\"ImageObject\",\"inLanguage\":\"es\",\"@id\":\"https:\/\/betarq.com\/es\/#\/schema\/logo\/image\/\",\"url\":\"https:\/\/betarq.com\/wp-content\/uploads\/2023\/09\/logo-betarq.png\",\"contentUrl\":\"https:\/\/betarq.com\/wp-content\/uploads\/2023\/09\/logo-betarq.png\",\"width\":100,\"height\":75,\"caption\":\"Betarq\"},\"image\":{\"@id\":\"https:\/\/betarq.com\/es\/#\/schema\/logo\/image\/\"}},{\"@type\":\"Person\",\"@id\":\"https:\/\/betarq.com\/es\/#\/schema\/person\/ae0cb99ef3ff06ae78db31e143831d17\",\"name\":\"raulbofill\",\"image\":{\"@type\":\"ImageObject\",\"inLanguage\":\"es\",\"@id\":\"https:\/\/betarq.com\/es\/#\/schema\/person\/image\/\",\"url\":\"https:\/\/secure.gravatar.com\/avatar\/2a171335aeb2708e14406d8a4f57eacc3b5fd77b9b85af05e61305622ee33824?s=96&d=mm&r=g\",\"contentUrl\":\"https:\/\/secure.gravatar.com\/avatar\/2a171335aeb2708e14406d8a4f57eacc3b5fd77b9b85af05e61305622ee33824?s=96&d=mm&r=g\",\"caption\":\"raulbofill\"},\"sameAs\":[\"https:\/\/betarq.com\"],\"url\":\"https:\/\/betarq.com\/es\/author\/raulbofill\/\"}]}<\/script>\n<!-- \/ Yoast SEO plugin. -->","yoast_head_json":{"title":"Inauguraci\u00f3n y puertas abiertas del espacio de artes esc\u00e9nicas Casal d'Alella - Betarq","robots":{"index":"index","follow":"follow","max-snippet":"max-snippet:-1","max-image-preview":"max-image-preview:large","max-video-preview":"max-video-preview:-1"},"canonical":"https:\/\/betarq.com\/es\/inauguracion-y-puertas-abiertas-del-espacio-de-artes-escenicas-casal-dalella\/","og_locale":"es_ES","og_type":"article","og_title":"Inauguraci\u00f3n y puertas abiertas del espacio de artes esc\u00e9nicas Casal d'Alella - Betarq","og_description":"&nbsp; &nbsp; &nbsp; &nbsp; &nbsp; &nbsp; &nbsp; &nbsp; &nbsp; &nbsp; &nbsp; &nbsp; El 1 de junio de 2019 se inaugura el espacio de artes esc\u00e9nicas del D\u2019Alella Casal con una serie de eventos que se pueden consultar aqu\u00ed:http:\/\/www.Alella.cat\/11349 Betarq ha participado en la direcci\u00f3n de ejecuci\u00f3n y en la coordinaci\u00f3n de Seguridad y Salud. M\u00e1s&hellip;","og_url":"https:\/\/betarq.com\/es\/inauguracion-y-puertas-abiertas-del-espacio-de-artes-escenicas-casal-dalella\/","og_site_name":"Betarq","article_published_time":"2019-05-31T08:04:05+00:00","article_modified_time":"2026-04-24T09:27:49+00:00","og_image":[{"width":711,"height":400,"url":"https:\/\/betarq.com\/wp-content\/uploads\/2019\/05\/F009v2.jpg","type":"image\/jpeg"}],"author":"raulbofill","twitter_card":"summary_large_image","twitter_misc":{"Escrito por":"raulbofill","Tiempo de lectura":"1 minuto"},"schema":{"@context":"https:\/\/schema.org","@graph":[{"@type":"Article","@id":"https:\/\/betarq.com\/es\/inauguracion-y-puertas-abiertas-del-espacio-de-artes-escenicas-casal-dalella\/#article","isPartOf":{"@id":"https:\/\/betarq.com\/es\/inauguracion-y-puertas-abiertas-del-espacio-de-artes-escenicas-casal-dalella\/"},"author":{"name":"raulbofill","@id":"https:\/\/betarq.com\/es\/#\/schema\/person\/ae0cb99ef3ff06ae78db31e143831d17"},"headline":"Inauguraci\u00f3n y puertas abiertas del espacio de artes esc\u00e9nicas Casal d&#8217;Alella","datePublished":"2019-05-31T08:04:05+00:00","dateModified":"2026-04-24T09:27:49+00:00","mainEntityOfPage":{"@id":"https:\/\/betarq.com\/es\/inauguracion-y-puertas-abiertas-del-espacio-de-artes-escenicas-casal-dalella\/"},"wordCount":80,"publisher":{"@id":"https:\/\/betarq.com\/es\/#organization"},"image":{"@id":"https:\/\/betarq.com\/es\/inauguracion-y-puertas-abiertas-del-espacio-de-artes-escenicas-casal-dalella\/#primaryimage"},"thumbnailUrl":"https:\/\/betarq.com\/wp-content\/uploads\/2019\/05\/F009v2.jpg","articleSection":["Noticias"],"inLanguage":"es"},{"@type":"WebPage","@id":"https:\/\/betarq.com\/es\/inauguracion-y-puertas-abiertas-del-espacio-de-artes-escenicas-casal-dalella\/","url":"https:\/\/betarq.com\/es\/inauguracion-y-puertas-abiertas-del-espacio-de-artes-escenicas-casal-dalella\/","name":"Inauguraci\u00f3n y puertas abiertas del espacio de artes esc\u00e9nicas Casal d'Alella - Betarq","isPartOf":{"@id":"https:\/\/betarq.com\/es\/#website"},"primaryImageOfPage":{"@id":"https:\/\/betarq.com\/es\/inauguracion-y-puertas-abiertas-del-espacio-de-artes-escenicas-casal-dalella\/#primaryimage"},"image":{"@id":"https:\/\/betarq.com\/es\/inauguracion-y-puertas-abiertas-del-espacio-de-artes-escenicas-casal-dalella\/#primaryimage"},"thumbnailUrl":"https:\/\/betarq.com\/wp-content\/uploads\/2019\/05\/F009v2.jpg","datePublished":"2019-05-31T08:04:05+00:00","dateModified":"2026-04-24T09:27:49+00:00","breadcrumb":{"@id":"https:\/\/betarq.com\/es\/inauguracion-y-puertas-abiertas-del-espacio-de-artes-escenicas-casal-dalella\/#breadcrumb"},"inLanguage":"es","potentialAction":[{"@type":"ReadAction","target":["https:\/\/betarq.com\/es\/inauguracion-y-puertas-abiertas-del-espacio-de-artes-escenicas-casal-dalella\/"]}]},{"@type":"ImageObject","inLanguage":"es","@id":"https:\/\/betarq.com\/es\/inauguracion-y-puertas-abiertas-del-espacio-de-artes-escenicas-casal-dalella\/#primaryimage","url":"https:\/\/betarq.com\/wp-content\/uploads\/2019\/05\/F009v2.jpg","contentUrl":"https:\/\/betarq.com\/wp-content\/uploads\/2019\/05\/F009v2.jpg","width":711,"height":400},{"@type":"BreadcrumbList","@id":"https:\/\/betarq.com\/es\/inauguracion-y-puertas-abiertas-del-espacio-de-artes-escenicas-casal-dalella\/#breadcrumb","itemListElement":[{"@type":"ListItem","position":1,"name":"Portada","item":"https:\/\/betarq.com\/es\/"},{"@type":"ListItem","position":2,"name":"Inauguraci\u00f3n y puertas abiertas del espacio de artes esc\u00e9nicas Casal d&#8217;Alella"}]},{"@type":"WebSite","@id":"https:\/\/betarq.com\/es\/#website","url":"https:\/\/betarq.com\/es\/","name":"Betarq","description":"","publisher":{"@id":"https:\/\/betarq.com\/es\/#organization"},"potentialAction":[{"@type":"SearchAction","target":{"@type":"EntryPoint","urlTemplate":"https:\/\/betarq.com\/es\/?s={search_term_string}"},"query-input":{"@type":"PropertyValueSpecification","valueRequired":true,"valueName":"search_term_string"}}],"inLanguage":"es"},{"@type":"Organization","@id":"https:\/\/betarq.com\/es\/#organization","name":"Betarq","url":"https:\/\/betarq.com\/es\/","logo":{"@type":"ImageObject","inLanguage":"es","@id":"https:\/\/betarq.com\/es\/#\/schema\/logo\/image\/","url":"https:\/\/betarq.com\/wp-content\/uploads\/2023\/09\/logo-betarq.png","contentUrl":"https:\/\/betarq.com\/wp-content\/uploads\/2023\/09\/logo-betarq.png","width":100,"height":75,"caption":"Betarq"},"image":{"@id":"https:\/\/betarq.com\/es\/#\/schema\/logo\/image\/"}},{"@type":"Person","@id":"https:\/\/betarq.com\/es\/#\/schema\/person\/ae0cb99ef3ff06ae78db31e143831d17","name":"raulbofill","image":{"@type":"ImageObject","inLanguage":"es","@id":"https:\/\/betarq.com\/es\/#\/schema\/person\/image\/","url":"https:\/\/secure.gravatar.com\/avatar\/2a171335aeb2708e14406d8a4f57eacc3b5fd77b9b85af05e61305622ee33824?s=96&d=mm&r=g","contentUrl":"https:\/\/secure.gravatar.com\/avatar\/2a171335aeb2708e14406d8a4f57eacc3b5fd77b9b85af05e61305622ee33824?s=96&d=mm&r=g","caption":"raulbofill"},"sameAs":["https:\/\/betarq.com"],"url":"https:\/\/betarq.com\/es\/author\/raulbofill\/"}]}},"_links":{"self":[{"href":"https:\/\/betarq.com\/es\/wp-json\/wp\/v2\/posts\/2984","targetHints":{"allow":["GET"]}}],"collection":[{"href":"https:\/\/betarq.com\/es\/wp-json\/wp\/v2\/posts"}],"about":[{"href":"https:\/\/betarq.com\/es\/wp-json\/wp\/v2\/types\/post"}],"author":[{"embeddable":true,"href":"https:\/\/betarq.com\/es\/wp-json\/wp\/v2\/users\/1"}],"replies":[{"embeddable":true,"href":"https:\/\/betarq.com\/es\/wp-json\/wp\/v2\/comments?post=2984"}],"version-history":[{"count":1,"href":"https:\/\/betarq.com\/es\/wp-json\/wp\/v2\/posts\/2984\/revisions"}],"predecessor-version":[{"id":5597,"href":"https:\/\/betarq.com\/es\/wp-json\/wp\/v2\/posts\/2984\/revisions\/5597"}],"wp:featuredmedia":[{"embeddable":true,"href":"https:\/\/betarq.com\/es\/wp-json\/wp\/v2\/media\/2981"}],"wp:attachment":[{"href":"https:\/\/betarq.com\/es\/wp-json\/wp\/v2\/media?parent=2984"}],"wp:term":[{"taxonomy":"category","embeddable":true,"href":"https:\/\/betarq.com\/es\/wp-json\/wp\/v2\/categories?post=2984"},{"taxonomy":"post_tag","embeddable":true,"href":"https:\/\/betarq.com\/es\/wp-json\/wp\/v2\/tags?post=2984"}],"curies":[{"name":"wp","href":"https:\/\/api.w.org\/{rel}","templated":true}]}}