{"id":3061,"date":"2020-07-07T09:41:48","date_gmt":"2020-07-07T07:41:48","guid":{"rendered":"https:\/\/betarq.com\/remodelacion-de-las-gradas-vip-del-palau-sant-jordi\/"},"modified":"2023-12-08T10:35:47","modified_gmt":"2023-12-08T09:35:47","slug":"remodelacion-de-las-gradas-vip-del-palau-sant-jordi","status":"publish","type":"post","link":"https:\/\/betarq.com\/es\/remodelacion-de-las-gradas-vip-del-palau-sant-jordi\/","title":{"rendered":"Remodelaci\u00f3n de las gradas VIP del Palau Sant Jordi"},"content":{"rendered":"<p><img loading=\"lazy\" decoding=\"async\" class=\"aligncenter size-full wp-image-2429\" src=\"https:\/\/betarq.com\/wp-content\/uploads\/2020\/07\/IMG_5516-16-9-scaled.jpg\" alt=\"\" width=\"2560\" height=\"1440\" srcset=\"https:\/\/betarq.com\/wp-content\/uploads\/2020\/07\/IMG_5516-16-9-scaled.jpg 2560w, https:\/\/betarq.com\/wp-content\/uploads\/2020\/07\/IMG_5516-16-9-300x169.jpg 300w, https:\/\/betarq.com\/wp-content\/uploads\/2020\/07\/IMG_5516-16-9-1024x576.jpg 1024w, https:\/\/betarq.com\/wp-content\/uploads\/2020\/07\/IMG_5516-16-9-768x432.jpg 768w, https:\/\/betarq.com\/wp-content\/uploads\/2020\/07\/IMG_5516-16-9-1536x864.jpg 1536w, https:\/\/betarq.com\/wp-content\/uploads\/2020\/07\/IMG_5516-16-9-2048x1152.jpg 2048w, https:\/\/betarq.com\/wp-content\/uploads\/2020\/07\/IMG_5516-16-9-500x281.jpg 500w\" sizes=\"auto, (max-width: 2560px) 100vw, 2560px\" \/>El equipo de Betarq junto con el ingeniero industrial Pere Rams iniciamos los trabajos de remodelaci\u00f3n de las gradas del Palau Sant Jordi que actualmente est\u00e1n destinadas a la prensa y que pasar\u00e1 a ser tambi\u00e9n zona VIP.<\/p>\n<p>Estructura: Con el fin de aumentar la superficie destinada al uso de los usuarios, la profundidad de las gradas pasar\u00e1n a tener una dimensi\u00f3n de 168cm, en lugar de los 84cm actuales. Se realizar\u00e1 un recrecido de 44cm cada dos gradas para unificar la cota de pavimento.<\/p>\n<p>Acabados: El criterio de acabados busca unificar la nueva actuaci\u00f3n en dos materiales: trespa y acero. El objetivo del proyecto es mantener los materiales existentes ,, con hormig\u00f3n y acero. El recrecido de las gradas se realizar\u00e1 con hormig\u00f3n para mantener la est\u00e9tica actual de las gradas, realizadas con hormig\u00f3n prefabricado. Los laterales de la ampliaci\u00f3n en el encuentro de las escaleras tambi\u00e9n se realizar\u00e1n con hormig\u00f3n. El frontal de las gradas, donde se disponen las mesas de la zona de prensa + VIP estar\u00e1 formada por perfiles de acero y paneles tipo HPL.<\/p>\n<p>Mobiliario: La intervenci\u00f3n conservar\u00e1 la gama crom\u00e1tica de las butacas existentes, es decir color gris oscuro &#8211; negro para unificar el criterio. Las tablas se realizan con acero y panel tipo HPL. Mesas fijas pero con la encimera horizontal abatible. Con el objetivo de conservar la est\u00e9tica de las sillas existentes, se propone instalar el mismo modelo en las gradas destinadas a asientos consecutivos. En la zona de prensa + VIP se propone el mismo modelo pero sin brazos para permitir la correcta salida y entrada de los usuarios ya que la salida debe ser lateral debido a la mesa. En todo caso, los acabados textiles y gama crom\u00e1tica ser\u00e1n en el mismo modelo y tonalidad que las butacas existentes.<\/p>\n<p>&nbsp;<\/p>\n<p>&nbsp;<\/p>\n<p>&nbsp;<\/p>\n","protected":false},"excerpt":{"rendered":"<p>El equipo de Betarq junto con el ingeniero industrial Pere Rams iniciamos los trabajos de remodelaci\u00f3n de las gradas del Palau Sant Jordi que actualmente est\u00e1n destinadas a la prensa y que pasar\u00e1 a ser tambi\u00e9n zona VIP. Estructura: Con el fin de aumentar la superficie destinada al uso de los usuarios, la profundidad de&hellip;<\/p>\n","protected":false},"author":1,"featured_media":2431,"comment_status":"closed","ping_status":"open","sticky":false,"template":"","format":"standard","meta":{"_acf_changed":false,"inline_featured_image":false,"_monsterinsights_skip_tracking":false,"_monsterinsights_sitenote_active":false,"_monsterinsights_sitenote_note":"","_monsterinsights_sitenote_category":0,"footnotes":""},"categories":[69],"tags":[],"class_list":["post-3061","post","type-post","status-publish","format-standard","has-post-thumbnail","hentry","category-noticias-es","category-69","description-off"],"acf":[],"yoast_head":"<!-- This site is optimized with the Yoast SEO plugin v27.1.1 - https:\/\/yoast.com\/product\/yoast-seo-wordpress\/ -->\n<title>Remodelaci\u00f3n de las gradas VIP del Palau Sant Jordi - Betarq<\/title>\n<meta name=\"robots\" content=\"index, follow, max-snippet:-1, max-image-preview:large, max-video-preview:-1\" \/>\n<link rel=\"canonical\" href=\"https:\/\/betarq.com\/es\/remodelacion-de-las-gradas-vip-del-palau-sant-jordi\/\" \/>\n<meta property=\"og:locale\" content=\"es_ES\" \/>\n<meta property=\"og:type\" content=\"article\" \/>\n<meta property=\"og:title\" content=\"Remodelaci\u00f3n de las gradas VIP del Palau Sant Jordi - Betarq\" \/>\n<meta property=\"og:description\" content=\"El equipo de Betarq junto con el ingeniero industrial Pere Rams iniciamos los trabajos de remodelaci\u00f3n de las gradas del Palau Sant Jordi que actualmente est\u00e1n destinadas a la prensa y que pasar\u00e1 a ser tambi\u00e9n zona VIP. Estructura: Con el fin de aumentar la superficie destinada al uso de los usuarios, la profundidad de&hellip;\" \/>\n<meta property=\"og:url\" content=\"https:\/\/betarq.com\/es\/remodelacion-de-las-gradas-vip-del-palau-sant-jordi\/\" \/>\n<meta property=\"og:site_name\" content=\"Betarq\" \/>\n<meta property=\"article:published_time\" content=\"2020-07-07T07:41:48+00:00\" \/>\n<meta property=\"article:modified_time\" content=\"2023-12-08T09:35:47+00:00\" \/>\n<meta property=\"og:image\" content=\"https:\/\/betarq.com\/wp-content\/uploads\/2020\/07\/IMG_5516-16-9-scaled.jpg\" \/>\n\t<meta property=\"og:image:width\" content=\"2560\" \/>\n\t<meta property=\"og:image:height\" content=\"1440\" \/>\n\t<meta property=\"og:image:type\" content=\"image\/jpeg\" \/>\n<meta name=\"author\" content=\"raulbofill\" \/>\n<meta name=\"twitter:card\" content=\"summary_large_image\" \/>\n<meta name=\"twitter:label1\" content=\"Escrito por\" \/>\n\t<meta name=\"twitter:data1\" content=\"raulbofill\" \/>\n\t<meta name=\"twitter:label2\" content=\"Tiempo de lectura\" \/>\n\t<meta name=\"twitter:data2\" content=\"2 minutos\" \/>\n<script type=\"application\/ld+json\" class=\"yoast-schema-graph\">{\"@context\":\"https:\/\/schema.org\",\"@graph\":[{\"@type\":\"Article\",\"@id\":\"https:\/\/betarq.com\/es\/remodelacion-de-las-gradas-vip-del-palau-sant-jordi\/#article\",\"isPartOf\":{\"@id\":\"https:\/\/betarq.com\/es\/remodelacion-de-las-gradas-vip-del-palau-sant-jordi\/\"},\"author\":{\"name\":\"raulbofill\",\"@id\":\"https:\/\/betarq.com\/es\/#\/schema\/person\/ae0cb99ef3ff06ae78db31e143831d17\"},\"headline\":\"Remodelaci\u00f3n de las gradas VIP del Palau Sant Jordi\",\"datePublished\":\"2020-07-07T07:41:48+00:00\",\"dateModified\":\"2023-12-08T09:35:47+00:00\",\"mainEntityOfPage\":{\"@id\":\"https:\/\/betarq.com\/es\/remodelacion-de-las-gradas-vip-del-palau-sant-jordi\/\"},\"wordCount\":328,\"publisher\":{\"@id\":\"https:\/\/betarq.com\/es\/#organization\"},\"image\":{\"@id\":\"https:\/\/betarq.com\/es\/remodelacion-de-las-gradas-vip-del-palau-sant-jordi\/#primaryimage\"},\"thumbnailUrl\":\"https:\/\/betarq.com\/wp-content\/uploads\/2020\/07\/IMG_5516-16-9-scaled.jpg\",\"articleSection\":[\"Noticias\"],\"inLanguage\":\"es\"},{\"@type\":\"WebPage\",\"@id\":\"https:\/\/betarq.com\/es\/remodelacion-de-las-gradas-vip-del-palau-sant-jordi\/\",\"url\":\"https:\/\/betarq.com\/es\/remodelacion-de-las-gradas-vip-del-palau-sant-jordi\/\",\"name\":\"Remodelaci\u00f3n de las gradas VIP del Palau Sant Jordi - Betarq\",\"isPartOf\":{\"@id\":\"https:\/\/betarq.com\/es\/#website\"},\"primaryImageOfPage\":{\"@id\":\"https:\/\/betarq.com\/es\/remodelacion-de-las-gradas-vip-del-palau-sant-jordi\/#primaryimage\"},\"image\":{\"@id\":\"https:\/\/betarq.com\/es\/remodelacion-de-las-gradas-vip-del-palau-sant-jordi\/#primaryimage\"},\"thumbnailUrl\":\"https:\/\/betarq.com\/wp-content\/uploads\/2020\/07\/IMG_5516-16-9-scaled.jpg\",\"datePublished\":\"2020-07-07T07:41:48+00:00\",\"dateModified\":\"2023-12-08T09:35:47+00:00\",\"breadcrumb\":{\"@id\":\"https:\/\/betarq.com\/es\/remodelacion-de-las-gradas-vip-del-palau-sant-jordi\/#breadcrumb\"},\"inLanguage\":\"es\",\"potentialAction\":[{\"@type\":\"ReadAction\",\"target\":[\"https:\/\/betarq.com\/es\/remodelacion-de-las-gradas-vip-del-palau-sant-jordi\/\"]}]},{\"@type\":\"ImageObject\",\"inLanguage\":\"es\",\"@id\":\"https:\/\/betarq.com\/es\/remodelacion-de-las-gradas-vip-del-palau-sant-jordi\/#primaryimage\",\"url\":\"https:\/\/betarq.com\/wp-content\/uploads\/2020\/07\/IMG_5516-16-9-scaled.jpg\",\"contentUrl\":\"https:\/\/betarq.com\/wp-content\/uploads\/2020\/07\/IMG_5516-16-9-scaled.jpg\",\"width\":2560,\"height\":1440},{\"@type\":\"BreadcrumbList\",\"@id\":\"https:\/\/betarq.com\/es\/remodelacion-de-las-gradas-vip-del-palau-sant-jordi\/#breadcrumb\",\"itemListElement\":[{\"@type\":\"ListItem\",\"position\":1,\"name\":\"Portada\",\"item\":\"https:\/\/betarq.com\/es\/\"},{\"@type\":\"ListItem\",\"position\":2,\"name\":\"Remodelaci\u00f3n de las gradas VIP del Palau Sant Jordi\"}]},{\"@type\":\"WebSite\",\"@id\":\"https:\/\/betarq.com\/es\/#website\",\"url\":\"https:\/\/betarq.com\/es\/\",\"name\":\"Betarq\",\"description\":\"\",\"publisher\":{\"@id\":\"https:\/\/betarq.com\/es\/#organization\"},\"potentialAction\":[{\"@type\":\"SearchAction\",\"target\":{\"@type\":\"EntryPoint\",\"urlTemplate\":\"https:\/\/betarq.com\/es\/?s={search_term_string}\"},\"query-input\":{\"@type\":\"PropertyValueSpecification\",\"valueRequired\":true,\"valueName\":\"search_term_string\"}}],\"inLanguage\":\"es\"},{\"@type\":\"Organization\",\"@id\":\"https:\/\/betarq.com\/es\/#organization\",\"name\":\"Betarq\",\"url\":\"https:\/\/betarq.com\/es\/\",\"logo\":{\"@type\":\"ImageObject\",\"inLanguage\":\"es\",\"@id\":\"https:\/\/betarq.com\/es\/#\/schema\/logo\/image\/\",\"url\":\"https:\/\/betarq.com\/wp-content\/uploads\/2023\/09\/logo-betarq.png\",\"contentUrl\":\"https:\/\/betarq.com\/wp-content\/uploads\/2023\/09\/logo-betarq.png\",\"width\":100,\"height\":75,\"caption\":\"Betarq\"},\"image\":{\"@id\":\"https:\/\/betarq.com\/es\/#\/schema\/logo\/image\/\"}},{\"@type\":\"Person\",\"@id\":\"https:\/\/betarq.com\/es\/#\/schema\/person\/ae0cb99ef3ff06ae78db31e143831d17\",\"name\":\"raulbofill\",\"image\":{\"@type\":\"ImageObject\",\"inLanguage\":\"es\",\"@id\":\"https:\/\/betarq.com\/es\/#\/schema\/person\/image\/\",\"url\":\"https:\/\/secure.gravatar.com\/avatar\/2a171335aeb2708e14406d8a4f57eacc3b5fd77b9b85af05e61305622ee33824?s=96&d=mm&r=g\",\"contentUrl\":\"https:\/\/secure.gravatar.com\/avatar\/2a171335aeb2708e14406d8a4f57eacc3b5fd77b9b85af05e61305622ee33824?s=96&d=mm&r=g\",\"caption\":\"raulbofill\"},\"sameAs\":[\"https:\/\/betarq.com\"],\"url\":\"https:\/\/betarq.com\/es\/author\/raulbofill\/\"}]}<\/script>\n<!-- \/ Yoast SEO plugin. -->","yoast_head_json":{"title":"Remodelaci\u00f3n de las gradas VIP del Palau Sant Jordi - Betarq","robots":{"index":"index","follow":"follow","max-snippet":"max-snippet:-1","max-image-preview":"max-image-preview:large","max-video-preview":"max-video-preview:-1"},"canonical":"https:\/\/betarq.com\/es\/remodelacion-de-las-gradas-vip-del-palau-sant-jordi\/","og_locale":"es_ES","og_type":"article","og_title":"Remodelaci\u00f3n de las gradas VIP del Palau Sant Jordi - Betarq","og_description":"El equipo de Betarq junto con el ingeniero industrial Pere Rams iniciamos los trabajos de remodelaci\u00f3n de las gradas del Palau Sant Jordi que actualmente est\u00e1n destinadas a la prensa y que pasar\u00e1 a ser tambi\u00e9n zona VIP. Estructura: Con el fin de aumentar la superficie destinada al uso de los usuarios, la profundidad de&hellip;","og_url":"https:\/\/betarq.com\/es\/remodelacion-de-las-gradas-vip-del-palau-sant-jordi\/","og_site_name":"Betarq","article_published_time":"2020-07-07T07:41:48+00:00","article_modified_time":"2023-12-08T09:35:47+00:00","og_image":[{"width":2560,"height":1440,"url":"https:\/\/betarq.com\/wp-content\/uploads\/2020\/07\/IMG_5516-16-9-scaled.jpg","type":"image\/jpeg"}],"author":"raulbofill","twitter_card":"summary_large_image","twitter_misc":{"Escrito por":"raulbofill","Tiempo de lectura":"2 minutos"},"schema":{"@context":"https:\/\/schema.org","@graph":[{"@type":"Article","@id":"https:\/\/betarq.com\/es\/remodelacion-de-las-gradas-vip-del-palau-sant-jordi\/#article","isPartOf":{"@id":"https:\/\/betarq.com\/es\/remodelacion-de-las-gradas-vip-del-palau-sant-jordi\/"},"author":{"name":"raulbofill","@id":"https:\/\/betarq.com\/es\/#\/schema\/person\/ae0cb99ef3ff06ae78db31e143831d17"},"headline":"Remodelaci\u00f3n de las gradas VIP del Palau Sant Jordi","datePublished":"2020-07-07T07:41:48+00:00","dateModified":"2023-12-08T09:35:47+00:00","mainEntityOfPage":{"@id":"https:\/\/betarq.com\/es\/remodelacion-de-las-gradas-vip-del-palau-sant-jordi\/"},"wordCount":328,"publisher":{"@id":"https:\/\/betarq.com\/es\/#organization"},"image":{"@id":"https:\/\/betarq.com\/es\/remodelacion-de-las-gradas-vip-del-palau-sant-jordi\/#primaryimage"},"thumbnailUrl":"https:\/\/betarq.com\/wp-content\/uploads\/2020\/07\/IMG_5516-16-9-scaled.jpg","articleSection":["Noticias"],"inLanguage":"es"},{"@type":"WebPage","@id":"https:\/\/betarq.com\/es\/remodelacion-de-las-gradas-vip-del-palau-sant-jordi\/","url":"https:\/\/betarq.com\/es\/remodelacion-de-las-gradas-vip-del-palau-sant-jordi\/","name":"Remodelaci\u00f3n de las gradas VIP del Palau Sant Jordi - Betarq","isPartOf":{"@id":"https:\/\/betarq.com\/es\/#website"},"primaryImageOfPage":{"@id":"https:\/\/betarq.com\/es\/remodelacion-de-las-gradas-vip-del-palau-sant-jordi\/#primaryimage"},"image":{"@id":"https:\/\/betarq.com\/es\/remodelacion-de-las-gradas-vip-del-palau-sant-jordi\/#primaryimage"},"thumbnailUrl":"https:\/\/betarq.com\/wp-content\/uploads\/2020\/07\/IMG_5516-16-9-scaled.jpg","datePublished":"2020-07-07T07:41:48+00:00","dateModified":"2023-12-08T09:35:47+00:00","breadcrumb":{"@id":"https:\/\/betarq.com\/es\/remodelacion-de-las-gradas-vip-del-palau-sant-jordi\/#breadcrumb"},"inLanguage":"es","potentialAction":[{"@type":"ReadAction","target":["https:\/\/betarq.com\/es\/remodelacion-de-las-gradas-vip-del-palau-sant-jordi\/"]}]},{"@type":"ImageObject","inLanguage":"es","@id":"https:\/\/betarq.com\/es\/remodelacion-de-las-gradas-vip-del-palau-sant-jordi\/#primaryimage","url":"https:\/\/betarq.com\/wp-content\/uploads\/2020\/07\/IMG_5516-16-9-scaled.jpg","contentUrl":"https:\/\/betarq.com\/wp-content\/uploads\/2020\/07\/IMG_5516-16-9-scaled.jpg","width":2560,"height":1440},{"@type":"BreadcrumbList","@id":"https:\/\/betarq.com\/es\/remodelacion-de-las-gradas-vip-del-palau-sant-jordi\/#breadcrumb","itemListElement":[{"@type":"ListItem","position":1,"name":"Portada","item":"https:\/\/betarq.com\/es\/"},{"@type":"ListItem","position":2,"name":"Remodelaci\u00f3n de las gradas VIP del Palau Sant Jordi"}]},{"@type":"WebSite","@id":"https:\/\/betarq.com\/es\/#website","url":"https:\/\/betarq.com\/es\/","name":"Betarq","description":"","publisher":{"@id":"https:\/\/betarq.com\/es\/#organization"},"potentialAction":[{"@type":"SearchAction","target":{"@type":"EntryPoint","urlTemplate":"https:\/\/betarq.com\/es\/?s={search_term_string}"},"query-input":{"@type":"PropertyValueSpecification","valueRequired":true,"valueName":"search_term_string"}}],"inLanguage":"es"},{"@type":"Organization","@id":"https:\/\/betarq.com\/es\/#organization","name":"Betarq","url":"https:\/\/betarq.com\/es\/","logo":{"@type":"ImageObject","inLanguage":"es","@id":"https:\/\/betarq.com\/es\/#\/schema\/logo\/image\/","url":"https:\/\/betarq.com\/wp-content\/uploads\/2023\/09\/logo-betarq.png","contentUrl":"https:\/\/betarq.com\/wp-content\/uploads\/2023\/09\/logo-betarq.png","width":100,"height":75,"caption":"Betarq"},"image":{"@id":"https:\/\/betarq.com\/es\/#\/schema\/logo\/image\/"}},{"@type":"Person","@id":"https:\/\/betarq.com\/es\/#\/schema\/person\/ae0cb99ef3ff06ae78db31e143831d17","name":"raulbofill","image":{"@type":"ImageObject","inLanguage":"es","@id":"https:\/\/betarq.com\/es\/#\/schema\/person\/image\/","url":"https:\/\/secure.gravatar.com\/avatar\/2a171335aeb2708e14406d8a4f57eacc3b5fd77b9b85af05e61305622ee33824?s=96&d=mm&r=g","contentUrl":"https:\/\/secure.gravatar.com\/avatar\/2a171335aeb2708e14406d8a4f57eacc3b5fd77b9b85af05e61305622ee33824?s=96&d=mm&r=g","caption":"raulbofill"},"sameAs":["https:\/\/betarq.com"],"url":"https:\/\/betarq.com\/es\/author\/raulbofill\/"}]}},"_links":{"self":[{"href":"https:\/\/betarq.com\/es\/wp-json\/wp\/v2\/posts\/3061","targetHints":{"allow":["GET"]}}],"collection":[{"href":"https:\/\/betarq.com\/es\/wp-json\/wp\/v2\/posts"}],"about":[{"href":"https:\/\/betarq.com\/es\/wp-json\/wp\/v2\/types\/post"}],"author":[{"embeddable":true,"href":"https:\/\/betarq.com\/es\/wp-json\/wp\/v2\/users\/1"}],"replies":[{"embeddable":true,"href":"https:\/\/betarq.com\/es\/wp-json\/wp\/v2\/comments?post=3061"}],"version-history":[{"count":1,"href":"https:\/\/betarq.com\/es\/wp-json\/wp\/v2\/posts\/3061\/revisions"}],"predecessor-version":[{"id":3646,"href":"https:\/\/betarq.com\/es\/wp-json\/wp\/v2\/posts\/3061\/revisions\/3646"}],"wp:featuredmedia":[{"embeddable":true,"href":"https:\/\/betarq.com\/es\/wp-json\/wp\/v2\/media\/2431"}],"wp:attachment":[{"href":"https:\/\/betarq.com\/es\/wp-json\/wp\/v2\/media?parent=3061"}],"wp:term":[{"taxonomy":"category","embeddable":true,"href":"https:\/\/betarq.com\/es\/wp-json\/wp\/v2\/categories?post=3061"},{"taxonomy":"post_tag","embeddable":true,"href":"https:\/\/betarq.com\/es\/wp-json\/wp\/v2\/tags?post=3061"}],"curies":[{"name":"wp","href":"https:\/\/api.w.org\/{rel}","templated":true}]}}