{"id":3858,"date":"2024-02-24T10:54:05","date_gmt":"2024-02-24T09:54:05","guid":{"rendered":"https:\/\/betarq.com\/?p=3858"},"modified":"2024-02-24T11:00:32","modified_gmt":"2024-02-24T10:00:32","slug":"construccion-de-una-promocion-de-192-viviendas-en-barcelona-para-alquiler-asequible","status":"publish","type":"post","link":"https:\/\/betarq.com\/es\/construccion-de-una-promocion-de-192-viviendas-en-barcelona-para-alquiler-asequible\/","title":{"rendered":"Betarq Group participa en la construcci\u00f3n de una promoci\u00f3n de 192 viviendas en Barcelona para alquiler asequible"},"content":{"rendered":"<p><img loading=\"lazy\" decoding=\"async\" id=\"fotoPrincipalNoticia\" class=\"\" title=\"El Incas\u00f2l compra una promoci\u00f3n de 192 viviendas en Barcelona para alquiler asequible\" src=\"https:\/\/img.europapress.es\/fotoweb\/fotonoticia_20240222123720_690.jpg\" alt=\"Imagen virtual de la futura promoci\u00f3n comprada por la Generalitat.\" width=\"772\" height=\"434\" border=\"0\" \/><\/p>\n<p>&nbsp;<\/p>\n<p>Proyecto de Lamela Arquitectos donde Betarq Group est\u00e1 realizando la Direcci\u00f3n de ejecuci\u00f3n de las Obras.<\/p>\n<p>Noticia oficial: <a href=\"https:\/\/www.europapress.es\/catalunya\/noticia-incasol-compra-promocion-192-viviendas-barcelona-alquiler-asequible-20240222123720.html\">https:\/\/www.europapress.es\/catalunya\/noticia-incasol-compra-promocion-192-viviendas-barcelona-alquiler-asequible-20240222123720.html<\/a><\/p>\n","protected":false},"excerpt":{"rendered":"<p>&nbsp; Proyecto de Lamela Arquitectos donde Betarq Group est\u00e1 realizando la Direcci\u00f3n de ejecuci\u00f3n de las Obras. Noticia oficial: https:\/\/www.europapress.es\/catalunya\/noticia-incasol-compra-promocion-192-viviendas-barcelona-alquiler-asequible-20240222123720.html<\/p>\n","protected":false},"author":2,"featured_media":3859,"comment_status":"closed","ping_status":"open","sticky":false,"template":"","format":"standard","meta":{"_acf_changed":false,"inline_featured_image":false,"_monsterinsights_skip_tracking":false,"_monsterinsights_sitenote_active":false,"_monsterinsights_sitenote_note":"","_monsterinsights_sitenote_category":0,"footnotes":""},"categories":[18],"tags":[],"class_list":["post-3858","post","type-post","status-publish","format-standard","has-post-thumbnail","hentry","category-sin-categorizar","category-18","description-off"],"acf":[],"yoast_head":"<!-- This site is optimized with the Yoast SEO plugin v27.1.1 - https:\/\/yoast.com\/product\/yoast-seo-wordpress\/ -->\n<title>Betarq Group participa en la construcci\u00f3n de una promoci\u00f3n de 192 viviendas en Barcelona para alquiler asequible - Betarq<\/title>\n<meta name=\"robots\" content=\"index, follow, max-snippet:-1, max-image-preview:large, max-video-preview:-1\" \/>\n<link rel=\"canonical\" href=\"https:\/\/betarq.com\/es\/construccion-de-una-promocion-de-192-viviendas-en-barcelona-para-alquiler-asequible\/\" \/>\n<meta property=\"og:locale\" content=\"es_ES\" \/>\n<meta property=\"og:type\" content=\"article\" \/>\n<meta property=\"og:title\" content=\"Betarq Group participa en la construcci\u00f3n de una promoci\u00f3n de 192 viviendas en Barcelona para alquiler asequible - Betarq\" \/>\n<meta property=\"og:description\" content=\"&nbsp; Proyecto de Lamela Arquitectos donde Betarq Group est\u00e1 realizando la Direcci\u00f3n de ejecuci\u00f3n de las Obras. Noticia oficial: https:\/\/www.europapress.es\/catalunya\/noticia-incasol-compra-promocion-192-viviendas-barcelona-alquiler-asequible-20240222123720.html\" \/>\n<meta property=\"og:url\" content=\"https:\/\/betarq.com\/es\/construccion-de-una-promocion-de-192-viviendas-en-barcelona-para-alquiler-asequible\/\" \/>\n<meta property=\"og:site_name\" content=\"Betarq\" \/>\n<meta property=\"article:published_time\" content=\"2024-02-24T09:54:05+00:00\" \/>\n<meta property=\"article:modified_time\" content=\"2024-02-24T10:00:32+00:00\" \/>\n<meta property=\"og:image\" content=\"https:\/\/betarq.com\/wp-content\/uploads\/2024\/02\/fotonoticia_20240222123720_690.jpg\" \/>\n\t<meta property=\"og:image:width\" content=\"690\" \/>\n\t<meta property=\"og:image:height\" content=\"388\" \/>\n\t<meta property=\"og:image:type\" content=\"image\/jpeg\" \/>\n<meta name=\"author\" content=\"Sergi\" \/>\n<meta name=\"twitter:card\" content=\"summary_large_image\" \/>\n<meta name=\"twitter:label1\" content=\"Escrito por\" \/>\n\t<meta name=\"twitter:data1\" content=\"Sergi\" \/>\n\t<meta name=\"twitter:label2\" content=\"Tiempo de lectura\" \/>\n\t<meta name=\"twitter:data2\" content=\"1 minuto\" \/>\n<script type=\"application\/ld+json\" class=\"yoast-schema-graph\">{\"@context\":\"https:\/\/schema.org\",\"@graph\":[{\"@type\":\"Article\",\"@id\":\"https:\/\/betarq.com\/es\/construccion-de-una-promocion-de-192-viviendas-en-barcelona-para-alquiler-asequible\/#article\",\"isPartOf\":{\"@id\":\"https:\/\/betarq.com\/es\/construccion-de-una-promocion-de-192-viviendas-en-barcelona-para-alquiler-asequible\/\"},\"author\":{\"name\":\"Sergi\",\"@id\":\"https:\/\/betarq.com\/es\/#\/schema\/person\/017ffc772a4d4f7713aa39af9d42dcac\"},\"headline\":\"Betarq Group participa en la construcci\u00f3n de una promoci\u00f3n de 192 viviendas en Barcelona para alquiler asequible\",\"datePublished\":\"2024-02-24T09:54:05+00:00\",\"dateModified\":\"2024-02-24T10:00:32+00:00\",\"mainEntityOfPage\":{\"@id\":\"https:\/\/betarq.com\/es\/construccion-de-una-promocion-de-192-viviendas-en-barcelona-para-alquiler-asequible\/\"},\"wordCount\":47,\"publisher\":{\"@id\":\"https:\/\/betarq.com\/es\/#organization\"},\"image\":{\"@id\":\"https:\/\/betarq.com\/es\/construccion-de-una-promocion-de-192-viviendas-en-barcelona-para-alquiler-asequible\/#primaryimage\"},\"thumbnailUrl\":\"https:\/\/betarq.com\/wp-content\/uploads\/2024\/02\/fotonoticia_20240222123720_690.jpg\",\"articleSection\":[\"Sin categorizar\"],\"inLanguage\":\"es\"},{\"@type\":\"WebPage\",\"@id\":\"https:\/\/betarq.com\/es\/construccion-de-una-promocion-de-192-viviendas-en-barcelona-para-alquiler-asequible\/\",\"url\":\"https:\/\/betarq.com\/es\/construccion-de-una-promocion-de-192-viviendas-en-barcelona-para-alquiler-asequible\/\",\"name\":\"Betarq Group participa en la construcci\u00f3n de una promoci\u00f3n de 192 viviendas en Barcelona para alquiler asequible - Betarq\",\"isPartOf\":{\"@id\":\"https:\/\/betarq.com\/es\/#website\"},\"primaryImageOfPage\":{\"@id\":\"https:\/\/betarq.com\/es\/construccion-de-una-promocion-de-192-viviendas-en-barcelona-para-alquiler-asequible\/#primaryimage\"},\"image\":{\"@id\":\"https:\/\/betarq.com\/es\/construccion-de-una-promocion-de-192-viviendas-en-barcelona-para-alquiler-asequible\/#primaryimage\"},\"thumbnailUrl\":\"https:\/\/betarq.com\/wp-content\/uploads\/2024\/02\/fotonoticia_20240222123720_690.jpg\",\"datePublished\":\"2024-02-24T09:54:05+00:00\",\"dateModified\":\"2024-02-24T10:00:32+00:00\",\"breadcrumb\":{\"@id\":\"https:\/\/betarq.com\/es\/construccion-de-una-promocion-de-192-viviendas-en-barcelona-para-alquiler-asequible\/#breadcrumb\"},\"inLanguage\":\"es\",\"potentialAction\":[{\"@type\":\"ReadAction\",\"target\":[\"https:\/\/betarq.com\/es\/construccion-de-una-promocion-de-192-viviendas-en-barcelona-para-alquiler-asequible\/\"]}]},{\"@type\":\"ImageObject\",\"inLanguage\":\"es\",\"@id\":\"https:\/\/betarq.com\/es\/construccion-de-una-promocion-de-192-viviendas-en-barcelona-para-alquiler-asequible\/#primaryimage\",\"url\":\"https:\/\/betarq.com\/wp-content\/uploads\/2024\/02\/fotonoticia_20240222123720_690.jpg\",\"contentUrl\":\"https:\/\/betarq.com\/wp-content\/uploads\/2024\/02\/fotonoticia_20240222123720_690.jpg\",\"width\":690,\"height\":388},{\"@type\":\"BreadcrumbList\",\"@id\":\"https:\/\/betarq.com\/es\/construccion-de-una-promocion-de-192-viviendas-en-barcelona-para-alquiler-asequible\/#breadcrumb\",\"itemListElement\":[{\"@type\":\"ListItem\",\"position\":1,\"name\":\"Portada\",\"item\":\"https:\/\/betarq.com\/es\/\"},{\"@type\":\"ListItem\",\"position\":2,\"name\":\"Betarq Group participa en la construcci\u00f3n de una promoci\u00f3n de 192 viviendas en Barcelona para alquiler asequible\"}]},{\"@type\":\"WebSite\",\"@id\":\"https:\/\/betarq.com\/es\/#website\",\"url\":\"https:\/\/betarq.com\/es\/\",\"name\":\"Betarq\",\"description\":\"\",\"publisher\":{\"@id\":\"https:\/\/betarq.com\/es\/#organization\"},\"potentialAction\":[{\"@type\":\"SearchAction\",\"target\":{\"@type\":\"EntryPoint\",\"urlTemplate\":\"https:\/\/betarq.com\/es\/?s={search_term_string}\"},\"query-input\":{\"@type\":\"PropertyValueSpecification\",\"valueRequired\":true,\"valueName\":\"search_term_string\"}}],\"inLanguage\":\"es\"},{\"@type\":\"Organization\",\"@id\":\"https:\/\/betarq.com\/es\/#organization\",\"name\":\"Betarq\",\"url\":\"https:\/\/betarq.com\/es\/\",\"logo\":{\"@type\":\"ImageObject\",\"inLanguage\":\"es\",\"@id\":\"https:\/\/betarq.com\/es\/#\/schema\/logo\/image\/\",\"url\":\"https:\/\/betarq.com\/wp-content\/uploads\/2023\/09\/logo-betarq.png\",\"contentUrl\":\"https:\/\/betarq.com\/wp-content\/uploads\/2023\/09\/logo-betarq.png\",\"width\":100,\"height\":75,\"caption\":\"Betarq\"},\"image\":{\"@id\":\"https:\/\/betarq.com\/es\/#\/schema\/logo\/image\/\"}},{\"@type\":\"Person\",\"@id\":\"https:\/\/betarq.com\/es\/#\/schema\/person\/017ffc772a4d4f7713aa39af9d42dcac\",\"name\":\"Sergi\",\"image\":{\"@type\":\"ImageObject\",\"inLanguage\":\"es\",\"@id\":\"https:\/\/betarq.com\/es\/#\/schema\/person\/image\/\",\"url\":\"https:\/\/secure.gravatar.com\/avatar\/1ce15b734c44e571b216965a0dfccd3f837b1efec35ae116f1d62b607078393f?s=96&d=mm&r=g\",\"contentUrl\":\"https:\/\/secure.gravatar.com\/avatar\/1ce15b734c44e571b216965a0dfccd3f837b1efec35ae116f1d62b607078393f?s=96&d=mm&r=g\",\"caption\":\"Sergi\"},\"url\":\"https:\/\/betarq.com\/es\/author\/sergi\/\"}]}<\/script>\n<!-- \/ Yoast SEO plugin. -->","yoast_head_json":{"title":"Betarq Group participa en la construcci\u00f3n de una promoci\u00f3n de 192 viviendas en Barcelona para alquiler asequible - Betarq","robots":{"index":"index","follow":"follow","max-snippet":"max-snippet:-1","max-image-preview":"max-image-preview:large","max-video-preview":"max-video-preview:-1"},"canonical":"https:\/\/betarq.com\/es\/construccion-de-una-promocion-de-192-viviendas-en-barcelona-para-alquiler-asequible\/","og_locale":"es_ES","og_type":"article","og_title":"Betarq Group participa en la construcci\u00f3n de una promoci\u00f3n de 192 viviendas en Barcelona para alquiler asequible - Betarq","og_description":"&nbsp; Proyecto de Lamela Arquitectos donde Betarq Group est\u00e1 realizando la Direcci\u00f3n de ejecuci\u00f3n de las Obras. Noticia oficial: https:\/\/www.europapress.es\/catalunya\/noticia-incasol-compra-promocion-192-viviendas-barcelona-alquiler-asequible-20240222123720.html","og_url":"https:\/\/betarq.com\/es\/construccion-de-una-promocion-de-192-viviendas-en-barcelona-para-alquiler-asequible\/","og_site_name":"Betarq","article_published_time":"2024-02-24T09:54:05+00:00","article_modified_time":"2024-02-24T10:00:32+00:00","og_image":[{"width":690,"height":388,"url":"https:\/\/betarq.com\/wp-content\/uploads\/2024\/02\/fotonoticia_20240222123720_690.jpg","type":"image\/jpeg"}],"author":"Sergi","twitter_card":"summary_large_image","twitter_misc":{"Escrito por":"Sergi","Tiempo de lectura":"1 minuto"},"schema":{"@context":"https:\/\/schema.org","@graph":[{"@type":"Article","@id":"https:\/\/betarq.com\/es\/construccion-de-una-promocion-de-192-viviendas-en-barcelona-para-alquiler-asequible\/#article","isPartOf":{"@id":"https:\/\/betarq.com\/es\/construccion-de-una-promocion-de-192-viviendas-en-barcelona-para-alquiler-asequible\/"},"author":{"name":"Sergi","@id":"https:\/\/betarq.com\/es\/#\/schema\/person\/017ffc772a4d4f7713aa39af9d42dcac"},"headline":"Betarq Group participa en la construcci\u00f3n de una promoci\u00f3n de 192 viviendas en Barcelona para alquiler asequible","datePublished":"2024-02-24T09:54:05+00:00","dateModified":"2024-02-24T10:00:32+00:00","mainEntityOfPage":{"@id":"https:\/\/betarq.com\/es\/construccion-de-una-promocion-de-192-viviendas-en-barcelona-para-alquiler-asequible\/"},"wordCount":47,"publisher":{"@id":"https:\/\/betarq.com\/es\/#organization"},"image":{"@id":"https:\/\/betarq.com\/es\/construccion-de-una-promocion-de-192-viviendas-en-barcelona-para-alquiler-asequible\/#primaryimage"},"thumbnailUrl":"https:\/\/betarq.com\/wp-content\/uploads\/2024\/02\/fotonoticia_20240222123720_690.jpg","articleSection":["Sin categorizar"],"inLanguage":"es"},{"@type":"WebPage","@id":"https:\/\/betarq.com\/es\/construccion-de-una-promocion-de-192-viviendas-en-barcelona-para-alquiler-asequible\/","url":"https:\/\/betarq.com\/es\/construccion-de-una-promocion-de-192-viviendas-en-barcelona-para-alquiler-asequible\/","name":"Betarq Group participa en la construcci\u00f3n de una promoci\u00f3n de 192 viviendas en Barcelona para alquiler asequible - Betarq","isPartOf":{"@id":"https:\/\/betarq.com\/es\/#website"},"primaryImageOfPage":{"@id":"https:\/\/betarq.com\/es\/construccion-de-una-promocion-de-192-viviendas-en-barcelona-para-alquiler-asequible\/#primaryimage"},"image":{"@id":"https:\/\/betarq.com\/es\/construccion-de-una-promocion-de-192-viviendas-en-barcelona-para-alquiler-asequible\/#primaryimage"},"thumbnailUrl":"https:\/\/betarq.com\/wp-content\/uploads\/2024\/02\/fotonoticia_20240222123720_690.jpg","datePublished":"2024-02-24T09:54:05+00:00","dateModified":"2024-02-24T10:00:32+00:00","breadcrumb":{"@id":"https:\/\/betarq.com\/es\/construccion-de-una-promocion-de-192-viviendas-en-barcelona-para-alquiler-asequible\/#breadcrumb"},"inLanguage":"es","potentialAction":[{"@type":"ReadAction","target":["https:\/\/betarq.com\/es\/construccion-de-una-promocion-de-192-viviendas-en-barcelona-para-alquiler-asequible\/"]}]},{"@type":"ImageObject","inLanguage":"es","@id":"https:\/\/betarq.com\/es\/construccion-de-una-promocion-de-192-viviendas-en-barcelona-para-alquiler-asequible\/#primaryimage","url":"https:\/\/betarq.com\/wp-content\/uploads\/2024\/02\/fotonoticia_20240222123720_690.jpg","contentUrl":"https:\/\/betarq.com\/wp-content\/uploads\/2024\/02\/fotonoticia_20240222123720_690.jpg","width":690,"height":388},{"@type":"BreadcrumbList","@id":"https:\/\/betarq.com\/es\/construccion-de-una-promocion-de-192-viviendas-en-barcelona-para-alquiler-asequible\/#breadcrumb","itemListElement":[{"@type":"ListItem","position":1,"name":"Portada","item":"https:\/\/betarq.com\/es\/"},{"@type":"ListItem","position":2,"name":"Betarq Group participa en la construcci\u00f3n de una promoci\u00f3n de 192 viviendas en Barcelona para alquiler asequible"}]},{"@type":"WebSite","@id":"https:\/\/betarq.com\/es\/#website","url":"https:\/\/betarq.com\/es\/","name":"Betarq","description":"","publisher":{"@id":"https:\/\/betarq.com\/es\/#organization"},"potentialAction":[{"@type":"SearchAction","target":{"@type":"EntryPoint","urlTemplate":"https:\/\/betarq.com\/es\/?s={search_term_string}"},"query-input":{"@type":"PropertyValueSpecification","valueRequired":true,"valueName":"search_term_string"}}],"inLanguage":"es"},{"@type":"Organization","@id":"https:\/\/betarq.com\/es\/#organization","name":"Betarq","url":"https:\/\/betarq.com\/es\/","logo":{"@type":"ImageObject","inLanguage":"es","@id":"https:\/\/betarq.com\/es\/#\/schema\/logo\/image\/","url":"https:\/\/betarq.com\/wp-content\/uploads\/2023\/09\/logo-betarq.png","contentUrl":"https:\/\/betarq.com\/wp-content\/uploads\/2023\/09\/logo-betarq.png","width":100,"height":75,"caption":"Betarq"},"image":{"@id":"https:\/\/betarq.com\/es\/#\/schema\/logo\/image\/"}},{"@type":"Person","@id":"https:\/\/betarq.com\/es\/#\/schema\/person\/017ffc772a4d4f7713aa39af9d42dcac","name":"Sergi","image":{"@type":"ImageObject","inLanguage":"es","@id":"https:\/\/betarq.com\/es\/#\/schema\/person\/image\/","url":"https:\/\/secure.gravatar.com\/avatar\/1ce15b734c44e571b216965a0dfccd3f837b1efec35ae116f1d62b607078393f?s=96&d=mm&r=g","contentUrl":"https:\/\/secure.gravatar.com\/avatar\/1ce15b734c44e571b216965a0dfccd3f837b1efec35ae116f1d62b607078393f?s=96&d=mm&r=g","caption":"Sergi"},"url":"https:\/\/betarq.com\/es\/author\/sergi\/"}]}},"_links":{"self":[{"href":"https:\/\/betarq.com\/es\/wp-json\/wp\/v2\/posts\/3858","targetHints":{"allow":["GET"]}}],"collection":[{"href":"https:\/\/betarq.com\/es\/wp-json\/wp\/v2\/posts"}],"about":[{"href":"https:\/\/betarq.com\/es\/wp-json\/wp\/v2\/types\/post"}],"author":[{"embeddable":true,"href":"https:\/\/betarq.com\/es\/wp-json\/wp\/v2\/users\/2"}],"replies":[{"embeddable":true,"href":"https:\/\/betarq.com\/es\/wp-json\/wp\/v2\/comments?post=3858"}],"version-history":[{"count":4,"href":"https:\/\/betarq.com\/es\/wp-json\/wp\/v2\/posts\/3858\/revisions"}],"predecessor-version":[{"id":3866,"href":"https:\/\/betarq.com\/es\/wp-json\/wp\/v2\/posts\/3858\/revisions\/3866"}],"wp:featuredmedia":[{"embeddable":true,"href":"https:\/\/betarq.com\/es\/wp-json\/wp\/v2\/media\/3859"}],"wp:attachment":[{"href":"https:\/\/betarq.com\/es\/wp-json\/wp\/v2\/media?parent=3858"}],"wp:term":[{"taxonomy":"category","embeddable":true,"href":"https:\/\/betarq.com\/es\/wp-json\/wp\/v2\/categories?post=3858"},{"taxonomy":"post_tag","embeddable":true,"href":"https:\/\/betarq.com\/es\/wp-json\/wp\/v2\/tags?post=3858"}],"curies":[{"name":"wp","href":"https:\/\/api.w.org\/{rel}","templated":true}]}}