{"id":3883,"date":"2024-05-01T12:54:39","date_gmt":"2024-05-01T10:54:39","guid":{"rendered":"https:\/\/betarq.com\/?p=3883"},"modified":"2024-05-19T18:38:27","modified_gmt":"2024-05-19T16:38:27","slug":"luz-verde-municipal-en-las-obras-de-construccion-de-la-futura-biblioteca-publica-del-estado-en-barcelona","status":"publish","type":"post","link":"https:\/\/betarq.com\/es\/luz-verde-municipal-en-las-obras-de-construccion-de-la-futura-biblioteca-publica-del-estado-en-barcelona\/","title":{"rendered":"Luz verde municipal en las obras de construcci\u00f3n de la futura Biblioteca P\u00fablica del Estado en Barcelona"},"content":{"rendered":"<p id=\"tw-target-text\" class=\"tw-data-text tw-text-large tw-ta\" dir=\"ltr\" data-placeholder=\"Traducci\u00f3\" aria-label=\"Text tradu\u00eft\" data-ved=\"2ahUKEwj3zOyUpeyFAxXiVqQEHTG3DrYQ3ewLegQIBRAU\"><span class=\"Y2IQFc\" lang=\"es\">Ya tenemos Licencia de Obras para la construcci\u00f3n de la futura Biblioteca P\u00fablica del Estado en Barcelona, \u200b\u200bdespu\u00e9s de tantos a\u00f1os de espera esperamos poder empezar las obras el pr\u00f3ximo a\u00f1o.<\/span><\/p>\n<p><img decoding=\"async\" src=\"https:\/\/biblioteques.gencat.cat\/web\/.content\/tematic\/noticies\/2024\/bibliobarcelona.jpg_1846101591.jpg\" alt=\"Llum verda municipal a les obres de construcci\u00f3 de la futura Biblioteca P\u00fablica de l'Estat a Barcelona\" \/><\/p>\n<p><a href=\"https:\/\/biblioteques.gencat.cat\/ca\/detalls\/Noticia\/llicenciaobresbpbcn\">https:\/\/biblioteques.gencat.cat\/ca\/detalls\/Noticia\/llicenciaobresbpbcn<\/a><\/p>\n","protected":false},"excerpt":{"rendered":"<p>Ya tenemos Licencia de Obras para la construcci\u00f3n de la futura Biblioteca P\u00fablica del Estado en Barcelona, \u200b\u200bdespu\u00e9s de tantos a\u00f1os de espera esperamos poder empezar las obras el pr\u00f3ximo a\u00f1o. https:\/\/biblioteques.gencat.cat\/ca\/detalls\/Noticia\/llicenciaobresbpbcn<\/p>\n","protected":false},"author":2,"featured_media":3887,"comment_status":"closed","ping_status":"open","sticky":false,"template":"","format":"standard","meta":{"_acf_changed":false,"inline_featured_image":false,"_monsterinsights_skip_tracking":false,"_monsterinsights_sitenote_active":false,"_monsterinsights_sitenote_note":"","_monsterinsights_sitenote_category":0,"footnotes":""},"categories":[18],"tags":[],"class_list":["post-3883","post","type-post","status-publish","format-standard","has-post-thumbnail","hentry","category-sin-categorizar","category-18","description-off"],"acf":[],"yoast_head":"<!-- This site is optimized with the Yoast SEO plugin v27.1.1 - https:\/\/yoast.com\/product\/yoast-seo-wordpress\/ -->\n<title>Luz verde municipal en las obras de construcci\u00f3n de la futura Biblioteca P\u00fablica del Estado en Barcelona - Betarq<\/title>\n<meta name=\"robots\" content=\"index, follow, max-snippet:-1, max-image-preview:large, max-video-preview:-1\" \/>\n<link rel=\"canonical\" href=\"https:\/\/betarq.com\/es\/luz-verde-municipal-en-las-obras-de-construccion-de-la-futura-biblioteca-publica-del-estado-en-barcelona\/\" \/>\n<meta property=\"og:locale\" content=\"es_ES\" \/>\n<meta property=\"og:type\" content=\"article\" \/>\n<meta property=\"og:title\" content=\"Luz verde municipal en las obras de construcci\u00f3n de la futura Biblioteca P\u00fablica del Estado en Barcelona - Betarq\" \/>\n<meta property=\"og:description\" content=\"Ya tenemos Licencia de Obras para la construcci\u00f3n de la futura Biblioteca P\u00fablica del Estado en Barcelona, \u200b\u200bdespu\u00e9s de tantos a\u00f1os de espera esperamos poder empezar las obras el pr\u00f3ximo a\u00f1o. https:\/\/biblioteques.gencat.cat\/ca\/detalls\/Noticia\/llicenciaobresbpbcn\" \/>\n<meta property=\"og:url\" content=\"https:\/\/betarq.com\/es\/luz-verde-municipal-en-las-obras-de-construccion-de-la-futura-biblioteca-publica-del-estado-en-barcelona\/\" \/>\n<meta property=\"og:site_name\" content=\"Betarq\" \/>\n<meta property=\"article:published_time\" content=\"2024-05-01T10:54:39+00:00\" \/>\n<meta property=\"article:modified_time\" content=\"2024-05-19T16:38:27+00:00\" \/>\n<meta property=\"og:image\" content=\"https:\/\/betarq.com\/wp-content\/uploads\/2024\/05\/Nou-Render-scaled.jpg\" \/>\n\t<meta property=\"og:image:width\" content=\"2560\" \/>\n\t<meta property=\"og:image:height\" content=\"1153\" \/>\n\t<meta property=\"og:image:type\" content=\"image\/jpeg\" \/>\n<meta name=\"author\" content=\"Sergi\" \/>\n<meta name=\"twitter:card\" content=\"summary_large_image\" \/>\n<meta name=\"twitter:label1\" content=\"Escrito por\" \/>\n\t<meta name=\"twitter:data1\" content=\"Sergi\" \/>\n\t<meta name=\"twitter:label2\" content=\"Tiempo de lectura\" \/>\n\t<meta name=\"twitter:data2\" content=\"1 minuto\" \/>\n<script type=\"application\/ld+json\" class=\"yoast-schema-graph\">{\"@context\":\"https:\/\/schema.org\",\"@graph\":[{\"@type\":\"Article\",\"@id\":\"https:\/\/betarq.com\/es\/luz-verde-municipal-en-las-obras-de-construccion-de-la-futura-biblioteca-publica-del-estado-en-barcelona\/#article\",\"isPartOf\":{\"@id\":\"https:\/\/betarq.com\/es\/luz-verde-municipal-en-las-obras-de-construccion-de-la-futura-biblioteca-publica-del-estado-en-barcelona\/\"},\"author\":{\"name\":\"Sergi\",\"@id\":\"https:\/\/betarq.com\/es\/#\/schema\/person\/017ffc772a4d4f7713aa39af9d42dcac\"},\"headline\":\"Luz verde municipal en las obras de construcci\u00f3n de la futura Biblioteca P\u00fablica del Estado en Barcelona\",\"datePublished\":\"2024-05-01T10:54:39+00:00\",\"dateModified\":\"2024-05-19T16:38:27+00:00\",\"mainEntityOfPage\":{\"@id\":\"https:\/\/betarq.com\/es\/luz-verde-municipal-en-las-obras-de-construccion-de-la-futura-biblioteca-publica-del-estado-en-barcelona\/\"},\"wordCount\":64,\"publisher\":{\"@id\":\"https:\/\/betarq.com\/es\/#organization\"},\"image\":{\"@id\":\"https:\/\/betarq.com\/es\/luz-verde-municipal-en-las-obras-de-construccion-de-la-futura-biblioteca-publica-del-estado-en-barcelona\/#primaryimage\"},\"thumbnailUrl\":\"https:\/\/betarq.com\/wp-content\/uploads\/2024\/05\/Nou-Render-scaled.jpg\",\"articleSection\":[\"Sin categorizar\"],\"inLanguage\":\"es\"},{\"@type\":\"WebPage\",\"@id\":\"https:\/\/betarq.com\/es\/luz-verde-municipal-en-las-obras-de-construccion-de-la-futura-biblioteca-publica-del-estado-en-barcelona\/\",\"url\":\"https:\/\/betarq.com\/es\/luz-verde-municipal-en-las-obras-de-construccion-de-la-futura-biblioteca-publica-del-estado-en-barcelona\/\",\"name\":\"Luz verde municipal en las obras de construcci\u00f3n de la futura Biblioteca P\u00fablica del Estado en Barcelona - Betarq\",\"isPartOf\":{\"@id\":\"https:\/\/betarq.com\/es\/#website\"},\"primaryImageOfPage\":{\"@id\":\"https:\/\/betarq.com\/es\/luz-verde-municipal-en-las-obras-de-construccion-de-la-futura-biblioteca-publica-del-estado-en-barcelona\/#primaryimage\"},\"image\":{\"@id\":\"https:\/\/betarq.com\/es\/luz-verde-municipal-en-las-obras-de-construccion-de-la-futura-biblioteca-publica-del-estado-en-barcelona\/#primaryimage\"},\"thumbnailUrl\":\"https:\/\/betarq.com\/wp-content\/uploads\/2024\/05\/Nou-Render-scaled.jpg\",\"datePublished\":\"2024-05-01T10:54:39+00:00\",\"dateModified\":\"2024-05-19T16:38:27+00:00\",\"breadcrumb\":{\"@id\":\"https:\/\/betarq.com\/es\/luz-verde-municipal-en-las-obras-de-construccion-de-la-futura-biblioteca-publica-del-estado-en-barcelona\/#breadcrumb\"},\"inLanguage\":\"es\",\"potentialAction\":[{\"@type\":\"ReadAction\",\"target\":[\"https:\/\/betarq.com\/es\/luz-verde-municipal-en-las-obras-de-construccion-de-la-futura-biblioteca-publica-del-estado-en-barcelona\/\"]}]},{\"@type\":\"ImageObject\",\"inLanguage\":\"es\",\"@id\":\"https:\/\/betarq.com\/es\/luz-verde-municipal-en-las-obras-de-construccion-de-la-futura-biblioteca-publica-del-estado-en-barcelona\/#primaryimage\",\"url\":\"https:\/\/betarq.com\/wp-content\/uploads\/2024\/05\/Nou-Render-scaled.jpg\",\"contentUrl\":\"https:\/\/betarq.com\/wp-content\/uploads\/2024\/05\/Nou-Render-scaled.jpg\",\"width\":2560,\"height\":1153},{\"@type\":\"BreadcrumbList\",\"@id\":\"https:\/\/betarq.com\/es\/luz-verde-municipal-en-las-obras-de-construccion-de-la-futura-biblioteca-publica-del-estado-en-barcelona\/#breadcrumb\",\"itemListElement\":[{\"@type\":\"ListItem\",\"position\":1,\"name\":\"Portada\",\"item\":\"https:\/\/betarq.com\/es\/\"},{\"@type\":\"ListItem\",\"position\":2,\"name\":\"Luz verde municipal en las obras de construcci\u00f3n de la futura Biblioteca P\u00fablica del Estado en Barcelona\"}]},{\"@type\":\"WebSite\",\"@id\":\"https:\/\/betarq.com\/es\/#website\",\"url\":\"https:\/\/betarq.com\/es\/\",\"name\":\"Betarq\",\"description\":\"\",\"publisher\":{\"@id\":\"https:\/\/betarq.com\/es\/#organization\"},\"potentialAction\":[{\"@type\":\"SearchAction\",\"target\":{\"@type\":\"EntryPoint\",\"urlTemplate\":\"https:\/\/betarq.com\/es\/?s={search_term_string}\"},\"query-input\":{\"@type\":\"PropertyValueSpecification\",\"valueRequired\":true,\"valueName\":\"search_term_string\"}}],\"inLanguage\":\"es\"},{\"@type\":\"Organization\",\"@id\":\"https:\/\/betarq.com\/es\/#organization\",\"name\":\"Betarq\",\"url\":\"https:\/\/betarq.com\/es\/\",\"logo\":{\"@type\":\"ImageObject\",\"inLanguage\":\"es\",\"@id\":\"https:\/\/betarq.com\/es\/#\/schema\/logo\/image\/\",\"url\":\"https:\/\/betarq.com\/wp-content\/uploads\/2023\/09\/logo-betarq.png\",\"contentUrl\":\"https:\/\/betarq.com\/wp-content\/uploads\/2023\/09\/logo-betarq.png\",\"width\":100,\"height\":75,\"caption\":\"Betarq\"},\"image\":{\"@id\":\"https:\/\/betarq.com\/es\/#\/schema\/logo\/image\/\"}},{\"@type\":\"Person\",\"@id\":\"https:\/\/betarq.com\/es\/#\/schema\/person\/017ffc772a4d4f7713aa39af9d42dcac\",\"name\":\"Sergi\",\"image\":{\"@type\":\"ImageObject\",\"inLanguage\":\"es\",\"@id\":\"https:\/\/betarq.com\/es\/#\/schema\/person\/image\/\",\"url\":\"https:\/\/secure.gravatar.com\/avatar\/1ce15b734c44e571b216965a0dfccd3f837b1efec35ae116f1d62b607078393f?s=96&d=mm&r=g\",\"contentUrl\":\"https:\/\/secure.gravatar.com\/avatar\/1ce15b734c44e571b216965a0dfccd3f837b1efec35ae116f1d62b607078393f?s=96&d=mm&r=g\",\"caption\":\"Sergi\"},\"url\":\"https:\/\/betarq.com\/es\/author\/sergi\/\"}]}<\/script>\n<!-- \/ Yoast SEO plugin. -->","yoast_head_json":{"title":"Luz verde municipal en las obras de construcci\u00f3n de la futura Biblioteca P\u00fablica del Estado en Barcelona - Betarq","robots":{"index":"index","follow":"follow","max-snippet":"max-snippet:-1","max-image-preview":"max-image-preview:large","max-video-preview":"max-video-preview:-1"},"canonical":"https:\/\/betarq.com\/es\/luz-verde-municipal-en-las-obras-de-construccion-de-la-futura-biblioteca-publica-del-estado-en-barcelona\/","og_locale":"es_ES","og_type":"article","og_title":"Luz verde municipal en las obras de construcci\u00f3n de la futura Biblioteca P\u00fablica del Estado en Barcelona - Betarq","og_description":"Ya tenemos Licencia de Obras para la construcci\u00f3n de la futura Biblioteca P\u00fablica del Estado en Barcelona, \u200b\u200bdespu\u00e9s de tantos a\u00f1os de espera esperamos poder empezar las obras el pr\u00f3ximo a\u00f1o. https:\/\/biblioteques.gencat.cat\/ca\/detalls\/Noticia\/llicenciaobresbpbcn","og_url":"https:\/\/betarq.com\/es\/luz-verde-municipal-en-las-obras-de-construccion-de-la-futura-biblioteca-publica-del-estado-en-barcelona\/","og_site_name":"Betarq","article_published_time":"2024-05-01T10:54:39+00:00","article_modified_time":"2024-05-19T16:38:27+00:00","og_image":[{"width":2560,"height":1153,"url":"https:\/\/betarq.com\/wp-content\/uploads\/2024\/05\/Nou-Render-scaled.jpg","type":"image\/jpeg"}],"author":"Sergi","twitter_card":"summary_large_image","twitter_misc":{"Escrito por":"Sergi","Tiempo de lectura":"1 minuto"},"schema":{"@context":"https:\/\/schema.org","@graph":[{"@type":"Article","@id":"https:\/\/betarq.com\/es\/luz-verde-municipal-en-las-obras-de-construccion-de-la-futura-biblioteca-publica-del-estado-en-barcelona\/#article","isPartOf":{"@id":"https:\/\/betarq.com\/es\/luz-verde-municipal-en-las-obras-de-construccion-de-la-futura-biblioteca-publica-del-estado-en-barcelona\/"},"author":{"name":"Sergi","@id":"https:\/\/betarq.com\/es\/#\/schema\/person\/017ffc772a4d4f7713aa39af9d42dcac"},"headline":"Luz verde municipal en las obras de construcci\u00f3n de la futura Biblioteca P\u00fablica del Estado en Barcelona","datePublished":"2024-05-01T10:54:39+00:00","dateModified":"2024-05-19T16:38:27+00:00","mainEntityOfPage":{"@id":"https:\/\/betarq.com\/es\/luz-verde-municipal-en-las-obras-de-construccion-de-la-futura-biblioteca-publica-del-estado-en-barcelona\/"},"wordCount":64,"publisher":{"@id":"https:\/\/betarq.com\/es\/#organization"},"image":{"@id":"https:\/\/betarq.com\/es\/luz-verde-municipal-en-las-obras-de-construccion-de-la-futura-biblioteca-publica-del-estado-en-barcelona\/#primaryimage"},"thumbnailUrl":"https:\/\/betarq.com\/wp-content\/uploads\/2024\/05\/Nou-Render-scaled.jpg","articleSection":["Sin categorizar"],"inLanguage":"es"},{"@type":"WebPage","@id":"https:\/\/betarq.com\/es\/luz-verde-municipal-en-las-obras-de-construccion-de-la-futura-biblioteca-publica-del-estado-en-barcelona\/","url":"https:\/\/betarq.com\/es\/luz-verde-municipal-en-las-obras-de-construccion-de-la-futura-biblioteca-publica-del-estado-en-barcelona\/","name":"Luz verde municipal en las obras de construcci\u00f3n de la futura Biblioteca P\u00fablica del Estado en Barcelona - Betarq","isPartOf":{"@id":"https:\/\/betarq.com\/es\/#website"},"primaryImageOfPage":{"@id":"https:\/\/betarq.com\/es\/luz-verde-municipal-en-las-obras-de-construccion-de-la-futura-biblioteca-publica-del-estado-en-barcelona\/#primaryimage"},"image":{"@id":"https:\/\/betarq.com\/es\/luz-verde-municipal-en-las-obras-de-construccion-de-la-futura-biblioteca-publica-del-estado-en-barcelona\/#primaryimage"},"thumbnailUrl":"https:\/\/betarq.com\/wp-content\/uploads\/2024\/05\/Nou-Render-scaled.jpg","datePublished":"2024-05-01T10:54:39+00:00","dateModified":"2024-05-19T16:38:27+00:00","breadcrumb":{"@id":"https:\/\/betarq.com\/es\/luz-verde-municipal-en-las-obras-de-construccion-de-la-futura-biblioteca-publica-del-estado-en-barcelona\/#breadcrumb"},"inLanguage":"es","potentialAction":[{"@type":"ReadAction","target":["https:\/\/betarq.com\/es\/luz-verde-municipal-en-las-obras-de-construccion-de-la-futura-biblioteca-publica-del-estado-en-barcelona\/"]}]},{"@type":"ImageObject","inLanguage":"es","@id":"https:\/\/betarq.com\/es\/luz-verde-municipal-en-las-obras-de-construccion-de-la-futura-biblioteca-publica-del-estado-en-barcelona\/#primaryimage","url":"https:\/\/betarq.com\/wp-content\/uploads\/2024\/05\/Nou-Render-scaled.jpg","contentUrl":"https:\/\/betarq.com\/wp-content\/uploads\/2024\/05\/Nou-Render-scaled.jpg","width":2560,"height":1153},{"@type":"BreadcrumbList","@id":"https:\/\/betarq.com\/es\/luz-verde-municipal-en-las-obras-de-construccion-de-la-futura-biblioteca-publica-del-estado-en-barcelona\/#breadcrumb","itemListElement":[{"@type":"ListItem","position":1,"name":"Portada","item":"https:\/\/betarq.com\/es\/"},{"@type":"ListItem","position":2,"name":"Luz verde municipal en las obras de construcci\u00f3n de la futura Biblioteca P\u00fablica del Estado en Barcelona"}]},{"@type":"WebSite","@id":"https:\/\/betarq.com\/es\/#website","url":"https:\/\/betarq.com\/es\/","name":"Betarq","description":"","publisher":{"@id":"https:\/\/betarq.com\/es\/#organization"},"potentialAction":[{"@type":"SearchAction","target":{"@type":"EntryPoint","urlTemplate":"https:\/\/betarq.com\/es\/?s={search_term_string}"},"query-input":{"@type":"PropertyValueSpecification","valueRequired":true,"valueName":"search_term_string"}}],"inLanguage":"es"},{"@type":"Organization","@id":"https:\/\/betarq.com\/es\/#organization","name":"Betarq","url":"https:\/\/betarq.com\/es\/","logo":{"@type":"ImageObject","inLanguage":"es","@id":"https:\/\/betarq.com\/es\/#\/schema\/logo\/image\/","url":"https:\/\/betarq.com\/wp-content\/uploads\/2023\/09\/logo-betarq.png","contentUrl":"https:\/\/betarq.com\/wp-content\/uploads\/2023\/09\/logo-betarq.png","width":100,"height":75,"caption":"Betarq"},"image":{"@id":"https:\/\/betarq.com\/es\/#\/schema\/logo\/image\/"}},{"@type":"Person","@id":"https:\/\/betarq.com\/es\/#\/schema\/person\/017ffc772a4d4f7713aa39af9d42dcac","name":"Sergi","image":{"@type":"ImageObject","inLanguage":"es","@id":"https:\/\/betarq.com\/es\/#\/schema\/person\/image\/","url":"https:\/\/secure.gravatar.com\/avatar\/1ce15b734c44e571b216965a0dfccd3f837b1efec35ae116f1d62b607078393f?s=96&d=mm&r=g","contentUrl":"https:\/\/secure.gravatar.com\/avatar\/1ce15b734c44e571b216965a0dfccd3f837b1efec35ae116f1d62b607078393f?s=96&d=mm&r=g","caption":"Sergi"},"url":"https:\/\/betarq.com\/es\/author\/sergi\/"}]}},"_links":{"self":[{"href":"https:\/\/betarq.com\/es\/wp-json\/wp\/v2\/posts\/3883","targetHints":{"allow":["GET"]}}],"collection":[{"href":"https:\/\/betarq.com\/es\/wp-json\/wp\/v2\/posts"}],"about":[{"href":"https:\/\/betarq.com\/es\/wp-json\/wp\/v2\/types\/post"}],"author":[{"embeddable":true,"href":"https:\/\/betarq.com\/es\/wp-json\/wp\/v2\/users\/2"}],"replies":[{"embeddable":true,"href":"https:\/\/betarq.com\/es\/wp-json\/wp\/v2\/comments?post=3883"}],"version-history":[{"count":3,"href":"https:\/\/betarq.com\/es\/wp-json\/wp\/v2\/posts\/3883\/revisions"}],"predecessor-version":[{"id":3968,"href":"https:\/\/betarq.com\/es\/wp-json\/wp\/v2\/posts\/3883\/revisions\/3968"}],"wp:featuredmedia":[{"embeddable":true,"href":"https:\/\/betarq.com\/es\/wp-json\/wp\/v2\/media\/3887"}],"wp:attachment":[{"href":"https:\/\/betarq.com\/es\/wp-json\/wp\/v2\/media?parent=3883"}],"wp:term":[{"taxonomy":"category","embeddable":true,"href":"https:\/\/betarq.com\/es\/wp-json\/wp\/v2\/categories?post=3883"},{"taxonomy":"post_tag","embeddable":true,"href":"https:\/\/betarq.com\/es\/wp-json\/wp\/v2\/tags?post=3883"}],"curies":[{"name":"wp","href":"https:\/\/api.w.org\/{rel}","templated":true}]}}