{"id":3991,"date":"2024-05-22T19:41:27","date_gmt":"2024-05-22T17:41:27","guid":{"rendered":"https:\/\/betarq.com\/?p=3991"},"modified":"2024-05-22T20:02:21","modified_gmt":"2024-05-22T18:02:21","slug":"edificio-londres-en-la-marina-del-prat-vermell-barcelona","status":"publish","type":"post","link":"https:\/\/betarq.com\/es\/edificio-londres-en-la-marina-del-prat-vermell-barcelona\/","title":{"rendered":"Edificio Londres en la Marina del Prat Vermell -Barcelona, entra en su recta final de construcci\u00f3n"},"content":{"rendered":"<p><img loading=\"lazy\" decoding=\"async\" class=\"alignnone size-medium wp-image-3974\" src=\"https:\/\/betarq.com\/wp-content\/uploads\/2024\/05\/IMG_6582-300x225.jpg\" alt=\"\" width=\"300\" height=\"225\" srcset=\"https:\/\/betarq.com\/wp-content\/uploads\/2024\/05\/IMG_6582-300x225.jpg 300w, https:\/\/betarq.com\/wp-content\/uploads\/2024\/05\/IMG_6582-768x576.jpg 768w, https:\/\/betarq.com\/wp-content\/uploads\/2024\/05\/IMG_6582.jpg 1024w\" sizes=\"auto, (max-width: 300px) 100vw, 300px\" \/><img loading=\"lazy\" decoding=\"async\" class=\"alignnone size-medium wp-image-3977\" src=\"https:\/\/betarq.com\/wp-content\/uploads\/2024\/05\/IMG_6689-300x225.jpg\" alt=\"\" width=\"300\" height=\"225\" srcset=\"https:\/\/betarq.com\/wp-content\/uploads\/2024\/05\/IMG_6689-300x225.jpg 300w, https:\/\/betarq.com\/wp-content\/uploads\/2024\/05\/IMG_6689-768x576.jpg 768w, https:\/\/betarq.com\/wp-content\/uploads\/2024\/05\/IMG_6689.jpg 1024w\" sizes=\"auto, (max-width: 300px) 100vw, 300px\" \/><\/p>\n<p>El edificio hubicado en el nuevo barrio de la Marina del Prat Vermell de Barcelona, zona industrial en transformaci\u00f3n para ser zona residencial con usos mixtos, de 210 h viviendas, de las cuales 64 son de protecci\u00f3n oficial.<\/p>\n<p>Es uno de los primeros edificios en ser certificados con el m\u00e9todo del DGNB-system en Espa\u00f1a, donde se ha realizado una apuesta por la climatizaci\u00f3n pasiva, mediante la distribuci\u00f3n de las plantas que garanticen que un 28% del total de las viviendas tengan ventilaci\u00f3n cruzada, teniendo como esquema tipol\u00f3gico el pasillo de acceso central con viviendas a los dos lados.<\/p>\n<p>&nbsp;<\/p>\n<p>\ud83c\udfe0 AQ-Acentor, Promotor<br \/>\n<a href=\"https:\/\/www.b01arquitectes.com\/arc_project\/edifici-londres\/\">\ud83d\udc77 B01 arquitectes, Proyecto y Direcci\u00f3n De Obra<\/a><br \/>\n\ud83d\udc77 ON-a, Proyecto y Direcci\u00f3n De Obra<br \/>\n\ud83c\udfd7\ufe0f Vias Constructora<br \/>\n\ud83d\udc77 Betarq Group, Direcci\u00f3n De Execuci\u00f3n<br \/>\n\ud83d\udcd0 OTHERSTRUCTURES, Proyecto y DO estructura<br \/>\n\u267b\ufe0f Wattia Innova SL, Proyecto y DO Instalaciones<\/p>\n","protected":false},"excerpt":{"rendered":"<p>Edificio hubicado en el nuevo barrio de la Marina del Prat Vermell de Barcelona, zona industrial en transformaci\u00f3n para ser zona residencial con usos mixtos, de 210 h viviendas, de las cuales 64 son de protecci\u00f3n oficial.<\/p>\n","protected":false},"author":2,"featured_media":3979,"comment_status":"closed","ping_status":"open","sticky":false,"template":"","format":"standard","meta":{"_acf_changed":false,"inline_featured_image":false,"_monsterinsights_skip_tracking":false,"_monsterinsights_sitenote_active":false,"_monsterinsights_sitenote_note":"","_monsterinsights_sitenote_category":0,"footnotes":""},"categories":[18],"tags":[],"class_list":["post-3991","post","type-post","status-publish","format-standard","has-post-thumbnail","hentry","category-sin-categorizar","category-18","description-off"],"acf":[],"yoast_head":"<!-- This site is optimized with the Yoast SEO plugin v27.1.1 - https:\/\/yoast.com\/product\/yoast-seo-wordpress\/ -->\n<title>Edificio Londres en la Marina del Prat Vermell -Barcelona, entra en su recta final de construcci\u00f3n - Betarq<\/title>\n<meta name=\"robots\" content=\"index, follow, max-snippet:-1, max-image-preview:large, max-video-preview:-1\" \/>\n<link rel=\"canonical\" href=\"https:\/\/betarq.com\/es\/edificio-londres-en-la-marina-del-prat-vermell-barcelona\/\" \/>\n<meta property=\"og:locale\" content=\"es_ES\" \/>\n<meta property=\"og:type\" content=\"article\" \/>\n<meta property=\"og:title\" content=\"Edificio Londres en la Marina del Prat Vermell -Barcelona, entra en su recta final de construcci\u00f3n - Betarq\" \/>\n<meta property=\"og:description\" content=\"Edificio hubicado en el nuevo barrio de la Marina del Prat Vermell de Barcelona, zona industrial en transformaci\u00f3n para ser zona residencial con usos mixtos, de 210 h viviendas, de las cuales 64 son de protecci\u00f3n oficial.\" \/>\n<meta property=\"og:url\" content=\"https:\/\/betarq.com\/es\/edificio-londres-en-la-marina-del-prat-vermell-barcelona\/\" \/>\n<meta property=\"og:site_name\" content=\"Betarq\" \/>\n<meta property=\"article:published_time\" content=\"2024-05-22T17:41:27+00:00\" \/>\n<meta property=\"article:modified_time\" content=\"2024-05-22T18:02:21+00:00\" \/>\n<meta property=\"og:image\" content=\"https:\/\/betarq.com\/wp-content\/uploads\/2024\/05\/IMG_6689.jpg\" \/>\n\t<meta property=\"og:image:width\" content=\"1024\" \/>\n\t<meta property=\"og:image:height\" content=\"768\" \/>\n\t<meta property=\"og:image:type\" content=\"image\/jpeg\" \/>\n<meta name=\"author\" content=\"Sergi\" \/>\n<meta name=\"twitter:card\" content=\"summary_large_image\" \/>\n<meta name=\"twitter:label1\" content=\"Escrito por\" \/>\n\t<meta name=\"twitter:data1\" content=\"Sergi\" \/>\n\t<meta name=\"twitter:label2\" content=\"Tiempo de lectura\" \/>\n\t<meta name=\"twitter:data2\" content=\"2 minutos\" \/>\n<script type=\"application\/ld+json\" class=\"yoast-schema-graph\">{\"@context\":\"https:\/\/schema.org\",\"@graph\":[{\"@type\":\"Article\",\"@id\":\"https:\/\/betarq.com\/es\/edificio-londres-en-la-marina-del-prat-vermell-barcelona\/#article\",\"isPartOf\":{\"@id\":\"https:\/\/betarq.com\/es\/edificio-londres-en-la-marina-del-prat-vermell-barcelona\/\"},\"author\":{\"name\":\"Sergi\",\"@id\":\"https:\/\/betarq.com\/es\/#\/schema\/person\/017ffc772a4d4f7713aa39af9d42dcac\"},\"headline\":\"Edificio Londres en la Marina del Prat Vermell -Barcelona, entra en su recta final de construcci\u00f3n\",\"datePublished\":\"2024-05-22T17:41:27+00:00\",\"dateModified\":\"2024-05-22T18:02:21+00:00\",\"mainEntityOfPage\":{\"@id\":\"https:\/\/betarq.com\/es\/edificio-londres-en-la-marina-del-prat-vermell-barcelona\/\"},\"wordCount\":159,\"publisher\":{\"@id\":\"https:\/\/betarq.com\/es\/#organization\"},\"image\":{\"@id\":\"https:\/\/betarq.com\/es\/edificio-londres-en-la-marina-del-prat-vermell-barcelona\/#primaryimage\"},\"thumbnailUrl\":\"https:\/\/betarq.com\/wp-content\/uploads\/2024\/05\/IMG_6689.jpg\",\"articleSection\":[\"Sin categorizar\"],\"inLanguage\":\"es\"},{\"@type\":\"WebPage\",\"@id\":\"https:\/\/betarq.com\/es\/edificio-londres-en-la-marina-del-prat-vermell-barcelona\/\",\"url\":\"https:\/\/betarq.com\/es\/edificio-londres-en-la-marina-del-prat-vermell-barcelona\/\",\"name\":\"Edificio Londres en la Marina del Prat Vermell -Barcelona, entra en su recta final de construcci\u00f3n - Betarq\",\"isPartOf\":{\"@id\":\"https:\/\/betarq.com\/es\/#website\"},\"primaryImageOfPage\":{\"@id\":\"https:\/\/betarq.com\/es\/edificio-londres-en-la-marina-del-prat-vermell-barcelona\/#primaryimage\"},\"image\":{\"@id\":\"https:\/\/betarq.com\/es\/edificio-londres-en-la-marina-del-prat-vermell-barcelona\/#primaryimage\"},\"thumbnailUrl\":\"https:\/\/betarq.com\/wp-content\/uploads\/2024\/05\/IMG_6689.jpg\",\"datePublished\":\"2024-05-22T17:41:27+00:00\",\"dateModified\":\"2024-05-22T18:02:21+00:00\",\"breadcrumb\":{\"@id\":\"https:\/\/betarq.com\/es\/edificio-londres-en-la-marina-del-prat-vermell-barcelona\/#breadcrumb\"},\"inLanguage\":\"es\",\"potentialAction\":[{\"@type\":\"ReadAction\",\"target\":[\"https:\/\/betarq.com\/es\/edificio-londres-en-la-marina-del-prat-vermell-barcelona\/\"]}]},{\"@type\":\"ImageObject\",\"inLanguage\":\"es\",\"@id\":\"https:\/\/betarq.com\/es\/edificio-londres-en-la-marina-del-prat-vermell-barcelona\/#primaryimage\",\"url\":\"https:\/\/betarq.com\/wp-content\/uploads\/2024\/05\/IMG_6689.jpg\",\"contentUrl\":\"https:\/\/betarq.com\/wp-content\/uploads\/2024\/05\/IMG_6689.jpg\",\"width\":1024,\"height\":768},{\"@type\":\"BreadcrumbList\",\"@id\":\"https:\/\/betarq.com\/es\/edificio-londres-en-la-marina-del-prat-vermell-barcelona\/#breadcrumb\",\"itemListElement\":[{\"@type\":\"ListItem\",\"position\":1,\"name\":\"Portada\",\"item\":\"https:\/\/betarq.com\/es\/\"},{\"@type\":\"ListItem\",\"position\":2,\"name\":\"Edificio Londres en la Marina del Prat Vermell -Barcelona, entra en su recta final de construcci\u00f3n\"}]},{\"@type\":\"WebSite\",\"@id\":\"https:\/\/betarq.com\/es\/#website\",\"url\":\"https:\/\/betarq.com\/es\/\",\"name\":\"Betarq\",\"description\":\"\",\"publisher\":{\"@id\":\"https:\/\/betarq.com\/es\/#organization\"},\"potentialAction\":[{\"@type\":\"SearchAction\",\"target\":{\"@type\":\"EntryPoint\",\"urlTemplate\":\"https:\/\/betarq.com\/es\/?s={search_term_string}\"},\"query-input\":{\"@type\":\"PropertyValueSpecification\",\"valueRequired\":true,\"valueName\":\"search_term_string\"}}],\"inLanguage\":\"es\"},{\"@type\":\"Organization\",\"@id\":\"https:\/\/betarq.com\/es\/#organization\",\"name\":\"Betarq\",\"url\":\"https:\/\/betarq.com\/es\/\",\"logo\":{\"@type\":\"ImageObject\",\"inLanguage\":\"es\",\"@id\":\"https:\/\/betarq.com\/es\/#\/schema\/logo\/image\/\",\"url\":\"https:\/\/betarq.com\/wp-content\/uploads\/2023\/09\/logo-betarq.png\",\"contentUrl\":\"https:\/\/betarq.com\/wp-content\/uploads\/2023\/09\/logo-betarq.png\",\"width\":100,\"height\":75,\"caption\":\"Betarq\"},\"image\":{\"@id\":\"https:\/\/betarq.com\/es\/#\/schema\/logo\/image\/\"}},{\"@type\":\"Person\",\"@id\":\"https:\/\/betarq.com\/es\/#\/schema\/person\/017ffc772a4d4f7713aa39af9d42dcac\",\"name\":\"Sergi\",\"image\":{\"@type\":\"ImageObject\",\"inLanguage\":\"es\",\"@id\":\"https:\/\/betarq.com\/es\/#\/schema\/person\/image\/\",\"url\":\"https:\/\/secure.gravatar.com\/avatar\/1ce15b734c44e571b216965a0dfccd3f837b1efec35ae116f1d62b607078393f?s=96&d=mm&r=g\",\"contentUrl\":\"https:\/\/secure.gravatar.com\/avatar\/1ce15b734c44e571b216965a0dfccd3f837b1efec35ae116f1d62b607078393f?s=96&d=mm&r=g\",\"caption\":\"Sergi\"},\"url\":\"https:\/\/betarq.com\/es\/author\/sergi\/\"}]}<\/script>\n<!-- \/ Yoast SEO plugin. -->","yoast_head_json":{"title":"Edificio Londres en la Marina del Prat Vermell -Barcelona, entra en su recta final de construcci\u00f3n - Betarq","robots":{"index":"index","follow":"follow","max-snippet":"max-snippet:-1","max-image-preview":"max-image-preview:large","max-video-preview":"max-video-preview:-1"},"canonical":"https:\/\/betarq.com\/es\/edificio-londres-en-la-marina-del-prat-vermell-barcelona\/","og_locale":"es_ES","og_type":"article","og_title":"Edificio Londres en la Marina del Prat Vermell -Barcelona, entra en su recta final de construcci\u00f3n - Betarq","og_description":"Edificio hubicado en el nuevo barrio de la Marina del Prat Vermell de Barcelona, zona industrial en transformaci\u00f3n para ser zona residencial con usos mixtos, de 210 h viviendas, de las cuales 64 son de protecci\u00f3n oficial.","og_url":"https:\/\/betarq.com\/es\/edificio-londres-en-la-marina-del-prat-vermell-barcelona\/","og_site_name":"Betarq","article_published_time":"2024-05-22T17:41:27+00:00","article_modified_time":"2024-05-22T18:02:21+00:00","og_image":[{"width":1024,"height":768,"url":"https:\/\/betarq.com\/wp-content\/uploads\/2024\/05\/IMG_6689.jpg","type":"image\/jpeg"}],"author":"Sergi","twitter_card":"summary_large_image","twitter_misc":{"Escrito por":"Sergi","Tiempo de lectura":"2 minutos"},"schema":{"@context":"https:\/\/schema.org","@graph":[{"@type":"Article","@id":"https:\/\/betarq.com\/es\/edificio-londres-en-la-marina-del-prat-vermell-barcelona\/#article","isPartOf":{"@id":"https:\/\/betarq.com\/es\/edificio-londres-en-la-marina-del-prat-vermell-barcelona\/"},"author":{"name":"Sergi","@id":"https:\/\/betarq.com\/es\/#\/schema\/person\/017ffc772a4d4f7713aa39af9d42dcac"},"headline":"Edificio Londres en la Marina del Prat Vermell -Barcelona, entra en su recta final de construcci\u00f3n","datePublished":"2024-05-22T17:41:27+00:00","dateModified":"2024-05-22T18:02:21+00:00","mainEntityOfPage":{"@id":"https:\/\/betarq.com\/es\/edificio-londres-en-la-marina-del-prat-vermell-barcelona\/"},"wordCount":159,"publisher":{"@id":"https:\/\/betarq.com\/es\/#organization"},"image":{"@id":"https:\/\/betarq.com\/es\/edificio-londres-en-la-marina-del-prat-vermell-barcelona\/#primaryimage"},"thumbnailUrl":"https:\/\/betarq.com\/wp-content\/uploads\/2024\/05\/IMG_6689.jpg","articleSection":["Sin categorizar"],"inLanguage":"es"},{"@type":"WebPage","@id":"https:\/\/betarq.com\/es\/edificio-londres-en-la-marina-del-prat-vermell-barcelona\/","url":"https:\/\/betarq.com\/es\/edificio-londres-en-la-marina-del-prat-vermell-barcelona\/","name":"Edificio Londres en la Marina del Prat Vermell -Barcelona, entra en su recta final de construcci\u00f3n - Betarq","isPartOf":{"@id":"https:\/\/betarq.com\/es\/#website"},"primaryImageOfPage":{"@id":"https:\/\/betarq.com\/es\/edificio-londres-en-la-marina-del-prat-vermell-barcelona\/#primaryimage"},"image":{"@id":"https:\/\/betarq.com\/es\/edificio-londres-en-la-marina-del-prat-vermell-barcelona\/#primaryimage"},"thumbnailUrl":"https:\/\/betarq.com\/wp-content\/uploads\/2024\/05\/IMG_6689.jpg","datePublished":"2024-05-22T17:41:27+00:00","dateModified":"2024-05-22T18:02:21+00:00","breadcrumb":{"@id":"https:\/\/betarq.com\/es\/edificio-londres-en-la-marina-del-prat-vermell-barcelona\/#breadcrumb"},"inLanguage":"es","potentialAction":[{"@type":"ReadAction","target":["https:\/\/betarq.com\/es\/edificio-londres-en-la-marina-del-prat-vermell-barcelona\/"]}]},{"@type":"ImageObject","inLanguage":"es","@id":"https:\/\/betarq.com\/es\/edificio-londres-en-la-marina-del-prat-vermell-barcelona\/#primaryimage","url":"https:\/\/betarq.com\/wp-content\/uploads\/2024\/05\/IMG_6689.jpg","contentUrl":"https:\/\/betarq.com\/wp-content\/uploads\/2024\/05\/IMG_6689.jpg","width":1024,"height":768},{"@type":"BreadcrumbList","@id":"https:\/\/betarq.com\/es\/edificio-londres-en-la-marina-del-prat-vermell-barcelona\/#breadcrumb","itemListElement":[{"@type":"ListItem","position":1,"name":"Portada","item":"https:\/\/betarq.com\/es\/"},{"@type":"ListItem","position":2,"name":"Edificio Londres en la Marina del Prat Vermell -Barcelona, entra en su recta final de construcci\u00f3n"}]},{"@type":"WebSite","@id":"https:\/\/betarq.com\/es\/#website","url":"https:\/\/betarq.com\/es\/","name":"Betarq","description":"","publisher":{"@id":"https:\/\/betarq.com\/es\/#organization"},"potentialAction":[{"@type":"SearchAction","target":{"@type":"EntryPoint","urlTemplate":"https:\/\/betarq.com\/es\/?s={search_term_string}"},"query-input":{"@type":"PropertyValueSpecification","valueRequired":true,"valueName":"search_term_string"}}],"inLanguage":"es"},{"@type":"Organization","@id":"https:\/\/betarq.com\/es\/#organization","name":"Betarq","url":"https:\/\/betarq.com\/es\/","logo":{"@type":"ImageObject","inLanguage":"es","@id":"https:\/\/betarq.com\/es\/#\/schema\/logo\/image\/","url":"https:\/\/betarq.com\/wp-content\/uploads\/2023\/09\/logo-betarq.png","contentUrl":"https:\/\/betarq.com\/wp-content\/uploads\/2023\/09\/logo-betarq.png","width":100,"height":75,"caption":"Betarq"},"image":{"@id":"https:\/\/betarq.com\/es\/#\/schema\/logo\/image\/"}},{"@type":"Person","@id":"https:\/\/betarq.com\/es\/#\/schema\/person\/017ffc772a4d4f7713aa39af9d42dcac","name":"Sergi","image":{"@type":"ImageObject","inLanguage":"es","@id":"https:\/\/betarq.com\/es\/#\/schema\/person\/image\/","url":"https:\/\/secure.gravatar.com\/avatar\/1ce15b734c44e571b216965a0dfccd3f837b1efec35ae116f1d62b607078393f?s=96&d=mm&r=g","contentUrl":"https:\/\/secure.gravatar.com\/avatar\/1ce15b734c44e571b216965a0dfccd3f837b1efec35ae116f1d62b607078393f?s=96&d=mm&r=g","caption":"Sergi"},"url":"https:\/\/betarq.com\/es\/author\/sergi\/"}]}},"_links":{"self":[{"href":"https:\/\/betarq.com\/es\/wp-json\/wp\/v2\/posts\/3991","targetHints":{"allow":["GET"]}}],"collection":[{"href":"https:\/\/betarq.com\/es\/wp-json\/wp\/v2\/posts"}],"about":[{"href":"https:\/\/betarq.com\/es\/wp-json\/wp\/v2\/types\/post"}],"author":[{"embeddable":true,"href":"https:\/\/betarq.com\/es\/wp-json\/wp\/v2\/users\/2"}],"replies":[{"embeddable":true,"href":"https:\/\/betarq.com\/es\/wp-json\/wp\/v2\/comments?post=3991"}],"version-history":[{"count":4,"href":"https:\/\/betarq.com\/es\/wp-json\/wp\/v2\/posts\/3991\/revisions"}],"predecessor-version":[{"id":3996,"href":"https:\/\/betarq.com\/es\/wp-json\/wp\/v2\/posts\/3991\/revisions\/3996"}],"wp:featuredmedia":[{"embeddable":true,"href":"https:\/\/betarq.com\/es\/wp-json\/wp\/v2\/media\/3979"}],"wp:attachment":[{"href":"https:\/\/betarq.com\/es\/wp-json\/wp\/v2\/media?parent=3991"}],"wp:term":[{"taxonomy":"category","embeddable":true,"href":"https:\/\/betarq.com\/es\/wp-json\/wp\/v2\/categories?post=3991"},{"taxonomy":"post_tag","embeddable":true,"href":"https:\/\/betarq.com\/es\/wp-json\/wp\/v2\/tags?post=3991"}],"curies":[{"name":"wp","href":"https:\/\/api.w.org\/{rel}","templated":true}]}}