{"id":4010,"date":"2024-05-27T18:54:44","date_gmt":"2024-05-27T16:54:44","guid":{"rendered":"https:\/\/betarq.com\/?p=4010"},"modified":"2024-05-27T19:34:01","modified_gmt":"2024-05-27T17:34:01","slug":"betarq-group-finalista-en-los-premios-catalunya-construccio","status":"publish","type":"post","link":"https:\/\/betarq.com\/es\/betarq-group-finalista-en-los-premios-catalunya-construccio\/","title":{"rendered":"La Candidatura Betarq Group &#8211; Bach Arquitectes, finalista en los XXI Premios Catalunya Construcci\u00f3"},"content":{"rendered":"<p><a href=\"https:\/\/www.cateb.cat\/22-candidatures-finalistes-als-xxi-premis-catalunya-construccio\/\"><img loading=\"lazy\" decoding=\"async\" class=\"alignnone wp-image-4007 size-medium\" src=\"https:\/\/betarq.com\/wp-content\/uploads\/2024\/05\/01_La-Nit-de-la-Construccio-scaled-1-e1716829412918-300x230.jpg\" alt=\"\" width=\"300\" height=\"230\" srcset=\"https:\/\/betarq.com\/wp-content\/uploads\/2024\/05\/01_La-Nit-de-la-Construccio-scaled-1-e1716829412918-300x230.jpg 300w, https:\/\/betarq.com\/wp-content\/uploads\/2024\/05\/01_La-Nit-de-la-Construccio-scaled-1-e1716829412918-1024x784.jpg 1024w, https:\/\/betarq.com\/wp-content\/uploads\/2024\/05\/01_La-Nit-de-la-Construccio-scaled-1-e1716829412918-768x588.jpg 768w, https:\/\/betarq.com\/wp-content\/uploads\/2024\/05\/01_La-Nit-de-la-Construccio-scaled-1-e1716829412918-1536x1176.jpg 1536w, https:\/\/betarq.com\/wp-content\/uploads\/2024\/05\/01_La-Nit-de-la-Construccio-scaled-1-e1716829412918.jpg 1897w\" sizes=\"auto, (max-width: 300px) 100vw, 300px\" \/><\/a><\/p>\n<p>La candidatura, Betarq Group &#8211; Bach Arquitectes, Finalsita de los XXI Premios Catalunya Construcci\u00f3 por la Rehabilitaci\u00f3n de la Casa Alesan , Categoria Rehabilitaci\u00f3 Patrimonial<\/p>\n<p><a href=\"https:\/\/betarq.com\/es\/proyectos\/passeig-sant-joan-110\/\"><img loading=\"lazy\" decoding=\"async\" class=\"alignnone size-medium wp-image-3757\" src=\"https:\/\/betarq.com\/wp-content\/uploads\/2023\/11\/Casa-Alesan-Bach-Arquitectes-DiarioDesign-fachada-modernista-210x300.jpg\" alt=\"\" width=\"210\" height=\"300\" srcset=\"https:\/\/betarq.com\/wp-content\/uploads\/2023\/11\/Casa-Alesan-Bach-Arquitectes-DiarioDesign-fachada-modernista-210x300.jpg 210w, https:\/\/betarq.com\/wp-content\/uploads\/2023\/11\/Casa-Alesan-Bach-Arquitectes-DiarioDesign-fachada-modernista.jpg 621w\" sizes=\"auto, (max-width: 210px) 100vw, 210px\" \/><\/a><img loading=\"lazy\" decoding=\"async\" class=\"alignnone size-medium wp-image-3733\" src=\"https:\/\/betarq.com\/wp-content\/uploads\/2023\/11\/StJoan110_27-scaled-1-300x200.jpg\" alt=\"\" width=\"300\" height=\"200\" srcset=\"https:\/\/betarq.com\/wp-content\/uploads\/2023\/11\/StJoan110_27-scaled-1-300x200.jpg 300w, https:\/\/betarq.com\/wp-content\/uploads\/2023\/11\/StJoan110_27-scaled-1-1024x683.jpg 1024w, https:\/\/betarq.com\/wp-content\/uploads\/2023\/11\/StJoan110_27-scaled-1-768x512.jpg 768w, https:\/\/betarq.com\/wp-content\/uploads\/2023\/11\/StJoan110_27-scaled-1-1536x1024.jpg 1536w, https:\/\/betarq.com\/wp-content\/uploads\/2023\/11\/StJoan110_27-scaled-1-2048x1366.jpg 2048w\" sizes=\"auto, (max-width: 300px) 100vw, 300px\" \/><\/p>\n","protected":false},"excerpt":{"rendered":"<p>La candidatura, Betarq Group &#8211; Bach Arquitectes, Finalsita de los XXI Premios Catalunya Construcci\u00f3 por la Rehabilitaci\u00f3n de la Casa Alesan , Categoria Rehabilitaci\u00f3 Patrimonial<\/p>\n","protected":false},"author":2,"featured_media":4007,"comment_status":"closed","ping_status":"open","sticky":false,"template":"","format":"standard","meta":{"_acf_changed":false,"inline_featured_image":false,"_monsterinsights_skip_tracking":false,"_monsterinsights_sitenote_active":false,"_monsterinsights_sitenote_note":"","_monsterinsights_sitenote_category":0,"footnotes":""},"categories":[18],"tags":[],"class_list":["post-4010","post","type-post","status-publish","format-standard","has-post-thumbnail","hentry","category-sin-categorizar","category-18","description-off"],"acf":[],"yoast_head":"<!-- This site is optimized with the Yoast SEO plugin v27.1.1 - https:\/\/yoast.com\/product\/yoast-seo-wordpress\/ -->\n<title>La Candidatura Betarq Group - Bach Arquitectes, finalista en los XXI Premios Catalunya Construcci\u00f3 - Betarq<\/title>\n<meta name=\"robots\" content=\"index, follow, max-snippet:-1, max-image-preview:large, max-video-preview:-1\" \/>\n<link rel=\"canonical\" href=\"https:\/\/betarq.com\/es\/betarq-group-finalista-en-los-premios-catalunya-construccio\/\" \/>\n<meta property=\"og:locale\" content=\"es_ES\" \/>\n<meta property=\"og:type\" content=\"article\" \/>\n<meta property=\"og:title\" content=\"La Candidatura Betarq Group - Bach Arquitectes, finalista en los XXI Premios Catalunya Construcci\u00f3 - Betarq\" \/>\n<meta property=\"og:description\" content=\"La candidatura, Betarq Group - Bach Arquitectes, Finalsita de los XXI Premios Catalunya Construcci\u00f3 por la Rehabilitaci\u00f3n de la Casa Alesan , Categoria Rehabilitaci\u00f3 Patrimonial\" \/>\n<meta property=\"og:url\" content=\"https:\/\/betarq.com\/es\/betarq-group-finalista-en-los-premios-catalunya-construccio\/\" \/>\n<meta property=\"og:site_name\" content=\"Betarq\" \/>\n<meta property=\"article:published_time\" content=\"2024-05-27T16:54:44+00:00\" \/>\n<meta property=\"article:modified_time\" content=\"2024-05-27T17:34:01+00:00\" \/>\n<meta property=\"og:image\" content=\"https:\/\/betarq.com\/wp-content\/uploads\/2024\/05\/01_La-Nit-de-la-Construccio-scaled-1-e1716829412918.jpg\" \/>\n\t<meta property=\"og:image:width\" content=\"1897\" \/>\n\t<meta property=\"og:image:height\" content=\"1452\" \/>\n\t<meta property=\"og:image:type\" content=\"image\/jpeg\" \/>\n<meta name=\"author\" content=\"Sergi\" \/>\n<meta name=\"twitter:card\" content=\"summary_large_image\" \/>\n<meta name=\"twitter:label1\" content=\"Escrito por\" \/>\n\t<meta name=\"twitter:data1\" content=\"Sergi\" \/>\n\t<meta name=\"twitter:label2\" content=\"Tiempo de lectura\" \/>\n\t<meta name=\"twitter:data2\" content=\"1 minuto\" \/>\n<script type=\"application\/ld+json\" class=\"yoast-schema-graph\">{\"@context\":\"https:\/\/schema.org\",\"@graph\":[{\"@type\":\"Article\",\"@id\":\"https:\/\/betarq.com\/es\/betarq-group-finalista-en-los-premios-catalunya-construccio\/#article\",\"isPartOf\":{\"@id\":\"https:\/\/betarq.com\/es\/betarq-group-finalista-en-los-premios-catalunya-construccio\/\"},\"author\":{\"name\":\"Sergi\",\"@id\":\"https:\/\/betarq.com\/es\/#\/schema\/person\/017ffc772a4d4f7713aa39af9d42dcac\"},\"headline\":\"La Candidatura Betarq Group &#8211; Bach Arquitectes, finalista en los XXI Premios Catalunya Construcci\u00f3\",\"datePublished\":\"2024-05-27T16:54:44+00:00\",\"dateModified\":\"2024-05-27T17:34:01+00:00\",\"mainEntityOfPage\":{\"@id\":\"https:\/\/betarq.com\/es\/betarq-group-finalista-en-los-premios-catalunya-construccio\/\"},\"wordCount\":39,\"publisher\":{\"@id\":\"https:\/\/betarq.com\/es\/#organization\"},\"image\":{\"@id\":\"https:\/\/betarq.com\/es\/betarq-group-finalista-en-los-premios-catalunya-construccio\/#primaryimage\"},\"thumbnailUrl\":\"https:\/\/betarq.com\/wp-content\/uploads\/2024\/05\/01_La-Nit-de-la-Construccio-scaled-1-e1716829412918.jpg\",\"articleSection\":[\"Sin categorizar\"],\"inLanguage\":\"es\"},{\"@type\":\"WebPage\",\"@id\":\"https:\/\/betarq.com\/es\/betarq-group-finalista-en-los-premios-catalunya-construccio\/\",\"url\":\"https:\/\/betarq.com\/es\/betarq-group-finalista-en-los-premios-catalunya-construccio\/\",\"name\":\"La Candidatura Betarq Group - Bach Arquitectes, finalista en los XXI Premios Catalunya Construcci\u00f3 - Betarq\",\"isPartOf\":{\"@id\":\"https:\/\/betarq.com\/es\/#website\"},\"primaryImageOfPage\":{\"@id\":\"https:\/\/betarq.com\/es\/betarq-group-finalista-en-los-premios-catalunya-construccio\/#primaryimage\"},\"image\":{\"@id\":\"https:\/\/betarq.com\/es\/betarq-group-finalista-en-los-premios-catalunya-construccio\/#primaryimage\"},\"thumbnailUrl\":\"https:\/\/betarq.com\/wp-content\/uploads\/2024\/05\/01_La-Nit-de-la-Construccio-scaled-1-e1716829412918.jpg\",\"datePublished\":\"2024-05-27T16:54:44+00:00\",\"dateModified\":\"2024-05-27T17:34:01+00:00\",\"breadcrumb\":{\"@id\":\"https:\/\/betarq.com\/es\/betarq-group-finalista-en-los-premios-catalunya-construccio\/#breadcrumb\"},\"inLanguage\":\"es\",\"potentialAction\":[{\"@type\":\"ReadAction\",\"target\":[\"https:\/\/betarq.com\/es\/betarq-group-finalista-en-los-premios-catalunya-construccio\/\"]}]},{\"@type\":\"ImageObject\",\"inLanguage\":\"es\",\"@id\":\"https:\/\/betarq.com\/es\/betarq-group-finalista-en-los-premios-catalunya-construccio\/#primaryimage\",\"url\":\"https:\/\/betarq.com\/wp-content\/uploads\/2024\/05\/01_La-Nit-de-la-Construccio-scaled-1-e1716829412918.jpg\",\"contentUrl\":\"https:\/\/betarq.com\/wp-content\/uploads\/2024\/05\/01_La-Nit-de-la-Construccio-scaled-1-e1716829412918.jpg\",\"width\":1897,\"height\":1452},{\"@type\":\"BreadcrumbList\",\"@id\":\"https:\/\/betarq.com\/es\/betarq-group-finalista-en-los-premios-catalunya-construccio\/#breadcrumb\",\"itemListElement\":[{\"@type\":\"ListItem\",\"position\":1,\"name\":\"Portada\",\"item\":\"https:\/\/betarq.com\/es\/\"},{\"@type\":\"ListItem\",\"position\":2,\"name\":\"La Candidatura Betarq Group &#8211; Bach Arquitectes, finalista en los XXI Premios Catalunya Construcci\u00f3\"}]},{\"@type\":\"WebSite\",\"@id\":\"https:\/\/betarq.com\/es\/#website\",\"url\":\"https:\/\/betarq.com\/es\/\",\"name\":\"Betarq\",\"description\":\"\",\"publisher\":{\"@id\":\"https:\/\/betarq.com\/es\/#organization\"},\"potentialAction\":[{\"@type\":\"SearchAction\",\"target\":{\"@type\":\"EntryPoint\",\"urlTemplate\":\"https:\/\/betarq.com\/es\/?s={search_term_string}\"},\"query-input\":{\"@type\":\"PropertyValueSpecification\",\"valueRequired\":true,\"valueName\":\"search_term_string\"}}],\"inLanguage\":\"es\"},{\"@type\":\"Organization\",\"@id\":\"https:\/\/betarq.com\/es\/#organization\",\"name\":\"Betarq\",\"url\":\"https:\/\/betarq.com\/es\/\",\"logo\":{\"@type\":\"ImageObject\",\"inLanguage\":\"es\",\"@id\":\"https:\/\/betarq.com\/es\/#\/schema\/logo\/image\/\",\"url\":\"https:\/\/betarq.com\/wp-content\/uploads\/2023\/09\/logo-betarq.png\",\"contentUrl\":\"https:\/\/betarq.com\/wp-content\/uploads\/2023\/09\/logo-betarq.png\",\"width\":100,\"height\":75,\"caption\":\"Betarq\"},\"image\":{\"@id\":\"https:\/\/betarq.com\/es\/#\/schema\/logo\/image\/\"}},{\"@type\":\"Person\",\"@id\":\"https:\/\/betarq.com\/es\/#\/schema\/person\/017ffc772a4d4f7713aa39af9d42dcac\",\"name\":\"Sergi\",\"image\":{\"@type\":\"ImageObject\",\"inLanguage\":\"es\",\"@id\":\"https:\/\/betarq.com\/es\/#\/schema\/person\/image\/\",\"url\":\"https:\/\/secure.gravatar.com\/avatar\/1ce15b734c44e571b216965a0dfccd3f837b1efec35ae116f1d62b607078393f?s=96&d=mm&r=g\",\"contentUrl\":\"https:\/\/secure.gravatar.com\/avatar\/1ce15b734c44e571b216965a0dfccd3f837b1efec35ae116f1d62b607078393f?s=96&d=mm&r=g\",\"caption\":\"Sergi\"},\"url\":\"https:\/\/betarq.com\/es\/author\/sergi\/\"}]}<\/script>\n<!-- \/ Yoast SEO plugin. -->","yoast_head_json":{"title":"La Candidatura Betarq Group - Bach Arquitectes, finalista en los XXI Premios Catalunya Construcci\u00f3 - Betarq","robots":{"index":"index","follow":"follow","max-snippet":"max-snippet:-1","max-image-preview":"max-image-preview:large","max-video-preview":"max-video-preview:-1"},"canonical":"https:\/\/betarq.com\/es\/betarq-group-finalista-en-los-premios-catalunya-construccio\/","og_locale":"es_ES","og_type":"article","og_title":"La Candidatura Betarq Group - Bach Arquitectes, finalista en los XXI Premios Catalunya Construcci\u00f3 - Betarq","og_description":"La candidatura, Betarq Group - Bach Arquitectes, Finalsita de los XXI Premios Catalunya Construcci\u00f3 por la Rehabilitaci\u00f3n de la Casa Alesan , Categoria Rehabilitaci\u00f3 Patrimonial","og_url":"https:\/\/betarq.com\/es\/betarq-group-finalista-en-los-premios-catalunya-construccio\/","og_site_name":"Betarq","article_published_time":"2024-05-27T16:54:44+00:00","article_modified_time":"2024-05-27T17:34:01+00:00","og_image":[{"width":1897,"height":1452,"url":"https:\/\/betarq.com\/wp-content\/uploads\/2024\/05\/01_La-Nit-de-la-Construccio-scaled-1-e1716829412918.jpg","type":"image\/jpeg"}],"author":"Sergi","twitter_card":"summary_large_image","twitter_misc":{"Escrito por":"Sergi","Tiempo de lectura":"1 minuto"},"schema":{"@context":"https:\/\/schema.org","@graph":[{"@type":"Article","@id":"https:\/\/betarq.com\/es\/betarq-group-finalista-en-los-premios-catalunya-construccio\/#article","isPartOf":{"@id":"https:\/\/betarq.com\/es\/betarq-group-finalista-en-los-premios-catalunya-construccio\/"},"author":{"name":"Sergi","@id":"https:\/\/betarq.com\/es\/#\/schema\/person\/017ffc772a4d4f7713aa39af9d42dcac"},"headline":"La Candidatura Betarq Group &#8211; Bach Arquitectes, finalista en los XXI Premios Catalunya Construcci\u00f3","datePublished":"2024-05-27T16:54:44+00:00","dateModified":"2024-05-27T17:34:01+00:00","mainEntityOfPage":{"@id":"https:\/\/betarq.com\/es\/betarq-group-finalista-en-los-premios-catalunya-construccio\/"},"wordCount":39,"publisher":{"@id":"https:\/\/betarq.com\/es\/#organization"},"image":{"@id":"https:\/\/betarq.com\/es\/betarq-group-finalista-en-los-premios-catalunya-construccio\/#primaryimage"},"thumbnailUrl":"https:\/\/betarq.com\/wp-content\/uploads\/2024\/05\/01_La-Nit-de-la-Construccio-scaled-1-e1716829412918.jpg","articleSection":["Sin categorizar"],"inLanguage":"es"},{"@type":"WebPage","@id":"https:\/\/betarq.com\/es\/betarq-group-finalista-en-los-premios-catalunya-construccio\/","url":"https:\/\/betarq.com\/es\/betarq-group-finalista-en-los-premios-catalunya-construccio\/","name":"La Candidatura Betarq Group - Bach Arquitectes, finalista en los XXI Premios Catalunya Construcci\u00f3 - Betarq","isPartOf":{"@id":"https:\/\/betarq.com\/es\/#website"},"primaryImageOfPage":{"@id":"https:\/\/betarq.com\/es\/betarq-group-finalista-en-los-premios-catalunya-construccio\/#primaryimage"},"image":{"@id":"https:\/\/betarq.com\/es\/betarq-group-finalista-en-los-premios-catalunya-construccio\/#primaryimage"},"thumbnailUrl":"https:\/\/betarq.com\/wp-content\/uploads\/2024\/05\/01_La-Nit-de-la-Construccio-scaled-1-e1716829412918.jpg","datePublished":"2024-05-27T16:54:44+00:00","dateModified":"2024-05-27T17:34:01+00:00","breadcrumb":{"@id":"https:\/\/betarq.com\/es\/betarq-group-finalista-en-los-premios-catalunya-construccio\/#breadcrumb"},"inLanguage":"es","potentialAction":[{"@type":"ReadAction","target":["https:\/\/betarq.com\/es\/betarq-group-finalista-en-los-premios-catalunya-construccio\/"]}]},{"@type":"ImageObject","inLanguage":"es","@id":"https:\/\/betarq.com\/es\/betarq-group-finalista-en-los-premios-catalunya-construccio\/#primaryimage","url":"https:\/\/betarq.com\/wp-content\/uploads\/2024\/05\/01_La-Nit-de-la-Construccio-scaled-1-e1716829412918.jpg","contentUrl":"https:\/\/betarq.com\/wp-content\/uploads\/2024\/05\/01_La-Nit-de-la-Construccio-scaled-1-e1716829412918.jpg","width":1897,"height":1452},{"@type":"BreadcrumbList","@id":"https:\/\/betarq.com\/es\/betarq-group-finalista-en-los-premios-catalunya-construccio\/#breadcrumb","itemListElement":[{"@type":"ListItem","position":1,"name":"Portada","item":"https:\/\/betarq.com\/es\/"},{"@type":"ListItem","position":2,"name":"La Candidatura Betarq Group &#8211; Bach Arquitectes, finalista en los XXI Premios Catalunya Construcci\u00f3"}]},{"@type":"WebSite","@id":"https:\/\/betarq.com\/es\/#website","url":"https:\/\/betarq.com\/es\/","name":"Betarq","description":"","publisher":{"@id":"https:\/\/betarq.com\/es\/#organization"},"potentialAction":[{"@type":"SearchAction","target":{"@type":"EntryPoint","urlTemplate":"https:\/\/betarq.com\/es\/?s={search_term_string}"},"query-input":{"@type":"PropertyValueSpecification","valueRequired":true,"valueName":"search_term_string"}}],"inLanguage":"es"},{"@type":"Organization","@id":"https:\/\/betarq.com\/es\/#organization","name":"Betarq","url":"https:\/\/betarq.com\/es\/","logo":{"@type":"ImageObject","inLanguage":"es","@id":"https:\/\/betarq.com\/es\/#\/schema\/logo\/image\/","url":"https:\/\/betarq.com\/wp-content\/uploads\/2023\/09\/logo-betarq.png","contentUrl":"https:\/\/betarq.com\/wp-content\/uploads\/2023\/09\/logo-betarq.png","width":100,"height":75,"caption":"Betarq"},"image":{"@id":"https:\/\/betarq.com\/es\/#\/schema\/logo\/image\/"}},{"@type":"Person","@id":"https:\/\/betarq.com\/es\/#\/schema\/person\/017ffc772a4d4f7713aa39af9d42dcac","name":"Sergi","image":{"@type":"ImageObject","inLanguage":"es","@id":"https:\/\/betarq.com\/es\/#\/schema\/person\/image\/","url":"https:\/\/secure.gravatar.com\/avatar\/1ce15b734c44e571b216965a0dfccd3f837b1efec35ae116f1d62b607078393f?s=96&d=mm&r=g","contentUrl":"https:\/\/secure.gravatar.com\/avatar\/1ce15b734c44e571b216965a0dfccd3f837b1efec35ae116f1d62b607078393f?s=96&d=mm&r=g","caption":"Sergi"},"url":"https:\/\/betarq.com\/es\/author\/sergi\/"}]}},"_links":{"self":[{"href":"https:\/\/betarq.com\/es\/wp-json\/wp\/v2\/posts\/4010","targetHints":{"allow":["GET"]}}],"collection":[{"href":"https:\/\/betarq.com\/es\/wp-json\/wp\/v2\/posts"}],"about":[{"href":"https:\/\/betarq.com\/es\/wp-json\/wp\/v2\/types\/post"}],"author":[{"embeddable":true,"href":"https:\/\/betarq.com\/es\/wp-json\/wp\/v2\/users\/2"}],"replies":[{"embeddable":true,"href":"https:\/\/betarq.com\/es\/wp-json\/wp\/v2\/comments?post=4010"}],"version-history":[{"count":9,"href":"https:\/\/betarq.com\/es\/wp-json\/wp\/v2\/posts\/4010\/revisions"}],"predecessor-version":[{"id":4025,"href":"https:\/\/betarq.com\/es\/wp-json\/wp\/v2\/posts\/4010\/revisions\/4025"}],"wp:featuredmedia":[{"embeddable":true,"href":"https:\/\/betarq.com\/es\/wp-json\/wp\/v2\/media\/4007"}],"wp:attachment":[{"href":"https:\/\/betarq.com\/es\/wp-json\/wp\/v2\/media?parent=4010"}],"wp:term":[{"taxonomy":"category","embeddable":true,"href":"https:\/\/betarq.com\/es\/wp-json\/wp\/v2\/categories?post=4010"},{"taxonomy":"post_tag","embeddable":true,"href":"https:\/\/betarq.com\/es\/wp-json\/wp\/v2\/tags?post=4010"}],"curies":[{"name":"wp","href":"https:\/\/api.w.org\/{rel}","templated":true}]}}