{"id":4253,"date":"2024-09-28T20:02:13","date_gmt":"2024-09-28T18:02:13","guid":{"rendered":"https:\/\/betarq.com\/?p=4253"},"modified":"2024-10-12T19:34:05","modified_gmt":"2024-10-12T17:34:05","slug":"el-ayuntamiento-de-barcelona-ha-aprobado-inicialmente-el-proyecto-ejecutivo-de-renovacion-y-mejora-de-los-espacios-y-los-servicios-de-la-estacion-de-autobuses-barcelona-nord","status":"publish","type":"post","link":"https:\/\/betarq.com\/es\/el-ayuntamiento-de-barcelona-ha-aprobado-inicialmente-el-proyecto-ejecutivo-de-renovacion-y-mejora-de-los-espacios-y-los-servicios-de-la-estacion-de-autobuses-barcelona-nord\/","title":{"rendered":"El Ayuntamiento de Barcelona ha aprobado inicialmente el proyecto ejecutivo de renovaci\u00f3n y mejora de los espacios y los servicios de\u00a0la Estaci\u00f3n de Autobuses Barcelona Nord."},"content":{"rendered":"<p><img loading=\"lazy\" decoding=\"async\" class=\"alignnone size-medium wp-image-4286\" src=\"https:\/\/betarq.com\/wp-content\/uploads\/2024\/09\/ESTACIO-NORD_View07_-300x188.jpg\" alt=\"\" width=\"300\" height=\"188\" srcset=\"https:\/\/betarq.com\/wp-content\/uploads\/2024\/09\/ESTACIO-NORD_View07_-300x188.jpg 300w, https:\/\/betarq.com\/wp-content\/uploads\/2024\/09\/ESTACIO-NORD_View07_-1024x640.jpg 1024w, https:\/\/betarq.com\/wp-content\/uploads\/2024\/09\/ESTACIO-NORD_View07_-768x480.jpg 768w, https:\/\/betarq.com\/wp-content\/uploads\/2024\/09\/ESTACIO-NORD_View07_-1536x960.jpg 1536w, https:\/\/betarq.com\/wp-content\/uploads\/2024\/09\/ESTACIO-NORD_View07_-2048x1280.jpg 2048w\" sizes=\"auto, (max-width: 300px) 100vw, 300px\" \/><img loading=\"lazy\" decoding=\"async\" class=\"alignnone size-medium wp-image-4283\" src=\"https:\/\/betarq.com\/wp-content\/uploads\/2024\/09\/ESTACIO-NORD_View06_-300x188.jpg\" alt=\"\" width=\"300\" height=\"188\" srcset=\"https:\/\/betarq.com\/wp-content\/uploads\/2024\/09\/ESTACIO-NORD_View06_-300x188.jpg 300w, https:\/\/betarq.com\/wp-content\/uploads\/2024\/09\/ESTACIO-NORD_View06_-1024x640.jpg 1024w, https:\/\/betarq.com\/wp-content\/uploads\/2024\/09\/ESTACIO-NORD_View06_-768x480.jpg 768w, https:\/\/betarq.com\/wp-content\/uploads\/2024\/09\/ESTACIO-NORD_View06_-1536x960.jpg 1536w, https:\/\/betarq.com\/wp-content\/uploads\/2024\/09\/ESTACIO-NORD_View06_-2048x1280.jpg 2048w\" sizes=\"auto, (max-width: 300px) 100vw, 300px\" \/><img loading=\"lazy\" decoding=\"async\" class=\"alignnone size-medium wp-image-4280\" src=\"https:\/\/betarq.com\/wp-content\/uploads\/2024\/09\/ESTACIO-NORD_View05_-300x188.jpg\" alt=\"\" width=\"300\" height=\"188\" srcset=\"https:\/\/betarq.com\/wp-content\/uploads\/2024\/09\/ESTACIO-NORD_View05_-300x188.jpg 300w, https:\/\/betarq.com\/wp-content\/uploads\/2024\/09\/ESTACIO-NORD_View05_-1024x640.jpg 1024w, https:\/\/betarq.com\/wp-content\/uploads\/2024\/09\/ESTACIO-NORD_View05_-768x480.jpg 768w, https:\/\/betarq.com\/wp-content\/uploads\/2024\/09\/ESTACIO-NORD_View05_-1536x960.jpg 1536w, https:\/\/betarq.com\/wp-content\/uploads\/2024\/09\/ESTACIO-NORD_View05_-2048x1280.jpg 2048w\" sizes=\"auto, (max-width: 300px) 100vw, 300px\" \/><img loading=\"lazy\" decoding=\"async\" class=\"alignnone size-medium wp-image-4277\" src=\"https:\/\/betarq.com\/wp-content\/uploads\/2024\/09\/ESTACIO-NORD_View04_-300x188.jpg\" alt=\"\" width=\"300\" height=\"188\" srcset=\"https:\/\/betarq.com\/wp-content\/uploads\/2024\/09\/ESTACIO-NORD_View04_-300x188.jpg 300w, https:\/\/betarq.com\/wp-content\/uploads\/2024\/09\/ESTACIO-NORD_View04_-1024x640.jpg 1024w, https:\/\/betarq.com\/wp-content\/uploads\/2024\/09\/ESTACIO-NORD_View04_-768x480.jpg 768w, https:\/\/betarq.com\/wp-content\/uploads\/2024\/09\/ESTACIO-NORD_View04_-1536x960.jpg 1536w, https:\/\/betarq.com\/wp-content\/uploads\/2024\/09\/ESTACIO-NORD_View04_-2048x1280.jpg 2048w\" sizes=\"auto, (max-width: 300px) 100vw, 300px\" \/><img loading=\"lazy\" decoding=\"async\" class=\"alignnone size-medium wp-image-4274\" src=\"https:\/\/betarq.com\/wp-content\/uploads\/2024\/09\/ESTACIO-NORD_View03_-300x188.jpg\" alt=\"\" width=\"300\" height=\"188\" srcset=\"https:\/\/betarq.com\/wp-content\/uploads\/2024\/09\/ESTACIO-NORD_View03_-300x188.jpg 300w, https:\/\/betarq.com\/wp-content\/uploads\/2024\/09\/ESTACIO-NORD_View03_-1024x640.jpg 1024w, https:\/\/betarq.com\/wp-content\/uploads\/2024\/09\/ESTACIO-NORD_View03_-768x480.jpg 768w, https:\/\/betarq.com\/wp-content\/uploads\/2024\/09\/ESTACIO-NORD_View03_-1536x960.jpg 1536w, https:\/\/betarq.com\/wp-content\/uploads\/2024\/09\/ESTACIO-NORD_View03_-2048x1280.jpg 2048w\" sizes=\"auto, (max-width: 300px) 100vw, 300px\" \/><img loading=\"lazy\" decoding=\"async\" class=\"alignnone size-medium wp-image-4268\" src=\"https:\/\/betarq.com\/wp-content\/uploads\/2024\/09\/ESTACIO-NORD_View01_-300x188.jpg\" alt=\"\" width=\"300\" height=\"188\" srcset=\"https:\/\/betarq.com\/wp-content\/uploads\/2024\/09\/ESTACIO-NORD_View01_-300x188.jpg 300w, https:\/\/betarq.com\/wp-content\/uploads\/2024\/09\/ESTACIO-NORD_View01_-1024x640.jpg 1024w, https:\/\/betarq.com\/wp-content\/uploads\/2024\/09\/ESTACIO-NORD_View01_-768x480.jpg 768w, https:\/\/betarq.com\/wp-content\/uploads\/2024\/09\/ESTACIO-NORD_View01_-1536x960.jpg 1536w, https:\/\/betarq.com\/wp-content\/uploads\/2024\/09\/ESTACIO-NORD_View01_-2048x1280.jpg 2048w\" sizes=\"auto, (max-width: 300px) 100vw, 300px\" \/><\/p>\n<p>El proyecto, de Betarq Group y PRC promovido y gestionado por Barcelona de Servicios Municipales (BSM), permitir\u00e1 iniciar una nueva fase de adecuaci\u00f3n de la estaci\u00f3n con el objetivo de seguir garantizando la mejor experiencia para los viajeros y las empresas de transporte usuarias.<\/p>\n","protected":false},"excerpt":{"rendered":"<p>El proyecto, de Betarq Group y PRC promovido y gestionado por Barcelona de Servicios Municipales (BSM), permitir\u00e1 iniciar una nueva fase de adecuaci\u00f3n de la estaci\u00f3n con el objetivo de seguir garantizando la mejor experiencia para los viajeros y las empresas de transporte usuarias.<\/p>\n","protected":false},"author":2,"featured_media":4280,"comment_status":"closed","ping_status":"open","sticky":false,"template":"","format":"standard","meta":{"_acf_changed":false,"inline_featured_image":false,"_monsterinsights_skip_tracking":false,"_monsterinsights_sitenote_active":false,"_monsterinsights_sitenote_note":"","_monsterinsights_sitenote_category":0,"footnotes":""},"categories":[18],"tags":[],"class_list":["post-4253","post","type-post","status-publish","format-standard","has-post-thumbnail","hentry","category-sin-categorizar","category-18","description-off"],"acf":[],"yoast_head":"<!-- This site is optimized with the Yoast SEO plugin v27.1.1 - https:\/\/yoast.com\/product\/yoast-seo-wordpress\/ -->\n<title>El Ayuntamiento de Barcelona ha aprobado inicialmente el proyecto ejecutivo de renovaci\u00f3n y mejora de los espacios y los servicios de\u00a0la Estaci\u00f3n de Autobuses Barcelona Nord. - Betarq<\/title>\n<meta name=\"robots\" content=\"index, follow, max-snippet:-1, max-image-preview:large, max-video-preview:-1\" \/>\n<link rel=\"canonical\" href=\"https:\/\/betarq.com\/es\/el-ayuntamiento-de-barcelona-ha-aprobado-inicialmente-el-proyecto-ejecutivo-de-renovacion-y-mejora-de-los-espacios-y-los-servicios-de-la-estacion-de-autobuses-barcelona-nord\/\" \/>\n<meta property=\"og:locale\" content=\"es_ES\" \/>\n<meta property=\"og:type\" content=\"article\" \/>\n<meta property=\"og:title\" content=\"El Ayuntamiento de Barcelona ha aprobado inicialmente el proyecto ejecutivo de renovaci\u00f3n y mejora de los espacios y los servicios de\u00a0la Estaci\u00f3n de Autobuses Barcelona Nord. - Betarq\" \/>\n<meta property=\"og:description\" content=\"El proyecto, de Betarq Group y PRC promovido y gestionado por Barcelona de Servicios Municipales (BSM), permitir\u00e1 iniciar una nueva fase de adecuaci\u00f3n de la estaci\u00f3n con el objetivo de seguir garantizando la mejor experiencia para los viajeros y las empresas de transporte usuarias.\" \/>\n<meta property=\"og:url\" content=\"https:\/\/betarq.com\/es\/el-ayuntamiento-de-barcelona-ha-aprobado-inicialmente-el-proyecto-ejecutivo-de-renovacion-y-mejora-de-los-espacios-y-los-servicios-de-la-estacion-de-autobuses-barcelona-nord\/\" \/>\n<meta property=\"og:site_name\" content=\"Betarq\" \/>\n<meta property=\"article:published_time\" content=\"2024-09-28T18:02:13+00:00\" \/>\n<meta property=\"article:modified_time\" content=\"2024-10-12T17:34:05+00:00\" \/>\n<meta property=\"og:image\" content=\"https:\/\/betarq.com\/wp-content\/uploads\/2024\/09\/ESTACIO-NORD_View05_-scaled.jpg\" \/>\n\t<meta property=\"og:image:width\" content=\"2560\" \/>\n\t<meta property=\"og:image:height\" content=\"1600\" \/>\n\t<meta property=\"og:image:type\" content=\"image\/jpeg\" \/>\n<meta name=\"author\" content=\"Sergi\" \/>\n<meta name=\"twitter:card\" content=\"summary_large_image\" \/>\n<meta name=\"twitter:label1\" content=\"Escrito por\" \/>\n\t<meta name=\"twitter:data1\" content=\"Sergi\" \/>\n\t<meta name=\"twitter:label2\" content=\"Tiempo de lectura\" \/>\n\t<meta name=\"twitter:data2\" content=\"2 minutos\" \/>\n<script type=\"application\/ld+json\" class=\"yoast-schema-graph\">{\"@context\":\"https:\/\/schema.org\",\"@graph\":[{\"@type\":\"Article\",\"@id\":\"https:\/\/betarq.com\/es\/el-ayuntamiento-de-barcelona-ha-aprobado-inicialmente-el-proyecto-ejecutivo-de-renovacion-y-mejora-de-los-espacios-y-los-servicios-de-la-estacion-de-autobuses-barcelona-nord\/#article\",\"isPartOf\":{\"@id\":\"https:\/\/betarq.com\/es\/el-ayuntamiento-de-barcelona-ha-aprobado-inicialmente-el-proyecto-ejecutivo-de-renovacion-y-mejora-de-los-espacios-y-los-servicios-de-la-estacion-de-autobuses-barcelona-nord\/\"},\"author\":{\"name\":\"Sergi\",\"@id\":\"https:\/\/betarq.com\/es\/#\/schema\/person\/017ffc772a4d4f7713aa39af9d42dcac\"},\"headline\":\"El Ayuntamiento de Barcelona ha aprobado inicialmente el proyecto ejecutivo de renovaci\u00f3n y mejora de los espacios y los servicios de\u00a0la Estaci\u00f3n de Autobuses Barcelona Nord.\",\"datePublished\":\"2024-09-28T18:02:13+00:00\",\"dateModified\":\"2024-10-12T17:34:05+00:00\",\"mainEntityOfPage\":{\"@id\":\"https:\/\/betarq.com\/es\/el-ayuntamiento-de-barcelona-ha-aprobado-inicialmente-el-proyecto-ejecutivo-de-renovacion-y-mejora-de-los-espacios-y-los-servicios-de-la-estacion-de-autobuses-barcelona-nord\/\"},\"wordCount\":75,\"publisher\":{\"@id\":\"https:\/\/betarq.com\/es\/#organization\"},\"image\":{\"@id\":\"https:\/\/betarq.com\/es\/el-ayuntamiento-de-barcelona-ha-aprobado-inicialmente-el-proyecto-ejecutivo-de-renovacion-y-mejora-de-los-espacios-y-los-servicios-de-la-estacion-de-autobuses-barcelona-nord\/#primaryimage\"},\"thumbnailUrl\":\"https:\/\/betarq.com\/wp-content\/uploads\/2024\/09\/ESTACIO-NORD_View05_-scaled.jpg\",\"articleSection\":[\"Sin categorizar\"],\"inLanguage\":\"es\"},{\"@type\":\"WebPage\",\"@id\":\"https:\/\/betarq.com\/es\/el-ayuntamiento-de-barcelona-ha-aprobado-inicialmente-el-proyecto-ejecutivo-de-renovacion-y-mejora-de-los-espacios-y-los-servicios-de-la-estacion-de-autobuses-barcelona-nord\/\",\"url\":\"https:\/\/betarq.com\/es\/el-ayuntamiento-de-barcelona-ha-aprobado-inicialmente-el-proyecto-ejecutivo-de-renovacion-y-mejora-de-los-espacios-y-los-servicios-de-la-estacion-de-autobuses-barcelona-nord\/\",\"name\":\"El Ayuntamiento de Barcelona ha aprobado inicialmente el proyecto ejecutivo de renovaci\u00f3n y mejora de los espacios y los servicios de\u00a0la Estaci\u00f3n de Autobuses Barcelona Nord. - Betarq\",\"isPartOf\":{\"@id\":\"https:\/\/betarq.com\/es\/#website\"},\"primaryImageOfPage\":{\"@id\":\"https:\/\/betarq.com\/es\/el-ayuntamiento-de-barcelona-ha-aprobado-inicialmente-el-proyecto-ejecutivo-de-renovacion-y-mejora-de-los-espacios-y-los-servicios-de-la-estacion-de-autobuses-barcelona-nord\/#primaryimage\"},\"image\":{\"@id\":\"https:\/\/betarq.com\/es\/el-ayuntamiento-de-barcelona-ha-aprobado-inicialmente-el-proyecto-ejecutivo-de-renovacion-y-mejora-de-los-espacios-y-los-servicios-de-la-estacion-de-autobuses-barcelona-nord\/#primaryimage\"},\"thumbnailUrl\":\"https:\/\/betarq.com\/wp-content\/uploads\/2024\/09\/ESTACIO-NORD_View05_-scaled.jpg\",\"datePublished\":\"2024-09-28T18:02:13+00:00\",\"dateModified\":\"2024-10-12T17:34:05+00:00\",\"breadcrumb\":{\"@id\":\"https:\/\/betarq.com\/es\/el-ayuntamiento-de-barcelona-ha-aprobado-inicialmente-el-proyecto-ejecutivo-de-renovacion-y-mejora-de-los-espacios-y-los-servicios-de-la-estacion-de-autobuses-barcelona-nord\/#breadcrumb\"},\"inLanguage\":\"es\",\"potentialAction\":[{\"@type\":\"ReadAction\",\"target\":[\"https:\/\/betarq.com\/es\/el-ayuntamiento-de-barcelona-ha-aprobado-inicialmente-el-proyecto-ejecutivo-de-renovacion-y-mejora-de-los-espacios-y-los-servicios-de-la-estacion-de-autobuses-barcelona-nord\/\"]}]},{\"@type\":\"ImageObject\",\"inLanguage\":\"es\",\"@id\":\"https:\/\/betarq.com\/es\/el-ayuntamiento-de-barcelona-ha-aprobado-inicialmente-el-proyecto-ejecutivo-de-renovacion-y-mejora-de-los-espacios-y-los-servicios-de-la-estacion-de-autobuses-barcelona-nord\/#primaryimage\",\"url\":\"https:\/\/betarq.com\/wp-content\/uploads\/2024\/09\/ESTACIO-NORD_View05_-scaled.jpg\",\"contentUrl\":\"https:\/\/betarq.com\/wp-content\/uploads\/2024\/09\/ESTACIO-NORD_View05_-scaled.jpg\",\"width\":2560,\"height\":1600},{\"@type\":\"BreadcrumbList\",\"@id\":\"https:\/\/betarq.com\/es\/el-ayuntamiento-de-barcelona-ha-aprobado-inicialmente-el-proyecto-ejecutivo-de-renovacion-y-mejora-de-los-espacios-y-los-servicios-de-la-estacion-de-autobuses-barcelona-nord\/#breadcrumb\",\"itemListElement\":[{\"@type\":\"ListItem\",\"position\":1,\"name\":\"Portada\",\"item\":\"https:\/\/betarq.com\/es\/\"},{\"@type\":\"ListItem\",\"position\":2,\"name\":\"El Ayuntamiento de Barcelona ha aprobado inicialmente el proyecto ejecutivo de renovaci\u00f3n y mejora de los espacios y los servicios de\u00a0la Estaci\u00f3n de Autobuses Barcelona Nord.\"}]},{\"@type\":\"WebSite\",\"@id\":\"https:\/\/betarq.com\/es\/#website\",\"url\":\"https:\/\/betarq.com\/es\/\",\"name\":\"Betarq\",\"description\":\"\",\"publisher\":{\"@id\":\"https:\/\/betarq.com\/es\/#organization\"},\"potentialAction\":[{\"@type\":\"SearchAction\",\"target\":{\"@type\":\"EntryPoint\",\"urlTemplate\":\"https:\/\/betarq.com\/es\/?s={search_term_string}\"},\"query-input\":{\"@type\":\"PropertyValueSpecification\",\"valueRequired\":true,\"valueName\":\"search_term_string\"}}],\"inLanguage\":\"es\"},{\"@type\":\"Organization\",\"@id\":\"https:\/\/betarq.com\/es\/#organization\",\"name\":\"Betarq\",\"url\":\"https:\/\/betarq.com\/es\/\",\"logo\":{\"@type\":\"ImageObject\",\"inLanguage\":\"es\",\"@id\":\"https:\/\/betarq.com\/es\/#\/schema\/logo\/image\/\",\"url\":\"https:\/\/betarq.com\/wp-content\/uploads\/2023\/09\/logo-betarq.png\",\"contentUrl\":\"https:\/\/betarq.com\/wp-content\/uploads\/2023\/09\/logo-betarq.png\",\"width\":100,\"height\":75,\"caption\":\"Betarq\"},\"image\":{\"@id\":\"https:\/\/betarq.com\/es\/#\/schema\/logo\/image\/\"}},{\"@type\":\"Person\",\"@id\":\"https:\/\/betarq.com\/es\/#\/schema\/person\/017ffc772a4d4f7713aa39af9d42dcac\",\"name\":\"Sergi\",\"image\":{\"@type\":\"ImageObject\",\"inLanguage\":\"es\",\"@id\":\"https:\/\/betarq.com\/es\/#\/schema\/person\/image\/\",\"url\":\"https:\/\/secure.gravatar.com\/avatar\/1ce15b734c44e571b216965a0dfccd3f837b1efec35ae116f1d62b607078393f?s=96&d=mm&r=g\",\"contentUrl\":\"https:\/\/secure.gravatar.com\/avatar\/1ce15b734c44e571b216965a0dfccd3f837b1efec35ae116f1d62b607078393f?s=96&d=mm&r=g\",\"caption\":\"Sergi\"},\"url\":\"https:\/\/betarq.com\/es\/author\/sergi\/\"}]}<\/script>\n<!-- \/ Yoast SEO plugin. -->","yoast_head_json":{"title":"El Ayuntamiento de Barcelona ha aprobado inicialmente el proyecto ejecutivo de renovaci\u00f3n y mejora de los espacios y los servicios de\u00a0la Estaci\u00f3n de Autobuses Barcelona Nord. - Betarq","robots":{"index":"index","follow":"follow","max-snippet":"max-snippet:-1","max-image-preview":"max-image-preview:large","max-video-preview":"max-video-preview:-1"},"canonical":"https:\/\/betarq.com\/es\/el-ayuntamiento-de-barcelona-ha-aprobado-inicialmente-el-proyecto-ejecutivo-de-renovacion-y-mejora-de-los-espacios-y-los-servicios-de-la-estacion-de-autobuses-barcelona-nord\/","og_locale":"es_ES","og_type":"article","og_title":"El Ayuntamiento de Barcelona ha aprobado inicialmente el proyecto ejecutivo de renovaci\u00f3n y mejora de los espacios y los servicios de\u00a0la Estaci\u00f3n de Autobuses Barcelona Nord. - Betarq","og_description":"El proyecto, de Betarq Group y PRC promovido y gestionado por Barcelona de Servicios Municipales (BSM), permitir\u00e1 iniciar una nueva fase de adecuaci\u00f3n de la estaci\u00f3n con el objetivo de seguir garantizando la mejor experiencia para los viajeros y las empresas de transporte usuarias.","og_url":"https:\/\/betarq.com\/es\/el-ayuntamiento-de-barcelona-ha-aprobado-inicialmente-el-proyecto-ejecutivo-de-renovacion-y-mejora-de-los-espacios-y-los-servicios-de-la-estacion-de-autobuses-barcelona-nord\/","og_site_name":"Betarq","article_published_time":"2024-09-28T18:02:13+00:00","article_modified_time":"2024-10-12T17:34:05+00:00","og_image":[{"width":2560,"height":1600,"url":"https:\/\/betarq.com\/wp-content\/uploads\/2024\/09\/ESTACIO-NORD_View05_-scaled.jpg","type":"image\/jpeg"}],"author":"Sergi","twitter_card":"summary_large_image","twitter_misc":{"Escrito por":"Sergi","Tiempo de lectura":"2 minutos"},"schema":{"@context":"https:\/\/schema.org","@graph":[{"@type":"Article","@id":"https:\/\/betarq.com\/es\/el-ayuntamiento-de-barcelona-ha-aprobado-inicialmente-el-proyecto-ejecutivo-de-renovacion-y-mejora-de-los-espacios-y-los-servicios-de-la-estacion-de-autobuses-barcelona-nord\/#article","isPartOf":{"@id":"https:\/\/betarq.com\/es\/el-ayuntamiento-de-barcelona-ha-aprobado-inicialmente-el-proyecto-ejecutivo-de-renovacion-y-mejora-de-los-espacios-y-los-servicios-de-la-estacion-de-autobuses-barcelona-nord\/"},"author":{"name":"Sergi","@id":"https:\/\/betarq.com\/es\/#\/schema\/person\/017ffc772a4d4f7713aa39af9d42dcac"},"headline":"El Ayuntamiento de Barcelona ha aprobado inicialmente el proyecto ejecutivo de renovaci\u00f3n y mejora de los espacios y los servicios de\u00a0la Estaci\u00f3n de Autobuses Barcelona Nord.","datePublished":"2024-09-28T18:02:13+00:00","dateModified":"2024-10-12T17:34:05+00:00","mainEntityOfPage":{"@id":"https:\/\/betarq.com\/es\/el-ayuntamiento-de-barcelona-ha-aprobado-inicialmente-el-proyecto-ejecutivo-de-renovacion-y-mejora-de-los-espacios-y-los-servicios-de-la-estacion-de-autobuses-barcelona-nord\/"},"wordCount":75,"publisher":{"@id":"https:\/\/betarq.com\/es\/#organization"},"image":{"@id":"https:\/\/betarq.com\/es\/el-ayuntamiento-de-barcelona-ha-aprobado-inicialmente-el-proyecto-ejecutivo-de-renovacion-y-mejora-de-los-espacios-y-los-servicios-de-la-estacion-de-autobuses-barcelona-nord\/#primaryimage"},"thumbnailUrl":"https:\/\/betarq.com\/wp-content\/uploads\/2024\/09\/ESTACIO-NORD_View05_-scaled.jpg","articleSection":["Sin categorizar"],"inLanguage":"es"},{"@type":"WebPage","@id":"https:\/\/betarq.com\/es\/el-ayuntamiento-de-barcelona-ha-aprobado-inicialmente-el-proyecto-ejecutivo-de-renovacion-y-mejora-de-los-espacios-y-los-servicios-de-la-estacion-de-autobuses-barcelona-nord\/","url":"https:\/\/betarq.com\/es\/el-ayuntamiento-de-barcelona-ha-aprobado-inicialmente-el-proyecto-ejecutivo-de-renovacion-y-mejora-de-los-espacios-y-los-servicios-de-la-estacion-de-autobuses-barcelona-nord\/","name":"El Ayuntamiento de Barcelona ha aprobado inicialmente el proyecto ejecutivo de renovaci\u00f3n y mejora de los espacios y los servicios de\u00a0la Estaci\u00f3n de Autobuses Barcelona Nord. - Betarq","isPartOf":{"@id":"https:\/\/betarq.com\/es\/#website"},"primaryImageOfPage":{"@id":"https:\/\/betarq.com\/es\/el-ayuntamiento-de-barcelona-ha-aprobado-inicialmente-el-proyecto-ejecutivo-de-renovacion-y-mejora-de-los-espacios-y-los-servicios-de-la-estacion-de-autobuses-barcelona-nord\/#primaryimage"},"image":{"@id":"https:\/\/betarq.com\/es\/el-ayuntamiento-de-barcelona-ha-aprobado-inicialmente-el-proyecto-ejecutivo-de-renovacion-y-mejora-de-los-espacios-y-los-servicios-de-la-estacion-de-autobuses-barcelona-nord\/#primaryimage"},"thumbnailUrl":"https:\/\/betarq.com\/wp-content\/uploads\/2024\/09\/ESTACIO-NORD_View05_-scaled.jpg","datePublished":"2024-09-28T18:02:13+00:00","dateModified":"2024-10-12T17:34:05+00:00","breadcrumb":{"@id":"https:\/\/betarq.com\/es\/el-ayuntamiento-de-barcelona-ha-aprobado-inicialmente-el-proyecto-ejecutivo-de-renovacion-y-mejora-de-los-espacios-y-los-servicios-de-la-estacion-de-autobuses-barcelona-nord\/#breadcrumb"},"inLanguage":"es","potentialAction":[{"@type":"ReadAction","target":["https:\/\/betarq.com\/es\/el-ayuntamiento-de-barcelona-ha-aprobado-inicialmente-el-proyecto-ejecutivo-de-renovacion-y-mejora-de-los-espacios-y-los-servicios-de-la-estacion-de-autobuses-barcelona-nord\/"]}]},{"@type":"ImageObject","inLanguage":"es","@id":"https:\/\/betarq.com\/es\/el-ayuntamiento-de-barcelona-ha-aprobado-inicialmente-el-proyecto-ejecutivo-de-renovacion-y-mejora-de-los-espacios-y-los-servicios-de-la-estacion-de-autobuses-barcelona-nord\/#primaryimage","url":"https:\/\/betarq.com\/wp-content\/uploads\/2024\/09\/ESTACIO-NORD_View05_-scaled.jpg","contentUrl":"https:\/\/betarq.com\/wp-content\/uploads\/2024\/09\/ESTACIO-NORD_View05_-scaled.jpg","width":2560,"height":1600},{"@type":"BreadcrumbList","@id":"https:\/\/betarq.com\/es\/el-ayuntamiento-de-barcelona-ha-aprobado-inicialmente-el-proyecto-ejecutivo-de-renovacion-y-mejora-de-los-espacios-y-los-servicios-de-la-estacion-de-autobuses-barcelona-nord\/#breadcrumb","itemListElement":[{"@type":"ListItem","position":1,"name":"Portada","item":"https:\/\/betarq.com\/es\/"},{"@type":"ListItem","position":2,"name":"El Ayuntamiento de Barcelona ha aprobado inicialmente el proyecto ejecutivo de renovaci\u00f3n y mejora de los espacios y los servicios de\u00a0la Estaci\u00f3n de Autobuses Barcelona Nord."}]},{"@type":"WebSite","@id":"https:\/\/betarq.com\/es\/#website","url":"https:\/\/betarq.com\/es\/","name":"Betarq","description":"","publisher":{"@id":"https:\/\/betarq.com\/es\/#organization"},"potentialAction":[{"@type":"SearchAction","target":{"@type":"EntryPoint","urlTemplate":"https:\/\/betarq.com\/es\/?s={search_term_string}"},"query-input":{"@type":"PropertyValueSpecification","valueRequired":true,"valueName":"search_term_string"}}],"inLanguage":"es"},{"@type":"Organization","@id":"https:\/\/betarq.com\/es\/#organization","name":"Betarq","url":"https:\/\/betarq.com\/es\/","logo":{"@type":"ImageObject","inLanguage":"es","@id":"https:\/\/betarq.com\/es\/#\/schema\/logo\/image\/","url":"https:\/\/betarq.com\/wp-content\/uploads\/2023\/09\/logo-betarq.png","contentUrl":"https:\/\/betarq.com\/wp-content\/uploads\/2023\/09\/logo-betarq.png","width":100,"height":75,"caption":"Betarq"},"image":{"@id":"https:\/\/betarq.com\/es\/#\/schema\/logo\/image\/"}},{"@type":"Person","@id":"https:\/\/betarq.com\/es\/#\/schema\/person\/017ffc772a4d4f7713aa39af9d42dcac","name":"Sergi","image":{"@type":"ImageObject","inLanguage":"es","@id":"https:\/\/betarq.com\/es\/#\/schema\/person\/image\/","url":"https:\/\/secure.gravatar.com\/avatar\/1ce15b734c44e571b216965a0dfccd3f837b1efec35ae116f1d62b607078393f?s=96&d=mm&r=g","contentUrl":"https:\/\/secure.gravatar.com\/avatar\/1ce15b734c44e571b216965a0dfccd3f837b1efec35ae116f1d62b607078393f?s=96&d=mm&r=g","caption":"Sergi"},"url":"https:\/\/betarq.com\/es\/author\/sergi\/"}]}},"_links":{"self":[{"href":"https:\/\/betarq.com\/es\/wp-json\/wp\/v2\/posts\/4253","targetHints":{"allow":["GET"]}}],"collection":[{"href":"https:\/\/betarq.com\/es\/wp-json\/wp\/v2\/posts"}],"about":[{"href":"https:\/\/betarq.com\/es\/wp-json\/wp\/v2\/types\/post"}],"author":[{"embeddable":true,"href":"https:\/\/betarq.com\/es\/wp-json\/wp\/v2\/users\/2"}],"replies":[{"embeddable":true,"href":"https:\/\/betarq.com\/es\/wp-json\/wp\/v2\/comments?post=4253"}],"version-history":[{"count":4,"href":"https:\/\/betarq.com\/es\/wp-json\/wp\/v2\/posts\/4253\/revisions"}],"predecessor-version":[{"id":4291,"href":"https:\/\/betarq.com\/es\/wp-json\/wp\/v2\/posts\/4253\/revisions\/4291"}],"wp:featuredmedia":[{"embeddable":true,"href":"https:\/\/betarq.com\/es\/wp-json\/wp\/v2\/media\/4280"}],"wp:attachment":[{"href":"https:\/\/betarq.com\/es\/wp-json\/wp\/v2\/media?parent=4253"}],"wp:term":[{"taxonomy":"category","embeddable":true,"href":"https:\/\/betarq.com\/es\/wp-json\/wp\/v2\/categories?post=4253"},{"taxonomy":"post_tag","embeddable":true,"href":"https:\/\/betarq.com\/es\/wp-json\/wp\/v2\/tags?post=4253"}],"curies":[{"name":"wp","href":"https:\/\/api.w.org\/{rel}","templated":true}]}}