{"id":4256,"date":"2024-09-28T20:18:06","date_gmt":"2024-09-28T18:18:06","guid":{"rendered":"https:\/\/betarq.com\/?p=4256"},"modified":"2024-10-12T20:23:05","modified_gmt":"2024-10-12T18:23:05","slug":"lci-barcelona-inaugurara-su-nuevo-campus-el-8-de-octubre-ante-la-elite-del-diseno-la-moda-y-la-politica","status":"publish","type":"post","link":"https:\/\/betarq.com\/es\/lci-barcelona-inaugurara-su-nuevo-campus-el-8-de-octubre-ante-la-elite-del-diseno-la-moda-y-la-politica\/","title":{"rendered":"LCI Barcelona inaugura su nuevo campus ante la \u00e9lite del dise\u00f1o, la moda y la pol\u00edtica"},"content":{"rendered":"<p><a href=\"https:\/\/www.lavanguardia.com\/vida\/junior-report\/20241009\/10008038\/lci-barcelona-inaugura-nuevo-campus-autoridades-representantes-sector-creativo.html\"><img loading=\"lazy\" decoding=\"async\" class=\"alignnone  wp-image-4317\" src=\"https:\/\/betarq.com\/wp-content\/uploads\/2024\/09\/Inaguracio.jpg\" alt=\"\" width=\"281\" height=\"167\" \/> <img loading=\"lazy\" decoding=\"async\" class=\"alignnone  wp-image-4322\" src=\"https:\/\/betarq.com\/wp-content\/uploads\/2024\/09\/66e00bab2ff57.r_d.905-816-8000-300x169.jpeg\" alt=\"\" width=\"297\" height=\"167\" srcset=\"https:\/\/betarq.com\/wp-content\/uploads\/2024\/09\/66e00bab2ff57.r_d.905-816-8000-300x169.jpeg 300w, https:\/\/betarq.com\/wp-content\/uploads\/2024\/09\/66e00bab2ff57.r_d.905-816-8000-1024x576.jpeg 1024w, https:\/\/betarq.com\/wp-content\/uploads\/2024\/09\/66e00bab2ff57.r_d.905-816-8000-768x432.jpeg 768w, https:\/\/betarq.com\/wp-content\/uploads\/2024\/09\/66e00bab2ff57.r_d.905-816-8000.jpeg 1200w\" sizes=\"auto, (max-width: 297px) 100vw, 297px\" \/> <img loading=\"lazy\" decoding=\"async\" class=\"alignnone  wp-image-4325\" src=\"https:\/\/betarq.com\/wp-content\/uploads\/2024\/09\/6705284b0e103-300x169.jpeg\" alt=\"\" width=\"297\" height=\"167\" srcset=\"https:\/\/betarq.com\/wp-content\/uploads\/2024\/09\/6705284b0e103-300x169.jpeg 300w, https:\/\/betarq.com\/wp-content\/uploads\/2024\/09\/6705284b0e103-1024x576.jpeg 1024w, https:\/\/betarq.com\/wp-content\/uploads\/2024\/09\/6705284b0e103-768x432.jpeg 768w, https:\/\/betarq.com\/wp-content\/uploads\/2024\/09\/6705284b0e103.jpeg 1200w\" sizes=\"auto, (max-width: 297px) 100vw, 297px\" \/><\/a><\/p>\n<p>Han estado m\u00e1s de tres a\u00f1os de trabajo pero finalmente hemos acabado un edificio \u00fanico, ic\u00f3nico y exuberante, de una arquitectura brillante, diferente y atractiva. Mucho esfuerzo que ha valido la pena. Ahora toca celebrarlo.<\/p>\n<p>Proyecto y Direcci\u00f3n de Obra: Circular Estudio<\/p>\n<p>Direcci\u00f3n de Ejecuci\u00f3n de las Obras: Betarq Group<\/p>\n<p>Coordinador de Seguridad y Salud: Tresat<\/p>\n<p>Consultor Estructuras: Other Estructures<\/p>\n<p>Consultor Instalaciones: L3J<\/p>\n<p>Direcci\u00f3n de Ejecuci\u00f3n Instalaciones:PRC<\/p>\n<p>Project Manager: Castiel &#8211; Golman<\/p>\n<p>Contratista: Constructora del Cardoner<\/p>\n<p>&nbsp;<\/p>\n","protected":false},"excerpt":{"rendered":"<p>Para Betarq Group han estado m\u00e1s de tres a\u00f1os de trabajo pero finalmente hemos acabado un edificio \u00fanico, ic\u00f3nico y exuberante, de una arquitectura brillante, diferente y atractiva. Mucho esfuerzo que ha valido la pena. Ahora toca celebrarlo.<\/p>\n","protected":false},"author":2,"featured_media":4317,"comment_status":"closed","ping_status":"open","sticky":false,"template":"","format":"standard","meta":{"_acf_changed":false,"inline_featured_image":false,"_monsterinsights_skip_tracking":false,"_monsterinsights_sitenote_active":false,"_monsterinsights_sitenote_note":"","_monsterinsights_sitenote_category":0,"footnotes":""},"categories":[18],"tags":[],"class_list":["post-4256","post","type-post","status-publish","format-standard","has-post-thumbnail","hentry","category-sin-categorizar","category-18","description-off"],"acf":[],"yoast_head":"<!-- This site is optimized with the Yoast SEO plugin v27.1.1 - https:\/\/yoast.com\/product\/yoast-seo-wordpress\/ -->\n<title>LCI Barcelona inaugura su nuevo campus ante la \u00e9lite del dise\u00f1o, la moda y la pol\u00edtica - Betarq<\/title>\n<meta name=\"robots\" content=\"index, follow, max-snippet:-1, max-image-preview:large, max-video-preview:-1\" \/>\n<link rel=\"canonical\" href=\"https:\/\/betarq.com\/es\/lci-barcelona-inaugurara-su-nuevo-campus-el-8-de-octubre-ante-la-elite-del-diseno-la-moda-y-la-politica\/\" \/>\n<meta property=\"og:locale\" content=\"es_ES\" \/>\n<meta property=\"og:type\" content=\"article\" \/>\n<meta property=\"og:title\" content=\"LCI Barcelona inaugura su nuevo campus ante la \u00e9lite del dise\u00f1o, la moda y la pol\u00edtica - Betarq\" \/>\n<meta property=\"og:description\" content=\"Para Betarq Group han estado m\u00e1s de tres a\u00f1os de trabajo pero finalmente hemos acabado un edificio \u00fanico, ic\u00f3nico y exuberante, de una arquitectura brillante, diferente y atractiva. Mucho esfuerzo que ha valido la pena. Ahora toca celebrarlo.\" \/>\n<meta property=\"og:url\" content=\"https:\/\/betarq.com\/es\/lci-barcelona-inaugurara-su-nuevo-campus-el-8-de-octubre-ante-la-elite-del-diseno-la-moda-y-la-politica\/\" \/>\n<meta property=\"og:site_name\" content=\"Betarq\" \/>\n<meta property=\"article:published_time\" content=\"2024-09-28T18:18:06+00:00\" \/>\n<meta property=\"article:modified_time\" content=\"2024-10-12T18:23:05+00:00\" \/>\n<meta property=\"og:image\" content=\"https:\/\/betarq.com\/wp-content\/uploads\/2024\/09\/Inaguracio.jpg\" \/>\n\t<meta property=\"og:image:width\" content=\"291\" \/>\n\t<meta property=\"og:image:height\" content=\"173\" \/>\n\t<meta property=\"og:image:type\" content=\"image\/jpeg\" \/>\n<meta name=\"author\" content=\"Sergi\" \/>\n<meta name=\"twitter:card\" content=\"summary_large_image\" \/>\n<meta name=\"twitter:label1\" content=\"Escrito por\" \/>\n\t<meta name=\"twitter:data1\" content=\"Sergi\" \/>\n\t<meta name=\"twitter:label2\" content=\"Tiempo de lectura\" \/>\n\t<meta name=\"twitter:data2\" content=\"2 minutos\" \/>\n<script type=\"application\/ld+json\" class=\"yoast-schema-graph\">{\"@context\":\"https:\/\/schema.org\",\"@graph\":[{\"@type\":\"Article\",\"@id\":\"https:\/\/betarq.com\/es\/lci-barcelona-inaugurara-su-nuevo-campus-el-8-de-octubre-ante-la-elite-del-diseno-la-moda-y-la-politica\/#article\",\"isPartOf\":{\"@id\":\"https:\/\/betarq.com\/es\/lci-barcelona-inaugurara-su-nuevo-campus-el-8-de-octubre-ante-la-elite-del-diseno-la-moda-y-la-politica\/\"},\"author\":{\"name\":\"Sergi\",\"@id\":\"https:\/\/betarq.com\/es\/#\/schema\/person\/017ffc772a4d4f7713aa39af9d42dcac\"},\"headline\":\"LCI Barcelona inaugura su nuevo campus ante la \u00e9lite del dise\u00f1o, la moda y la pol\u00edtica\",\"datePublished\":\"2024-09-28T18:18:06+00:00\",\"dateModified\":\"2024-10-12T18:23:05+00:00\",\"mainEntityOfPage\":{\"@id\":\"https:\/\/betarq.com\/es\/lci-barcelona-inaugurara-su-nuevo-campus-el-8-de-octubre-ante-la-elite-del-diseno-la-moda-y-la-politica\/\"},\"wordCount\":105,\"publisher\":{\"@id\":\"https:\/\/betarq.com\/es\/#organization\"},\"image\":{\"@id\":\"https:\/\/betarq.com\/es\/lci-barcelona-inaugurara-su-nuevo-campus-el-8-de-octubre-ante-la-elite-del-diseno-la-moda-y-la-politica\/#primaryimage\"},\"thumbnailUrl\":\"https:\/\/betarq.com\/wp-content\/uploads\/2024\/09\/Inaguracio.jpg\",\"articleSection\":[\"Sin categorizar\"],\"inLanguage\":\"es\"},{\"@type\":\"WebPage\",\"@id\":\"https:\/\/betarq.com\/es\/lci-barcelona-inaugurara-su-nuevo-campus-el-8-de-octubre-ante-la-elite-del-diseno-la-moda-y-la-politica\/\",\"url\":\"https:\/\/betarq.com\/es\/lci-barcelona-inaugurara-su-nuevo-campus-el-8-de-octubre-ante-la-elite-del-diseno-la-moda-y-la-politica\/\",\"name\":\"LCI Barcelona inaugura su nuevo campus ante la \u00e9lite del dise\u00f1o, la moda y la pol\u00edtica - Betarq\",\"isPartOf\":{\"@id\":\"https:\/\/betarq.com\/es\/#website\"},\"primaryImageOfPage\":{\"@id\":\"https:\/\/betarq.com\/es\/lci-barcelona-inaugurara-su-nuevo-campus-el-8-de-octubre-ante-la-elite-del-diseno-la-moda-y-la-politica\/#primaryimage\"},\"image\":{\"@id\":\"https:\/\/betarq.com\/es\/lci-barcelona-inaugurara-su-nuevo-campus-el-8-de-octubre-ante-la-elite-del-diseno-la-moda-y-la-politica\/#primaryimage\"},\"thumbnailUrl\":\"https:\/\/betarq.com\/wp-content\/uploads\/2024\/09\/Inaguracio.jpg\",\"datePublished\":\"2024-09-28T18:18:06+00:00\",\"dateModified\":\"2024-10-12T18:23:05+00:00\",\"breadcrumb\":{\"@id\":\"https:\/\/betarq.com\/es\/lci-barcelona-inaugurara-su-nuevo-campus-el-8-de-octubre-ante-la-elite-del-diseno-la-moda-y-la-politica\/#breadcrumb\"},\"inLanguage\":\"es\",\"potentialAction\":[{\"@type\":\"ReadAction\",\"target\":[\"https:\/\/betarq.com\/es\/lci-barcelona-inaugurara-su-nuevo-campus-el-8-de-octubre-ante-la-elite-del-diseno-la-moda-y-la-politica\/\"]}]},{\"@type\":\"ImageObject\",\"inLanguage\":\"es\",\"@id\":\"https:\/\/betarq.com\/es\/lci-barcelona-inaugurara-su-nuevo-campus-el-8-de-octubre-ante-la-elite-del-diseno-la-moda-y-la-politica\/#primaryimage\",\"url\":\"https:\/\/betarq.com\/wp-content\/uploads\/2024\/09\/Inaguracio.jpg\",\"contentUrl\":\"https:\/\/betarq.com\/wp-content\/uploads\/2024\/09\/Inaguracio.jpg\",\"width\":291,\"height\":173},{\"@type\":\"BreadcrumbList\",\"@id\":\"https:\/\/betarq.com\/es\/lci-barcelona-inaugurara-su-nuevo-campus-el-8-de-octubre-ante-la-elite-del-diseno-la-moda-y-la-politica\/#breadcrumb\",\"itemListElement\":[{\"@type\":\"ListItem\",\"position\":1,\"name\":\"Portada\",\"item\":\"https:\/\/betarq.com\/es\/\"},{\"@type\":\"ListItem\",\"position\":2,\"name\":\"LCI Barcelona inaugura su nuevo campus ante la \u00e9lite del dise\u00f1o, la moda y la pol\u00edtica\"}]},{\"@type\":\"WebSite\",\"@id\":\"https:\/\/betarq.com\/es\/#website\",\"url\":\"https:\/\/betarq.com\/es\/\",\"name\":\"Betarq\",\"description\":\"\",\"publisher\":{\"@id\":\"https:\/\/betarq.com\/es\/#organization\"},\"potentialAction\":[{\"@type\":\"SearchAction\",\"target\":{\"@type\":\"EntryPoint\",\"urlTemplate\":\"https:\/\/betarq.com\/es\/?s={search_term_string}\"},\"query-input\":{\"@type\":\"PropertyValueSpecification\",\"valueRequired\":true,\"valueName\":\"search_term_string\"}}],\"inLanguage\":\"es\"},{\"@type\":\"Organization\",\"@id\":\"https:\/\/betarq.com\/es\/#organization\",\"name\":\"Betarq\",\"url\":\"https:\/\/betarq.com\/es\/\",\"logo\":{\"@type\":\"ImageObject\",\"inLanguage\":\"es\",\"@id\":\"https:\/\/betarq.com\/es\/#\/schema\/logo\/image\/\",\"url\":\"https:\/\/betarq.com\/wp-content\/uploads\/2023\/09\/logo-betarq.png\",\"contentUrl\":\"https:\/\/betarq.com\/wp-content\/uploads\/2023\/09\/logo-betarq.png\",\"width\":100,\"height\":75,\"caption\":\"Betarq\"},\"image\":{\"@id\":\"https:\/\/betarq.com\/es\/#\/schema\/logo\/image\/\"}},{\"@type\":\"Person\",\"@id\":\"https:\/\/betarq.com\/es\/#\/schema\/person\/017ffc772a4d4f7713aa39af9d42dcac\",\"name\":\"Sergi\",\"image\":{\"@type\":\"ImageObject\",\"inLanguage\":\"es\",\"@id\":\"https:\/\/betarq.com\/es\/#\/schema\/person\/image\/\",\"url\":\"https:\/\/secure.gravatar.com\/avatar\/1ce15b734c44e571b216965a0dfccd3f837b1efec35ae116f1d62b607078393f?s=96&d=mm&r=g\",\"contentUrl\":\"https:\/\/secure.gravatar.com\/avatar\/1ce15b734c44e571b216965a0dfccd3f837b1efec35ae116f1d62b607078393f?s=96&d=mm&r=g\",\"caption\":\"Sergi\"},\"url\":\"https:\/\/betarq.com\/es\/author\/sergi\/\"}]}<\/script>\n<!-- \/ Yoast SEO plugin. -->","yoast_head_json":{"title":"LCI Barcelona inaugura su nuevo campus ante la \u00e9lite del dise\u00f1o, la moda y la pol\u00edtica - Betarq","robots":{"index":"index","follow":"follow","max-snippet":"max-snippet:-1","max-image-preview":"max-image-preview:large","max-video-preview":"max-video-preview:-1"},"canonical":"https:\/\/betarq.com\/es\/lci-barcelona-inaugurara-su-nuevo-campus-el-8-de-octubre-ante-la-elite-del-diseno-la-moda-y-la-politica\/","og_locale":"es_ES","og_type":"article","og_title":"LCI Barcelona inaugura su nuevo campus ante la \u00e9lite del dise\u00f1o, la moda y la pol\u00edtica - Betarq","og_description":"Para Betarq Group han estado m\u00e1s de tres a\u00f1os de trabajo pero finalmente hemos acabado un edificio \u00fanico, ic\u00f3nico y exuberante, de una arquitectura brillante, diferente y atractiva. Mucho esfuerzo que ha valido la pena. Ahora toca celebrarlo.","og_url":"https:\/\/betarq.com\/es\/lci-barcelona-inaugurara-su-nuevo-campus-el-8-de-octubre-ante-la-elite-del-diseno-la-moda-y-la-politica\/","og_site_name":"Betarq","article_published_time":"2024-09-28T18:18:06+00:00","article_modified_time":"2024-10-12T18:23:05+00:00","og_image":[{"width":291,"height":173,"url":"https:\/\/betarq.com\/wp-content\/uploads\/2024\/09\/Inaguracio.jpg","type":"image\/jpeg"}],"author":"Sergi","twitter_card":"summary_large_image","twitter_misc":{"Escrito por":"Sergi","Tiempo de lectura":"2 minutos"},"schema":{"@context":"https:\/\/schema.org","@graph":[{"@type":"Article","@id":"https:\/\/betarq.com\/es\/lci-barcelona-inaugurara-su-nuevo-campus-el-8-de-octubre-ante-la-elite-del-diseno-la-moda-y-la-politica\/#article","isPartOf":{"@id":"https:\/\/betarq.com\/es\/lci-barcelona-inaugurara-su-nuevo-campus-el-8-de-octubre-ante-la-elite-del-diseno-la-moda-y-la-politica\/"},"author":{"name":"Sergi","@id":"https:\/\/betarq.com\/es\/#\/schema\/person\/017ffc772a4d4f7713aa39af9d42dcac"},"headline":"LCI Barcelona inaugura su nuevo campus ante la \u00e9lite del dise\u00f1o, la moda y la pol\u00edtica","datePublished":"2024-09-28T18:18:06+00:00","dateModified":"2024-10-12T18:23:05+00:00","mainEntityOfPage":{"@id":"https:\/\/betarq.com\/es\/lci-barcelona-inaugurara-su-nuevo-campus-el-8-de-octubre-ante-la-elite-del-diseno-la-moda-y-la-politica\/"},"wordCount":105,"publisher":{"@id":"https:\/\/betarq.com\/es\/#organization"},"image":{"@id":"https:\/\/betarq.com\/es\/lci-barcelona-inaugurara-su-nuevo-campus-el-8-de-octubre-ante-la-elite-del-diseno-la-moda-y-la-politica\/#primaryimage"},"thumbnailUrl":"https:\/\/betarq.com\/wp-content\/uploads\/2024\/09\/Inaguracio.jpg","articleSection":["Sin categorizar"],"inLanguage":"es"},{"@type":"WebPage","@id":"https:\/\/betarq.com\/es\/lci-barcelona-inaugurara-su-nuevo-campus-el-8-de-octubre-ante-la-elite-del-diseno-la-moda-y-la-politica\/","url":"https:\/\/betarq.com\/es\/lci-barcelona-inaugurara-su-nuevo-campus-el-8-de-octubre-ante-la-elite-del-diseno-la-moda-y-la-politica\/","name":"LCI Barcelona inaugura su nuevo campus ante la \u00e9lite del dise\u00f1o, la moda y la pol\u00edtica - Betarq","isPartOf":{"@id":"https:\/\/betarq.com\/es\/#website"},"primaryImageOfPage":{"@id":"https:\/\/betarq.com\/es\/lci-barcelona-inaugurara-su-nuevo-campus-el-8-de-octubre-ante-la-elite-del-diseno-la-moda-y-la-politica\/#primaryimage"},"image":{"@id":"https:\/\/betarq.com\/es\/lci-barcelona-inaugurara-su-nuevo-campus-el-8-de-octubre-ante-la-elite-del-diseno-la-moda-y-la-politica\/#primaryimage"},"thumbnailUrl":"https:\/\/betarq.com\/wp-content\/uploads\/2024\/09\/Inaguracio.jpg","datePublished":"2024-09-28T18:18:06+00:00","dateModified":"2024-10-12T18:23:05+00:00","breadcrumb":{"@id":"https:\/\/betarq.com\/es\/lci-barcelona-inaugurara-su-nuevo-campus-el-8-de-octubre-ante-la-elite-del-diseno-la-moda-y-la-politica\/#breadcrumb"},"inLanguage":"es","potentialAction":[{"@type":"ReadAction","target":["https:\/\/betarq.com\/es\/lci-barcelona-inaugurara-su-nuevo-campus-el-8-de-octubre-ante-la-elite-del-diseno-la-moda-y-la-politica\/"]}]},{"@type":"ImageObject","inLanguage":"es","@id":"https:\/\/betarq.com\/es\/lci-barcelona-inaugurara-su-nuevo-campus-el-8-de-octubre-ante-la-elite-del-diseno-la-moda-y-la-politica\/#primaryimage","url":"https:\/\/betarq.com\/wp-content\/uploads\/2024\/09\/Inaguracio.jpg","contentUrl":"https:\/\/betarq.com\/wp-content\/uploads\/2024\/09\/Inaguracio.jpg","width":291,"height":173},{"@type":"BreadcrumbList","@id":"https:\/\/betarq.com\/es\/lci-barcelona-inaugurara-su-nuevo-campus-el-8-de-octubre-ante-la-elite-del-diseno-la-moda-y-la-politica\/#breadcrumb","itemListElement":[{"@type":"ListItem","position":1,"name":"Portada","item":"https:\/\/betarq.com\/es\/"},{"@type":"ListItem","position":2,"name":"LCI Barcelona inaugura su nuevo campus ante la \u00e9lite del dise\u00f1o, la moda y la pol\u00edtica"}]},{"@type":"WebSite","@id":"https:\/\/betarq.com\/es\/#website","url":"https:\/\/betarq.com\/es\/","name":"Betarq","description":"","publisher":{"@id":"https:\/\/betarq.com\/es\/#organization"},"potentialAction":[{"@type":"SearchAction","target":{"@type":"EntryPoint","urlTemplate":"https:\/\/betarq.com\/es\/?s={search_term_string}"},"query-input":{"@type":"PropertyValueSpecification","valueRequired":true,"valueName":"search_term_string"}}],"inLanguage":"es"},{"@type":"Organization","@id":"https:\/\/betarq.com\/es\/#organization","name":"Betarq","url":"https:\/\/betarq.com\/es\/","logo":{"@type":"ImageObject","inLanguage":"es","@id":"https:\/\/betarq.com\/es\/#\/schema\/logo\/image\/","url":"https:\/\/betarq.com\/wp-content\/uploads\/2023\/09\/logo-betarq.png","contentUrl":"https:\/\/betarq.com\/wp-content\/uploads\/2023\/09\/logo-betarq.png","width":100,"height":75,"caption":"Betarq"},"image":{"@id":"https:\/\/betarq.com\/es\/#\/schema\/logo\/image\/"}},{"@type":"Person","@id":"https:\/\/betarq.com\/es\/#\/schema\/person\/017ffc772a4d4f7713aa39af9d42dcac","name":"Sergi","image":{"@type":"ImageObject","inLanguage":"es","@id":"https:\/\/betarq.com\/es\/#\/schema\/person\/image\/","url":"https:\/\/secure.gravatar.com\/avatar\/1ce15b734c44e571b216965a0dfccd3f837b1efec35ae116f1d62b607078393f?s=96&d=mm&r=g","contentUrl":"https:\/\/secure.gravatar.com\/avatar\/1ce15b734c44e571b216965a0dfccd3f837b1efec35ae116f1d62b607078393f?s=96&d=mm&r=g","caption":"Sergi"},"url":"https:\/\/betarq.com\/es\/author\/sergi\/"}]}},"_links":{"self":[{"href":"https:\/\/betarq.com\/es\/wp-json\/wp\/v2\/posts\/4256","targetHints":{"allow":["GET"]}}],"collection":[{"href":"https:\/\/betarq.com\/es\/wp-json\/wp\/v2\/posts"}],"about":[{"href":"https:\/\/betarq.com\/es\/wp-json\/wp\/v2\/types\/post"}],"author":[{"embeddable":true,"href":"https:\/\/betarq.com\/es\/wp-json\/wp\/v2\/users\/2"}],"replies":[{"embeddable":true,"href":"https:\/\/betarq.com\/es\/wp-json\/wp\/v2\/comments?post=4256"}],"version-history":[{"count":5,"href":"https:\/\/betarq.com\/es\/wp-json\/wp\/v2\/posts\/4256\/revisions"}],"predecessor-version":[{"id":4328,"href":"https:\/\/betarq.com\/es\/wp-json\/wp\/v2\/posts\/4256\/revisions\/4328"}],"wp:featuredmedia":[{"embeddable":true,"href":"https:\/\/betarq.com\/es\/wp-json\/wp\/v2\/media\/4317"}],"wp:attachment":[{"href":"https:\/\/betarq.com\/es\/wp-json\/wp\/v2\/media?parent=4256"}],"wp:term":[{"taxonomy":"category","embeddable":true,"href":"https:\/\/betarq.com\/es\/wp-json\/wp\/v2\/categories?post=4256"},{"taxonomy":"post_tag","embeddable":true,"href":"https:\/\/betarq.com\/es\/wp-json\/wp\/v2\/tags?post=4256"}],"curies":[{"name":"wp","href":"https:\/\/api.w.org\/{rel}","templated":true}]}}