{"id":4408,"date":"2025-01-12T12:39:11","date_gmt":"2025-01-12T11:39:11","guid":{"rendered":"https:\/\/betarq.com\/?p=4408"},"modified":"2025-01-12T12:58:02","modified_gmt":"2025-01-12T11:58:02","slug":"el-gobierno-aprueba-el-contrato-publico-para-la-construccion-de-la-biblioteca-publica-del-estado-en-barcelona","status":"publish","type":"post","link":"https:\/\/betarq.com\/es\/el-gobierno-aprueba-el-contrato-publico-para-la-construccion-de-la-biblioteca-publica-del-estado-en-barcelona\/","title":{"rendered":"El Gobierno aprueba el contrato p\u00fablico para la Construcci\u00f3n de la Biblioteca P\u00fablica del Estado en Barcelona"},"content":{"rendered":"<p><img loading=\"lazy\" decoding=\"async\" class=\"alignnone size-medium wp-image-3965\" src=\"https:\/\/betarq.com\/wp-content\/uploads\/2024\/05\/bibliobarcelona.jpg_1846101591-300x135.jpg\" alt=\"\" width=\"300\" height=\"135\" srcset=\"https:\/\/betarq.com\/wp-content\/uploads\/2024\/05\/bibliobarcelona.jpg_1846101591-300x135.jpg 300w, https:\/\/betarq.com\/wp-content\/uploads\/2024\/05\/bibliobarcelona.jpg_1846101591-1024x461.jpg 1024w, https:\/\/betarq.com\/wp-content\/uploads\/2024\/05\/bibliobarcelona.jpg_1846101591-768x346.jpg 768w, https:\/\/betarq.com\/wp-content\/uploads\/2024\/05\/bibliobarcelona.jpg_1846101591-1536x692.jpg 1536w, https:\/\/betarq.com\/wp-content\/uploads\/2024\/05\/bibliobarcelona.jpg_1846101591-2048x922.jpg 2048w\" sizes=\"auto, (max-width: 300px) 100vw, 300px\" \/><img loading=\"lazy\" decoding=\"async\" class=\"alignnone wp-image-3478\" src=\"https:\/\/betarq.com\/wp-content\/uploads\/2023\/09\/Portada-300x163.jpg\" alt=\"\" width=\"247\" height=\"134\" srcset=\"https:\/\/betarq.com\/wp-content\/uploads\/2023\/09\/Portada-300x163.jpg 300w, https:\/\/betarq.com\/wp-content\/uploads\/2023\/09\/Portada-1024x557.jpg 1024w, https:\/\/betarq.com\/wp-content\/uploads\/2023\/09\/Portada-768x418.jpg 768w, https:\/\/betarq.com\/wp-content\/uploads\/2023\/09\/Portada-1536x836.jpg 1536w, https:\/\/betarq.com\/wp-content\/uploads\/2023\/09\/Portada-2048x1115.jpg 2048w\" sizes=\"auto, (max-width: 247px) 100vw, 247px\" \/><\/p>\n<p>El Gobierno aprueba el contrato p\u00fablico para la Construcci\u00f3n de la Biblioteca P\u00fablica del Estado en Barcelona<\/p>\n<p>Finalmente la nueva Biblioteca P\u00fablica del Estado en Barcelona ser\u00e1 una realidad, despu\u00e9s de que Betarq conjuntamente con el despacho Nitidus arquitectes fue adjudicataria en 2010 del Proyecto y Direcci\u00f3n de la Obra.<br \/>\nEl presupuesto es de 82,7 millones de euros y la inversi\u00f3n se distribuir\u00e1 en seis plazos entre 2025 y 2030.<\/p>\n","protected":false},"excerpt":{"rendered":"<p>Finalmente la nueva Biblioteca P\u00fablica del Estado en Barcelona ser\u00e1 una realidad, despu\u00e9s de que Betarq Group conjuntamente con el despacho Nitidus arquitectes fue adjudicataria en 2010 del Proyecto y Direcci\u00f3n de la Obra.<\/p>\n","protected":false},"author":2,"featured_media":3965,"comment_status":"closed","ping_status":"open","sticky":false,"template":"","format":"standard","meta":{"_acf_changed":false,"inline_featured_image":false,"_monsterinsights_skip_tracking":false,"_monsterinsights_sitenote_active":false,"_monsterinsights_sitenote_note":"","_monsterinsights_sitenote_category":0,"footnotes":""},"categories":[18],"tags":[],"class_list":["post-4408","post","type-post","status-publish","format-standard","has-post-thumbnail","hentry","category-sin-categorizar","category-18","description-off"],"acf":[],"yoast_head":"<!-- This site is optimized with the Yoast SEO plugin v27.1.1 - https:\/\/yoast.com\/product\/yoast-seo-wordpress\/ -->\n<title>El Gobierno aprueba el contrato p\u00fablico para la Construcci\u00f3n de la Biblioteca P\u00fablica del Estado en Barcelona - Betarq<\/title>\n<meta name=\"robots\" content=\"index, follow, max-snippet:-1, max-image-preview:large, max-video-preview:-1\" \/>\n<link rel=\"canonical\" href=\"https:\/\/betarq.com\/es\/el-gobierno-aprueba-el-contrato-publico-para-la-construccion-de-la-biblioteca-publica-del-estado-en-barcelona\/\" \/>\n<meta property=\"og:locale\" content=\"es_ES\" \/>\n<meta property=\"og:type\" content=\"article\" \/>\n<meta property=\"og:title\" content=\"El Gobierno aprueba el contrato p\u00fablico para la Construcci\u00f3n de la Biblioteca P\u00fablica del Estado en Barcelona - Betarq\" \/>\n<meta property=\"og:description\" content=\"Finalmente la nueva Biblioteca P\u00fablica del Estado en Barcelona ser\u00e1 una realidad, despu\u00e9s de que Betarq Group conjuntamente con el despacho Nitidus arquitectes fue adjudicataria en 2010 del Proyecto y Direcci\u00f3n de la Obra.\" \/>\n<meta property=\"og:url\" content=\"https:\/\/betarq.com\/es\/el-gobierno-aprueba-el-contrato-publico-para-la-construccion-de-la-biblioteca-publica-del-estado-en-barcelona\/\" \/>\n<meta property=\"og:site_name\" content=\"Betarq\" \/>\n<meta property=\"article:published_time\" content=\"2025-01-12T11:39:11+00:00\" \/>\n<meta property=\"article:modified_time\" content=\"2025-01-12T11:58:02+00:00\" \/>\n<meta property=\"og:image\" content=\"https:\/\/betarq.com\/wp-content\/uploads\/2024\/05\/bibliobarcelona.jpg_1846101591-scaled.jpg\" \/>\n\t<meta property=\"og:image:width\" content=\"2560\" \/>\n\t<meta property=\"og:image:height\" content=\"1153\" \/>\n\t<meta property=\"og:image:type\" content=\"image\/jpeg\" \/>\n<meta name=\"author\" content=\"Sergi\" \/>\n<meta name=\"twitter:card\" content=\"summary_large_image\" \/>\n<meta name=\"twitter:label1\" content=\"Escrito por\" \/>\n\t<meta name=\"twitter:data1\" content=\"Sergi\" \/>\n\t<meta name=\"twitter:label2\" content=\"Tiempo de lectura\" \/>\n\t<meta name=\"twitter:data2\" content=\"1 minuto\" \/>\n<script type=\"application\/ld+json\" class=\"yoast-schema-graph\">{\"@context\":\"https:\/\/schema.org\",\"@graph\":[{\"@type\":\"Article\",\"@id\":\"https:\/\/betarq.com\/es\/el-gobierno-aprueba-el-contrato-publico-para-la-construccion-de-la-biblioteca-publica-del-estado-en-barcelona\/#article\",\"isPartOf\":{\"@id\":\"https:\/\/betarq.com\/es\/el-gobierno-aprueba-el-contrato-publico-para-la-construccion-de-la-biblioteca-publica-del-estado-en-barcelona\/\"},\"author\":{\"name\":\"Sergi\",\"@id\":\"https:\/\/betarq.com\/es\/#\/schema\/person\/017ffc772a4d4f7713aa39af9d42dcac\"},\"headline\":\"El Gobierno aprueba el contrato p\u00fablico para la Construcci\u00f3n de la Biblioteca P\u00fablica del Estado en Barcelona\",\"datePublished\":\"2025-01-12T11:39:11+00:00\",\"dateModified\":\"2025-01-12T11:58:02+00:00\",\"mainEntityOfPage\":{\"@id\":\"https:\/\/betarq.com\/es\/el-gobierno-aprueba-el-contrato-publico-para-la-construccion-de-la-biblioteca-publica-del-estado-en-barcelona\/\"},\"wordCount\":93,\"publisher\":{\"@id\":\"https:\/\/betarq.com\/es\/#organization\"},\"image\":{\"@id\":\"https:\/\/betarq.com\/es\/el-gobierno-aprueba-el-contrato-publico-para-la-construccion-de-la-biblioteca-publica-del-estado-en-barcelona\/#primaryimage\"},\"thumbnailUrl\":\"https:\/\/betarq.com\/wp-content\/uploads\/2024\/05\/bibliobarcelona.jpg_1846101591-scaled.jpg\",\"articleSection\":[\"Sin categorizar\"],\"inLanguage\":\"es\"},{\"@type\":\"WebPage\",\"@id\":\"https:\/\/betarq.com\/es\/el-gobierno-aprueba-el-contrato-publico-para-la-construccion-de-la-biblioteca-publica-del-estado-en-barcelona\/\",\"url\":\"https:\/\/betarq.com\/es\/el-gobierno-aprueba-el-contrato-publico-para-la-construccion-de-la-biblioteca-publica-del-estado-en-barcelona\/\",\"name\":\"El Gobierno aprueba el contrato p\u00fablico para la Construcci\u00f3n de la Biblioteca P\u00fablica del Estado en Barcelona - Betarq\",\"isPartOf\":{\"@id\":\"https:\/\/betarq.com\/es\/#website\"},\"primaryImageOfPage\":{\"@id\":\"https:\/\/betarq.com\/es\/el-gobierno-aprueba-el-contrato-publico-para-la-construccion-de-la-biblioteca-publica-del-estado-en-barcelona\/#primaryimage\"},\"image\":{\"@id\":\"https:\/\/betarq.com\/es\/el-gobierno-aprueba-el-contrato-publico-para-la-construccion-de-la-biblioteca-publica-del-estado-en-barcelona\/#primaryimage\"},\"thumbnailUrl\":\"https:\/\/betarq.com\/wp-content\/uploads\/2024\/05\/bibliobarcelona.jpg_1846101591-scaled.jpg\",\"datePublished\":\"2025-01-12T11:39:11+00:00\",\"dateModified\":\"2025-01-12T11:58:02+00:00\",\"breadcrumb\":{\"@id\":\"https:\/\/betarq.com\/es\/el-gobierno-aprueba-el-contrato-publico-para-la-construccion-de-la-biblioteca-publica-del-estado-en-barcelona\/#breadcrumb\"},\"inLanguage\":\"es\",\"potentialAction\":[{\"@type\":\"ReadAction\",\"target\":[\"https:\/\/betarq.com\/es\/el-gobierno-aprueba-el-contrato-publico-para-la-construccion-de-la-biblioteca-publica-del-estado-en-barcelona\/\"]}]},{\"@type\":\"ImageObject\",\"inLanguage\":\"es\",\"@id\":\"https:\/\/betarq.com\/es\/el-gobierno-aprueba-el-contrato-publico-para-la-construccion-de-la-biblioteca-publica-del-estado-en-barcelona\/#primaryimage\",\"url\":\"https:\/\/betarq.com\/wp-content\/uploads\/2024\/05\/bibliobarcelona.jpg_1846101591-scaled.jpg\",\"contentUrl\":\"https:\/\/betarq.com\/wp-content\/uploads\/2024\/05\/bibliobarcelona.jpg_1846101591-scaled.jpg\",\"width\":2560,\"height\":1153},{\"@type\":\"BreadcrumbList\",\"@id\":\"https:\/\/betarq.com\/es\/el-gobierno-aprueba-el-contrato-publico-para-la-construccion-de-la-biblioteca-publica-del-estado-en-barcelona\/#breadcrumb\",\"itemListElement\":[{\"@type\":\"ListItem\",\"position\":1,\"name\":\"Portada\",\"item\":\"https:\/\/betarq.com\/es\/\"},{\"@type\":\"ListItem\",\"position\":2,\"name\":\"El Gobierno aprueba el contrato p\u00fablico para la Construcci\u00f3n de la Biblioteca P\u00fablica del Estado en Barcelona\"}]},{\"@type\":\"WebSite\",\"@id\":\"https:\/\/betarq.com\/es\/#website\",\"url\":\"https:\/\/betarq.com\/es\/\",\"name\":\"Betarq\",\"description\":\"\",\"publisher\":{\"@id\":\"https:\/\/betarq.com\/es\/#organization\"},\"potentialAction\":[{\"@type\":\"SearchAction\",\"target\":{\"@type\":\"EntryPoint\",\"urlTemplate\":\"https:\/\/betarq.com\/es\/?s={search_term_string}\"},\"query-input\":{\"@type\":\"PropertyValueSpecification\",\"valueRequired\":true,\"valueName\":\"search_term_string\"}}],\"inLanguage\":\"es\"},{\"@type\":\"Organization\",\"@id\":\"https:\/\/betarq.com\/es\/#organization\",\"name\":\"Betarq\",\"url\":\"https:\/\/betarq.com\/es\/\",\"logo\":{\"@type\":\"ImageObject\",\"inLanguage\":\"es\",\"@id\":\"https:\/\/betarq.com\/es\/#\/schema\/logo\/image\/\",\"url\":\"https:\/\/betarq.com\/wp-content\/uploads\/2023\/09\/logo-betarq.png\",\"contentUrl\":\"https:\/\/betarq.com\/wp-content\/uploads\/2023\/09\/logo-betarq.png\",\"width\":100,\"height\":75,\"caption\":\"Betarq\"},\"image\":{\"@id\":\"https:\/\/betarq.com\/es\/#\/schema\/logo\/image\/\"}},{\"@type\":\"Person\",\"@id\":\"https:\/\/betarq.com\/es\/#\/schema\/person\/017ffc772a4d4f7713aa39af9d42dcac\",\"name\":\"Sergi\",\"image\":{\"@type\":\"ImageObject\",\"inLanguage\":\"es\",\"@id\":\"https:\/\/betarq.com\/es\/#\/schema\/person\/image\/\",\"url\":\"https:\/\/secure.gravatar.com\/avatar\/1ce15b734c44e571b216965a0dfccd3f837b1efec35ae116f1d62b607078393f?s=96&d=mm&r=g\",\"contentUrl\":\"https:\/\/secure.gravatar.com\/avatar\/1ce15b734c44e571b216965a0dfccd3f837b1efec35ae116f1d62b607078393f?s=96&d=mm&r=g\",\"caption\":\"Sergi\"},\"url\":\"https:\/\/betarq.com\/es\/author\/sergi\/\"}]}<\/script>\n<!-- \/ Yoast SEO plugin. -->","yoast_head_json":{"title":"El Gobierno aprueba el contrato p\u00fablico para la Construcci\u00f3n de la Biblioteca P\u00fablica del Estado en Barcelona - Betarq","robots":{"index":"index","follow":"follow","max-snippet":"max-snippet:-1","max-image-preview":"max-image-preview:large","max-video-preview":"max-video-preview:-1"},"canonical":"https:\/\/betarq.com\/es\/el-gobierno-aprueba-el-contrato-publico-para-la-construccion-de-la-biblioteca-publica-del-estado-en-barcelona\/","og_locale":"es_ES","og_type":"article","og_title":"El Gobierno aprueba el contrato p\u00fablico para la Construcci\u00f3n de la Biblioteca P\u00fablica del Estado en Barcelona - Betarq","og_description":"Finalmente la nueva Biblioteca P\u00fablica del Estado en Barcelona ser\u00e1 una realidad, despu\u00e9s de que Betarq Group conjuntamente con el despacho Nitidus arquitectes fue adjudicataria en 2010 del Proyecto y Direcci\u00f3n de la Obra.","og_url":"https:\/\/betarq.com\/es\/el-gobierno-aprueba-el-contrato-publico-para-la-construccion-de-la-biblioteca-publica-del-estado-en-barcelona\/","og_site_name":"Betarq","article_published_time":"2025-01-12T11:39:11+00:00","article_modified_time":"2025-01-12T11:58:02+00:00","og_image":[{"width":2560,"height":1153,"url":"https:\/\/betarq.com\/wp-content\/uploads\/2024\/05\/bibliobarcelona.jpg_1846101591-scaled.jpg","type":"image\/jpeg"}],"author":"Sergi","twitter_card":"summary_large_image","twitter_misc":{"Escrito por":"Sergi","Tiempo de lectura":"1 minuto"},"schema":{"@context":"https:\/\/schema.org","@graph":[{"@type":"Article","@id":"https:\/\/betarq.com\/es\/el-gobierno-aprueba-el-contrato-publico-para-la-construccion-de-la-biblioteca-publica-del-estado-en-barcelona\/#article","isPartOf":{"@id":"https:\/\/betarq.com\/es\/el-gobierno-aprueba-el-contrato-publico-para-la-construccion-de-la-biblioteca-publica-del-estado-en-barcelona\/"},"author":{"name":"Sergi","@id":"https:\/\/betarq.com\/es\/#\/schema\/person\/017ffc772a4d4f7713aa39af9d42dcac"},"headline":"El Gobierno aprueba el contrato p\u00fablico para la Construcci\u00f3n de la Biblioteca P\u00fablica del Estado en Barcelona","datePublished":"2025-01-12T11:39:11+00:00","dateModified":"2025-01-12T11:58:02+00:00","mainEntityOfPage":{"@id":"https:\/\/betarq.com\/es\/el-gobierno-aprueba-el-contrato-publico-para-la-construccion-de-la-biblioteca-publica-del-estado-en-barcelona\/"},"wordCount":93,"publisher":{"@id":"https:\/\/betarq.com\/es\/#organization"},"image":{"@id":"https:\/\/betarq.com\/es\/el-gobierno-aprueba-el-contrato-publico-para-la-construccion-de-la-biblioteca-publica-del-estado-en-barcelona\/#primaryimage"},"thumbnailUrl":"https:\/\/betarq.com\/wp-content\/uploads\/2024\/05\/bibliobarcelona.jpg_1846101591-scaled.jpg","articleSection":["Sin categorizar"],"inLanguage":"es"},{"@type":"WebPage","@id":"https:\/\/betarq.com\/es\/el-gobierno-aprueba-el-contrato-publico-para-la-construccion-de-la-biblioteca-publica-del-estado-en-barcelona\/","url":"https:\/\/betarq.com\/es\/el-gobierno-aprueba-el-contrato-publico-para-la-construccion-de-la-biblioteca-publica-del-estado-en-barcelona\/","name":"El Gobierno aprueba el contrato p\u00fablico para la Construcci\u00f3n de la Biblioteca P\u00fablica del Estado en Barcelona - Betarq","isPartOf":{"@id":"https:\/\/betarq.com\/es\/#website"},"primaryImageOfPage":{"@id":"https:\/\/betarq.com\/es\/el-gobierno-aprueba-el-contrato-publico-para-la-construccion-de-la-biblioteca-publica-del-estado-en-barcelona\/#primaryimage"},"image":{"@id":"https:\/\/betarq.com\/es\/el-gobierno-aprueba-el-contrato-publico-para-la-construccion-de-la-biblioteca-publica-del-estado-en-barcelona\/#primaryimage"},"thumbnailUrl":"https:\/\/betarq.com\/wp-content\/uploads\/2024\/05\/bibliobarcelona.jpg_1846101591-scaled.jpg","datePublished":"2025-01-12T11:39:11+00:00","dateModified":"2025-01-12T11:58:02+00:00","breadcrumb":{"@id":"https:\/\/betarq.com\/es\/el-gobierno-aprueba-el-contrato-publico-para-la-construccion-de-la-biblioteca-publica-del-estado-en-barcelona\/#breadcrumb"},"inLanguage":"es","potentialAction":[{"@type":"ReadAction","target":["https:\/\/betarq.com\/es\/el-gobierno-aprueba-el-contrato-publico-para-la-construccion-de-la-biblioteca-publica-del-estado-en-barcelona\/"]}]},{"@type":"ImageObject","inLanguage":"es","@id":"https:\/\/betarq.com\/es\/el-gobierno-aprueba-el-contrato-publico-para-la-construccion-de-la-biblioteca-publica-del-estado-en-barcelona\/#primaryimage","url":"https:\/\/betarq.com\/wp-content\/uploads\/2024\/05\/bibliobarcelona.jpg_1846101591-scaled.jpg","contentUrl":"https:\/\/betarq.com\/wp-content\/uploads\/2024\/05\/bibliobarcelona.jpg_1846101591-scaled.jpg","width":2560,"height":1153},{"@type":"BreadcrumbList","@id":"https:\/\/betarq.com\/es\/el-gobierno-aprueba-el-contrato-publico-para-la-construccion-de-la-biblioteca-publica-del-estado-en-barcelona\/#breadcrumb","itemListElement":[{"@type":"ListItem","position":1,"name":"Portada","item":"https:\/\/betarq.com\/es\/"},{"@type":"ListItem","position":2,"name":"El Gobierno aprueba el contrato p\u00fablico para la Construcci\u00f3n de la Biblioteca P\u00fablica del Estado en Barcelona"}]},{"@type":"WebSite","@id":"https:\/\/betarq.com\/es\/#website","url":"https:\/\/betarq.com\/es\/","name":"Betarq","description":"","publisher":{"@id":"https:\/\/betarq.com\/es\/#organization"},"potentialAction":[{"@type":"SearchAction","target":{"@type":"EntryPoint","urlTemplate":"https:\/\/betarq.com\/es\/?s={search_term_string}"},"query-input":{"@type":"PropertyValueSpecification","valueRequired":true,"valueName":"search_term_string"}}],"inLanguage":"es"},{"@type":"Organization","@id":"https:\/\/betarq.com\/es\/#organization","name":"Betarq","url":"https:\/\/betarq.com\/es\/","logo":{"@type":"ImageObject","inLanguage":"es","@id":"https:\/\/betarq.com\/es\/#\/schema\/logo\/image\/","url":"https:\/\/betarq.com\/wp-content\/uploads\/2023\/09\/logo-betarq.png","contentUrl":"https:\/\/betarq.com\/wp-content\/uploads\/2023\/09\/logo-betarq.png","width":100,"height":75,"caption":"Betarq"},"image":{"@id":"https:\/\/betarq.com\/es\/#\/schema\/logo\/image\/"}},{"@type":"Person","@id":"https:\/\/betarq.com\/es\/#\/schema\/person\/017ffc772a4d4f7713aa39af9d42dcac","name":"Sergi","image":{"@type":"ImageObject","inLanguage":"es","@id":"https:\/\/betarq.com\/es\/#\/schema\/person\/image\/","url":"https:\/\/secure.gravatar.com\/avatar\/1ce15b734c44e571b216965a0dfccd3f837b1efec35ae116f1d62b607078393f?s=96&d=mm&r=g","contentUrl":"https:\/\/secure.gravatar.com\/avatar\/1ce15b734c44e571b216965a0dfccd3f837b1efec35ae116f1d62b607078393f?s=96&d=mm&r=g","caption":"Sergi"},"url":"https:\/\/betarq.com\/es\/author\/sergi\/"}]}},"_links":{"self":[{"href":"https:\/\/betarq.com\/es\/wp-json\/wp\/v2\/posts\/4408","targetHints":{"allow":["GET"]}}],"collection":[{"href":"https:\/\/betarq.com\/es\/wp-json\/wp\/v2\/posts"}],"about":[{"href":"https:\/\/betarq.com\/es\/wp-json\/wp\/v2\/types\/post"}],"author":[{"embeddable":true,"href":"https:\/\/betarq.com\/es\/wp-json\/wp\/v2\/users\/2"}],"replies":[{"embeddable":true,"href":"https:\/\/betarq.com\/es\/wp-json\/wp\/v2\/comments?post=4408"}],"version-history":[{"count":2,"href":"https:\/\/betarq.com\/es\/wp-json\/wp\/v2\/posts\/4408\/revisions"}],"predecessor-version":[{"id":4410,"href":"https:\/\/betarq.com\/es\/wp-json\/wp\/v2\/posts\/4408\/revisions\/4410"}],"wp:featuredmedia":[{"embeddable":true,"href":"https:\/\/betarq.com\/es\/wp-json\/wp\/v2\/media\/3965"}],"wp:attachment":[{"href":"https:\/\/betarq.com\/es\/wp-json\/wp\/v2\/media?parent=4408"}],"wp:term":[{"taxonomy":"category","embeddable":true,"href":"https:\/\/betarq.com\/es\/wp-json\/wp\/v2\/categories?post=4408"},{"taxonomy":"post_tag","embeddable":true,"href":"https:\/\/betarq.com\/es\/wp-json\/wp\/v2\/tags?post=4408"}],"curies":[{"name":"wp","href":"https:\/\/api.w.org\/{rel}","templated":true}]}}