{"id":5337,"date":"2026-04-08T13:54:19","date_gmt":"2026-04-08T11:54:19","guid":{"rendered":"https:\/\/betarq.com\/?p=5337"},"modified":"2026-04-08T14:04:57","modified_gmt":"2026-04-08T12:04:57","slug":"aq-fira-londres-presente-en-la-xxiii-edicion-de-los-premios-catalunya-construccion","status":"publish","type":"post","link":"https:\/\/betarq.com\/es\/aq-fira-londres-presente-en-la-xxiii-edicion-de-los-premios-catalunya-construccion\/","title":{"rendered":"AQ Fira Londres, presente en la XXIII edici\u00f3n de los Premios Catalunya Construcci\u00f3n"},"content":{"rendered":"<p><img loading=\"lazy\" decoding=\"async\" class=\"alignnone size-full wp-image-5330\" src=\"https:\/\/betarq.com\/wp-content\/uploads\/2026\/04\/premis.jpg\" alt=\"\" width=\"768\" height=\"677\" srcset=\"https:\/\/betarq.com\/wp-content\/uploads\/2026\/04\/premis.jpg 768w, https:\/\/betarq.com\/wp-content\/uploads\/2026\/04\/premis-300x264.jpg 300w\" sizes=\"auto, (max-width: 768px) 100vw, 768px\" \/><\/p>\n<p data-start=\"0\" data-end=\"297\">La obra del Edificio Londres de AQ Fira ha sido seleccionada en los Premios Catalunya Construcci\u00f3n, en el marco de la XXIII edici\u00f3n organizada por el Cateb. Este reconocimiento pone en valor el trabajo y la dedicaci\u00f3n de todos los profesionales implicados en el proceso constructivo.<\/p>\n<p data-start=\"299\" data-end=\"496\">Agradecemos esta iniciativa que da visibilidad a nuestra profesi\u00f3n y contribuye a destacar su importancia. Felicitamos a todos los finalistas y esperamos compartir juntos la Nit de la Construcci\u00f3n.<\/p>\n<div class=\"promotorpro campo\"><strong><span class=\"panegrita\">Promotor<\/span>: AQ Acentor<\/strong><\/div>\n<div class=\"projectistapro campo\"><strong><span class=\"panegrita\">Proyectista<\/span>: b01 arquitectes \/ On-a<\/strong><\/div>\n<div class=\"director_de_l_obrapro campo\"><strong><span class=\"panegrita\">Director de la obra<\/span>: b01 arquitectes \/ On-a<\/strong><\/div>\n<div class=\"director_dexecuciopro campo\"><strong><span class=\"panegrita\">Director de ejecuci\u00f3n<\/span>: Betarq Group<\/strong><\/div>\n<div class=\"coordinador_de_seguretat_i_saluttapro campo\"><strong><span class=\"panegrita\">Coordinador de Seguridad y salud<\/span>: Bureau Veritas<\/strong><\/div>\n<div class=\"contractistapro campo\"><strong><span class=\"panegrita\">Contratista<\/span>: VIAS<\/strong><\/div>\n<div><\/div>\n<p data-start=\"299\" data-end=\"496\"><span style=\"color: #ff0000;\"><strong><a style=\"color: #ff0000;\" href=\"https:\/\/www.cateb.cat\/finalistes-premis-26\/\">Finalistas Premis Catalunya Construcci\u00f3 2026<\/a><\/strong><\/span><\/p>\n","protected":false},"excerpt":{"rendered":"<p>La obra del Edificio Londres de AQ Fira ha sido seleccionada en los Premios Catalunya Construcci\u00f3n, en el marco de la XXIII edici\u00f3n organizada por el Cateb. Este reconocimiento pone en valor el trabajo y la dedicaci\u00f3n de todos los profesionales implicados en el proceso constructivo. Agradecemos esta iniciativa que da visibilidad a nuestra profesi\u00f3n&hellip;<\/p>\n","protected":false},"author":6,"featured_media":5330,"comment_status":"closed","ping_status":"open","sticky":false,"template":"","format":"standard","meta":{"_acf_changed":false,"inline_featured_image":false,"_monsterinsights_skip_tracking":false,"_monsterinsights_sitenote_active":false,"_monsterinsights_sitenote_note":"","_monsterinsights_sitenote_category":0,"footnotes":""},"categories":[18],"tags":[],"class_list":["post-5337","post","type-post","status-publish","format-standard","has-post-thumbnail","hentry","category-sin-categorizar","category-18","description-off"],"acf":[],"yoast_head":"<!-- This site is optimized with the Yoast SEO plugin v27.1.1 - https:\/\/yoast.com\/product\/yoast-seo-wordpress\/ -->\n<title>AQ Fira Londres, presente en la XXIII edici\u00f3n de los Premios Catalunya Construcci\u00f3n - Betarq<\/title>\n<meta name=\"robots\" content=\"index, follow, max-snippet:-1, max-image-preview:large, max-video-preview:-1\" \/>\n<link rel=\"canonical\" href=\"https:\/\/betarq.com\/es\/aq-fira-londres-presente-en-la-xxiii-edicion-de-los-premios-catalunya-construccion\/\" \/>\n<meta property=\"og:locale\" content=\"es_ES\" \/>\n<meta property=\"og:type\" content=\"article\" \/>\n<meta property=\"og:title\" content=\"AQ Fira Londres, presente en la XXIII edici\u00f3n de los Premios Catalunya Construcci\u00f3n - Betarq\" \/>\n<meta property=\"og:description\" content=\"La obra del Edificio Londres de AQ Fira ha sido seleccionada en los Premios Catalunya Construcci\u00f3n, en el marco de la XXIII edici\u00f3n organizada por el Cateb. Este reconocimiento pone en valor el trabajo y la dedicaci\u00f3n de todos los profesionales implicados en el proceso constructivo. Agradecemos esta iniciativa que da visibilidad a nuestra profesi\u00f3n&hellip;\" \/>\n<meta property=\"og:url\" content=\"https:\/\/betarq.com\/es\/aq-fira-londres-presente-en-la-xxiii-edicion-de-los-premios-catalunya-construccion\/\" \/>\n<meta property=\"og:site_name\" content=\"Betarq\" \/>\n<meta property=\"article:published_time\" content=\"2026-04-08T11:54:19+00:00\" \/>\n<meta property=\"article:modified_time\" content=\"2026-04-08T12:04:57+00:00\" \/>\n<meta property=\"og:image\" content=\"https:\/\/betarq.com\/wp-content\/uploads\/2026\/04\/premis.jpg\" \/>\n\t<meta property=\"og:image:width\" content=\"768\" \/>\n\t<meta property=\"og:image:height\" content=\"677\" \/>\n\t<meta property=\"og:image:type\" content=\"image\/jpeg\" \/>\n<meta name=\"author\" content=\"Sofia Ram\u00e9s\" \/>\n<meta name=\"twitter:card\" content=\"summary_large_image\" \/>\n<meta name=\"twitter:label1\" content=\"Escrito por\" \/>\n\t<meta name=\"twitter:data1\" content=\"Sofia Ram\u00e9s\" \/>\n\t<meta name=\"twitter:label2\" content=\"Tiempo de lectura\" \/>\n\t<meta name=\"twitter:data2\" content=\"1 minuto\" \/>\n<script type=\"application\/ld+json\" class=\"yoast-schema-graph\">{\"@context\":\"https:\/\/schema.org\",\"@graph\":[{\"@type\":\"Article\",\"@id\":\"https:\/\/betarq.com\/es\/aq-fira-londres-presente-en-la-xxiii-edicion-de-los-premios-catalunya-construccion\/#article\",\"isPartOf\":{\"@id\":\"https:\/\/betarq.com\/es\/aq-fira-londres-presente-en-la-xxiii-edicion-de-los-premios-catalunya-construccion\/\"},\"author\":{\"name\":\"Sofia Ram\u00e9s\",\"@id\":\"https:\/\/betarq.com\/es\/#\/schema\/person\/858b1560f7ad373324a5624687d67a5d\"},\"headline\":\"AQ Fira Londres, presente en la XXIII edici\u00f3n de los Premios Catalunya Construcci\u00f3n\",\"datePublished\":\"2026-04-08T11:54:19+00:00\",\"dateModified\":\"2026-04-08T12:04:57+00:00\",\"mainEntityOfPage\":{\"@id\":\"https:\/\/betarq.com\/es\/aq-fira-londres-presente-en-la-xxiii-edicion-de-los-premios-catalunya-construccion\/\"},\"wordCount\":128,\"publisher\":{\"@id\":\"https:\/\/betarq.com\/es\/#organization\"},\"image\":{\"@id\":\"https:\/\/betarq.com\/es\/aq-fira-londres-presente-en-la-xxiii-edicion-de-los-premios-catalunya-construccion\/#primaryimage\"},\"thumbnailUrl\":\"https:\/\/betarq.com\/wp-content\/uploads\/2026\/04\/premis.jpg\",\"articleSection\":[\"Sin categorizar\"],\"inLanguage\":\"es\"},{\"@type\":\"WebPage\",\"@id\":\"https:\/\/betarq.com\/es\/aq-fira-londres-presente-en-la-xxiii-edicion-de-los-premios-catalunya-construccion\/\",\"url\":\"https:\/\/betarq.com\/es\/aq-fira-londres-presente-en-la-xxiii-edicion-de-los-premios-catalunya-construccion\/\",\"name\":\"AQ Fira Londres, presente en la XXIII edici\u00f3n de los Premios Catalunya Construcci\u00f3n - Betarq\",\"isPartOf\":{\"@id\":\"https:\/\/betarq.com\/es\/#website\"},\"primaryImageOfPage\":{\"@id\":\"https:\/\/betarq.com\/es\/aq-fira-londres-presente-en-la-xxiii-edicion-de-los-premios-catalunya-construccion\/#primaryimage\"},\"image\":{\"@id\":\"https:\/\/betarq.com\/es\/aq-fira-londres-presente-en-la-xxiii-edicion-de-los-premios-catalunya-construccion\/#primaryimage\"},\"thumbnailUrl\":\"https:\/\/betarq.com\/wp-content\/uploads\/2026\/04\/premis.jpg\",\"datePublished\":\"2026-04-08T11:54:19+00:00\",\"dateModified\":\"2026-04-08T12:04:57+00:00\",\"breadcrumb\":{\"@id\":\"https:\/\/betarq.com\/es\/aq-fira-londres-presente-en-la-xxiii-edicion-de-los-premios-catalunya-construccion\/#breadcrumb\"},\"inLanguage\":\"es\",\"potentialAction\":[{\"@type\":\"ReadAction\",\"target\":[\"https:\/\/betarq.com\/es\/aq-fira-londres-presente-en-la-xxiii-edicion-de-los-premios-catalunya-construccion\/\"]}]},{\"@type\":\"ImageObject\",\"inLanguage\":\"es\",\"@id\":\"https:\/\/betarq.com\/es\/aq-fira-londres-presente-en-la-xxiii-edicion-de-los-premios-catalunya-construccion\/#primaryimage\",\"url\":\"https:\/\/betarq.com\/wp-content\/uploads\/2026\/04\/premis.jpg\",\"contentUrl\":\"https:\/\/betarq.com\/wp-content\/uploads\/2026\/04\/premis.jpg\",\"width\":768,\"height\":677},{\"@type\":\"BreadcrumbList\",\"@id\":\"https:\/\/betarq.com\/es\/aq-fira-londres-presente-en-la-xxiii-edicion-de-los-premios-catalunya-construccion\/#breadcrumb\",\"itemListElement\":[{\"@type\":\"ListItem\",\"position\":1,\"name\":\"Portada\",\"item\":\"https:\/\/betarq.com\/es\/\"},{\"@type\":\"ListItem\",\"position\":2,\"name\":\"AQ Fira Londres, presente en la XXIII edici\u00f3n de los Premios Catalunya Construcci\u00f3n\"}]},{\"@type\":\"WebSite\",\"@id\":\"https:\/\/betarq.com\/es\/#website\",\"url\":\"https:\/\/betarq.com\/es\/\",\"name\":\"Betarq\",\"description\":\"\",\"publisher\":{\"@id\":\"https:\/\/betarq.com\/es\/#organization\"},\"potentialAction\":[{\"@type\":\"SearchAction\",\"target\":{\"@type\":\"EntryPoint\",\"urlTemplate\":\"https:\/\/betarq.com\/es\/?s={search_term_string}\"},\"query-input\":{\"@type\":\"PropertyValueSpecification\",\"valueRequired\":true,\"valueName\":\"search_term_string\"}}],\"inLanguage\":\"es\"},{\"@type\":\"Organization\",\"@id\":\"https:\/\/betarq.com\/es\/#organization\",\"name\":\"Betarq\",\"url\":\"https:\/\/betarq.com\/es\/\",\"logo\":{\"@type\":\"ImageObject\",\"inLanguage\":\"es\",\"@id\":\"https:\/\/betarq.com\/es\/#\/schema\/logo\/image\/\",\"url\":\"https:\/\/betarq.com\/wp-content\/uploads\/2023\/09\/logo-betarq.png\",\"contentUrl\":\"https:\/\/betarq.com\/wp-content\/uploads\/2023\/09\/logo-betarq.png\",\"width\":100,\"height\":75,\"caption\":\"Betarq\"},\"image\":{\"@id\":\"https:\/\/betarq.com\/es\/#\/schema\/logo\/image\/\"}},{\"@type\":\"Person\",\"@id\":\"https:\/\/betarq.com\/es\/#\/schema\/person\/858b1560f7ad373324a5624687d67a5d\",\"name\":\"Sofia Ram\u00e9s\",\"image\":{\"@type\":\"ImageObject\",\"inLanguage\":\"es\",\"@id\":\"https:\/\/betarq.com\/es\/#\/schema\/person\/image\/\",\"url\":\"https:\/\/secure.gravatar.com\/avatar\/9d40b09d0a36440be81054c5fd4fd34687ed27bb8b1e1d16c9eb402eb9dc0ff0?s=96&d=mm&r=g\",\"contentUrl\":\"https:\/\/secure.gravatar.com\/avatar\/9d40b09d0a36440be81054c5fd4fd34687ed27bb8b1e1d16c9eb402eb9dc0ff0?s=96&d=mm&r=g\",\"caption\":\"Sofia Ram\u00e9s\"},\"sameAs\":[\"http:\/\/www.betarq.com\"],\"url\":\"https:\/\/betarq.com\/es\/author\/sofia-rames\/\"}]}<\/script>\n<!-- \/ Yoast SEO plugin. -->","yoast_head_json":{"title":"AQ Fira Londres, presente en la XXIII edici\u00f3n de los Premios Catalunya Construcci\u00f3n - Betarq","robots":{"index":"index","follow":"follow","max-snippet":"max-snippet:-1","max-image-preview":"max-image-preview:large","max-video-preview":"max-video-preview:-1"},"canonical":"https:\/\/betarq.com\/es\/aq-fira-londres-presente-en-la-xxiii-edicion-de-los-premios-catalunya-construccion\/","og_locale":"es_ES","og_type":"article","og_title":"AQ Fira Londres, presente en la XXIII edici\u00f3n de los Premios Catalunya Construcci\u00f3n - Betarq","og_description":"La obra del Edificio Londres de AQ Fira ha sido seleccionada en los Premios Catalunya Construcci\u00f3n, en el marco de la XXIII edici\u00f3n organizada por el Cateb. Este reconocimiento pone en valor el trabajo y la dedicaci\u00f3n de todos los profesionales implicados en el proceso constructivo. Agradecemos esta iniciativa que da visibilidad a nuestra profesi\u00f3n&hellip;","og_url":"https:\/\/betarq.com\/es\/aq-fira-londres-presente-en-la-xxiii-edicion-de-los-premios-catalunya-construccion\/","og_site_name":"Betarq","article_published_time":"2026-04-08T11:54:19+00:00","article_modified_time":"2026-04-08T12:04:57+00:00","og_image":[{"width":768,"height":677,"url":"https:\/\/betarq.com\/wp-content\/uploads\/2026\/04\/premis.jpg","type":"image\/jpeg"}],"author":"Sofia Ram\u00e9s","twitter_card":"summary_large_image","twitter_misc":{"Escrito por":"Sofia Ram\u00e9s","Tiempo de lectura":"1 minuto"},"schema":{"@context":"https:\/\/schema.org","@graph":[{"@type":"Article","@id":"https:\/\/betarq.com\/es\/aq-fira-londres-presente-en-la-xxiii-edicion-de-los-premios-catalunya-construccion\/#article","isPartOf":{"@id":"https:\/\/betarq.com\/es\/aq-fira-londres-presente-en-la-xxiii-edicion-de-los-premios-catalunya-construccion\/"},"author":{"name":"Sofia Ram\u00e9s","@id":"https:\/\/betarq.com\/es\/#\/schema\/person\/858b1560f7ad373324a5624687d67a5d"},"headline":"AQ Fira Londres, presente en la XXIII edici\u00f3n de los Premios Catalunya Construcci\u00f3n","datePublished":"2026-04-08T11:54:19+00:00","dateModified":"2026-04-08T12:04:57+00:00","mainEntityOfPage":{"@id":"https:\/\/betarq.com\/es\/aq-fira-londres-presente-en-la-xxiii-edicion-de-los-premios-catalunya-construccion\/"},"wordCount":128,"publisher":{"@id":"https:\/\/betarq.com\/es\/#organization"},"image":{"@id":"https:\/\/betarq.com\/es\/aq-fira-londres-presente-en-la-xxiii-edicion-de-los-premios-catalunya-construccion\/#primaryimage"},"thumbnailUrl":"https:\/\/betarq.com\/wp-content\/uploads\/2026\/04\/premis.jpg","articleSection":["Sin categorizar"],"inLanguage":"es"},{"@type":"WebPage","@id":"https:\/\/betarq.com\/es\/aq-fira-londres-presente-en-la-xxiii-edicion-de-los-premios-catalunya-construccion\/","url":"https:\/\/betarq.com\/es\/aq-fira-londres-presente-en-la-xxiii-edicion-de-los-premios-catalunya-construccion\/","name":"AQ Fira Londres, presente en la XXIII edici\u00f3n de los Premios Catalunya Construcci\u00f3n - Betarq","isPartOf":{"@id":"https:\/\/betarq.com\/es\/#website"},"primaryImageOfPage":{"@id":"https:\/\/betarq.com\/es\/aq-fira-londres-presente-en-la-xxiii-edicion-de-los-premios-catalunya-construccion\/#primaryimage"},"image":{"@id":"https:\/\/betarq.com\/es\/aq-fira-londres-presente-en-la-xxiii-edicion-de-los-premios-catalunya-construccion\/#primaryimage"},"thumbnailUrl":"https:\/\/betarq.com\/wp-content\/uploads\/2026\/04\/premis.jpg","datePublished":"2026-04-08T11:54:19+00:00","dateModified":"2026-04-08T12:04:57+00:00","breadcrumb":{"@id":"https:\/\/betarq.com\/es\/aq-fira-londres-presente-en-la-xxiii-edicion-de-los-premios-catalunya-construccion\/#breadcrumb"},"inLanguage":"es","potentialAction":[{"@type":"ReadAction","target":["https:\/\/betarq.com\/es\/aq-fira-londres-presente-en-la-xxiii-edicion-de-los-premios-catalunya-construccion\/"]}]},{"@type":"ImageObject","inLanguage":"es","@id":"https:\/\/betarq.com\/es\/aq-fira-londres-presente-en-la-xxiii-edicion-de-los-premios-catalunya-construccion\/#primaryimage","url":"https:\/\/betarq.com\/wp-content\/uploads\/2026\/04\/premis.jpg","contentUrl":"https:\/\/betarq.com\/wp-content\/uploads\/2026\/04\/premis.jpg","width":768,"height":677},{"@type":"BreadcrumbList","@id":"https:\/\/betarq.com\/es\/aq-fira-londres-presente-en-la-xxiii-edicion-de-los-premios-catalunya-construccion\/#breadcrumb","itemListElement":[{"@type":"ListItem","position":1,"name":"Portada","item":"https:\/\/betarq.com\/es\/"},{"@type":"ListItem","position":2,"name":"AQ Fira Londres, presente en la XXIII edici\u00f3n de los Premios Catalunya Construcci\u00f3n"}]},{"@type":"WebSite","@id":"https:\/\/betarq.com\/es\/#website","url":"https:\/\/betarq.com\/es\/","name":"Betarq","description":"","publisher":{"@id":"https:\/\/betarq.com\/es\/#organization"},"potentialAction":[{"@type":"SearchAction","target":{"@type":"EntryPoint","urlTemplate":"https:\/\/betarq.com\/es\/?s={search_term_string}"},"query-input":{"@type":"PropertyValueSpecification","valueRequired":true,"valueName":"search_term_string"}}],"inLanguage":"es"},{"@type":"Organization","@id":"https:\/\/betarq.com\/es\/#organization","name":"Betarq","url":"https:\/\/betarq.com\/es\/","logo":{"@type":"ImageObject","inLanguage":"es","@id":"https:\/\/betarq.com\/es\/#\/schema\/logo\/image\/","url":"https:\/\/betarq.com\/wp-content\/uploads\/2023\/09\/logo-betarq.png","contentUrl":"https:\/\/betarq.com\/wp-content\/uploads\/2023\/09\/logo-betarq.png","width":100,"height":75,"caption":"Betarq"},"image":{"@id":"https:\/\/betarq.com\/es\/#\/schema\/logo\/image\/"}},{"@type":"Person","@id":"https:\/\/betarq.com\/es\/#\/schema\/person\/858b1560f7ad373324a5624687d67a5d","name":"Sofia Ram\u00e9s","image":{"@type":"ImageObject","inLanguage":"es","@id":"https:\/\/betarq.com\/es\/#\/schema\/person\/image\/","url":"https:\/\/secure.gravatar.com\/avatar\/9d40b09d0a36440be81054c5fd4fd34687ed27bb8b1e1d16c9eb402eb9dc0ff0?s=96&d=mm&r=g","contentUrl":"https:\/\/secure.gravatar.com\/avatar\/9d40b09d0a36440be81054c5fd4fd34687ed27bb8b1e1d16c9eb402eb9dc0ff0?s=96&d=mm&r=g","caption":"Sofia Ram\u00e9s"},"sameAs":["http:\/\/www.betarq.com"],"url":"https:\/\/betarq.com\/es\/author\/sofia-rames\/"}]}},"_links":{"self":[{"href":"https:\/\/betarq.com\/es\/wp-json\/wp\/v2\/posts\/5337","targetHints":{"allow":["GET"]}}],"collection":[{"href":"https:\/\/betarq.com\/es\/wp-json\/wp\/v2\/posts"}],"about":[{"href":"https:\/\/betarq.com\/es\/wp-json\/wp\/v2\/types\/post"}],"author":[{"embeddable":true,"href":"https:\/\/betarq.com\/es\/wp-json\/wp\/v2\/users\/6"}],"replies":[{"embeddable":true,"href":"https:\/\/betarq.com\/es\/wp-json\/wp\/v2\/comments?post=5337"}],"version-history":[{"count":3,"href":"https:\/\/betarq.com\/es\/wp-json\/wp\/v2\/posts\/5337\/revisions"}],"predecessor-version":[{"id":5345,"href":"https:\/\/betarq.com\/es\/wp-json\/wp\/v2\/posts\/5337\/revisions\/5345"}],"wp:featuredmedia":[{"embeddable":true,"href":"https:\/\/betarq.com\/es\/wp-json\/wp\/v2\/media\/5330"}],"wp:attachment":[{"href":"https:\/\/betarq.com\/es\/wp-json\/wp\/v2\/media?parent=5337"}],"wp:term":[{"taxonomy":"category","embeddable":true,"href":"https:\/\/betarq.com\/es\/wp-json\/wp\/v2\/categories?post=5337"},{"taxonomy":"post_tag","embeddable":true,"href":"https:\/\/betarq.com\/es\/wp-json\/wp\/v2\/tags?post=5337"}],"curies":[{"name":"wp","href":"https:\/\/api.w.org\/{rel}","templated":true}]}}